{"id":18782,"date":"2026-08-31T08:16:13","date_gmt":"2026-08-31T06:16:13","guid":{"rendered":"https:\/\/www.frankensicht.de\/?p=18782"},"modified":"2026-08-31T08:16:13","modified_gmt":"2026-08-31T06:16:13","slug":"bayerns-arbeitsmarkt-im-august-aiwanger-fordert-bessere-rahmenbedingungen-fuer-neue-jobs","status":"publish","type":"post","link":"https:\/\/www.frankensicht.de\/?p=18782","title":{"rendered":"Bayerns Arbeitsmarkt im August: Aiwanger fordert bessere Rahmenbedingungen f\u00fcr neue Jobs"},"content":{"rendered":"<p>M\u00fcnchen:<\/p>\n<p>Bayerns Arbeitsmarkt im August: Aiwanger fordert bessere Rahmenbedingungen f\u00fcr neue Jobs<\/p>\n<p>Aiwanger: &#8222;Eine gute Ausbildung ist aktuell keine Jobgarantie mehr. Wir m\u00fcssen alles daransetzen, Investitionen zu f\u00f6rdern, damit aus Zur\u00fcckhaltung wieder Neueinstellungen werden&#8220;<\/p>\n<p><a href=\"https:\/\/www.frankensicht.de\/?attachment_id=1457\" rel=\"attachment wp-att-1457\"><img loading=\"lazy\" decoding=\"async\" class=\"alignnone size-full wp-image-1457\" src=\"https:\/\/www.frankensicht.de\/wp-content\/uploads\/2012\/05\/StatPressCN-\u2039-frankensicht.de-\u2014-WordPress_1336737358340.jpeg\" alt=\"\" width=\"235\" height=\"119\" \/><\/a><\/p>\n<p>Bayerns Wirtschaftsminister Hubert Aiwanger kommentiert die Arbeitsmarktzahlen f\u00fcr August 2026. Die Arbeitslosenquote in Bayern lag bei 4,3 Prozent und stieg damit gegen\u00fcber Juli um 0,2 Prozentpunkte. \u00a0 Aiwanger: \u201eDie Konjunktur zieht zwar wieder leicht an. Aber der Arbeitsmarkt ist nicht mehr so verl\u00e4sslich wie in den Vorjahren. Auch Menschen mit guter, solider Ausbildung erleben bei der Jobsuche wachsende H\u00fcrden. Die wirtschaftliche Lage ist herausfordernd, viele Unternehmen halten sich mit Neueinstellungen noch zur\u00fcck. Stellen werden deshalb nicht im erwarteten Umfang besetzt.\u201c \u00a0 Die wirtschaftliche Lage in Bayern bleibt angespannt. Die zahlreichen Krisen weltweit wirken sich auch auf Wirtschaft und Arbeitsmarkt im Freistaat aus. Zwar liegt die Arbeitslosenquote in Bayern weiterhin deutlich unter dem Bundesdurchschnitt von 6,5 Prozent. Dennoch haben zunehmend auch gut ausgebildete Fachkr\u00e4fte Schwierigkeiten, einen passenden Arbeitsplatz zu finden. \u00a0 Aiwanger: \u201eDiese Entwicklung zeigt: Die Bundesregierung muss endlich ihre Hausaufgaben machen. Wir brauchen deutlich bessere Rahmenbedingungen f\u00fcr Investitionen und Besch\u00e4ftigung. Aus Worten m\u00fcssen jetzt Taten werden. Wir m\u00fcssen die internationale Wettbewerbsf\u00e4higsf\u00e4higkeit durch Senkung der Lohnnebenkosten, niedrigere Kosten bei Energie, Steuern, flexiblere Arbeitszeiten, Automatisierung und B\u00fcrokratieabbau wieder herstellen. Die CO2-Steuer muss weg, um die Wirtschaft und die B\u00fcrger zu entlasten. Wenn die angek\u00fcndigten Reformen im Herbst endlich kommen, kann die Wirtschaft wieder Vertrauen fassen. Dann wird wieder mehr investiert und es entstehen wieder neue Arbeitspl\u00e4tze.\u201c \u00a0 In den bayerischen Regierungsbezirken lagen die Arbeitslosenquoten im August zwischen 3,9 Prozent in Schwaben und 4,9 Prozent in Mittelfranken. Damit lagen alle Regierungsbezirke deutlich unter dem Bundesdurchschnitt von 6,5 Prozent<\/p>\n<p>Quelle:stmwi.bayern.de<\/p>\n<p>&nbsp;<\/p>\n","protected":false},"excerpt":{"rendered":"<p>M\u00fcnchen: Bayerns Arbeitsmarkt im August: Aiwanger fordert bessere Rahmenbedingungen f\u00fcr neue Jobs Aiwanger: &#8222;Eine gute Ausbildung ist aktuell keine Jobgarantie mehr. Wir m\u00fcssen alles daransetzen, Investitionen zu f\u00f6rdern, damit aus Zur\u00fcckhaltung wieder Neueinstellungen werden&#8220; Bayerns Wirtschaftsminister Hubert Aiwanger kommentiert die Arbeitsmarktzahlen f\u00fcr August 2026. Die Arbeitslosenquote in Bayern lag bei 4,3 Prozent und stieg damit [&hellip;]<\/p>\n","protected":false},"author":7,"featured_media":1457,"comment_status":"closed","ping_status":"open","sticky":false,"template":"","format":"standard","meta":{"footnotes":""},"categories":[78,71],"tags":[4908],"class_list":["post-18782","post","type-post","status-publish","format-standard","has-post-thumbnail","hentry","category-bayern","category-menue","tag-arbeitsmarkt-august-2026"],"_links":{"self":[{"href":"https:\/\/www.frankensicht.de\/index.php?rest_route=\/wp\/v2\/posts\/18782","targetHints":{"allow":["GET"]}}],"collection":[{"href":"https:\/\/www.frankensicht.de\/index.php?rest_route=\/wp\/v2\/posts"}],"about":[{"href":"https:\/\/www.frankensicht.de\/index.php?rest_route=\/wp\/v2\/types\/post"}],"author":[{"embeddable":true,"href":"https:\/\/www.frankensicht.de\/index.php?rest_route=\/wp\/v2\/users\/7"}],"replies":[{"embeddable":true,"href":"https:\/\/www.frankensicht.de\/index.php?rest_route=%2Fwp%2Fv2%2Fcomments&post=18782"}],"version-history":[{"count":1,"href":"https:\/\/www.frankensicht.de\/index.php?rest_route=\/wp\/v2\/posts\/18782\/revisions"}],"predecessor-version":[{"id":18783,"href":"https:\/\/www.frankensicht.de\/index.php?rest_route=\/wp\/v2\/posts\/18782\/revisions\/18783"}],"wp:featuredmedia":[{"embeddable":true,"href":"https:\/\/www.frankensicht.de\/index.php?rest_route=\/wp\/v2\/media\/1457"}],"wp:attachment":[{"href":"https:\/\/www.frankensicht.de\/index.php?rest_route=%2Fwp%2Fv2%2Fmedia&parent=18782"}],"wp:term":[{"taxonomy":"category","embeddable":true,"href":"https:\/\/www.frankensicht.de\/index.php?rest_route=%2Fwp%2Fv2%2Fcategories&post=18782"},{"taxonomy":"post_tag","embeddable":true,"href":"https:\/\/www.frankensicht.de\/index.php?rest_route=%2Fwp%2Fv2%2Ftags&post=18782"}],"curies":[{"name":"wp","href":"https:\/\/api.w.org\/{rel}","templated":true}]}}