{"id":18415,"date":"2026-05-02T08:45:45","date_gmt":"2026-05-02T06:45:45","guid":{"rendered":"https:\/\/www.frankensicht.de\/?p=18415"},"modified":"2026-05-02T08:45:45","modified_gmt":"2026-05-02T06:45:45","slug":"veranstaltungsreihe-regio-puls","status":"publish","type":"post","link":"https:\/\/www.frankensicht.de\/?p=18415","title":{"rendered":"Veranstaltungsreihe Regio.PULS"},"content":{"rendered":"<p><span style=\"color: #ff0000;\">Augsburg:<\/span><\/p>\n<p>Veranstaltungsreihe Regio.PULS<\/p>\n<p>Bayerns Wirtschaftsstaatssekret\u00e4r vernetzt in Augsburg wichtige Akteure der Regionalentwicklung Gotthardt: &#8222;Der Name ist Programm &#8211; mit Regio.PULS sind wir am Puls der Zeit. Jede Region hat ihre eigenen St\u00e4rken, die wir gemeinsam f\u00f6rdern und voranbringen wollen&#8220; Bayerns Wirtschaftsstaatssekret\u00e4r Tobias Gotthardt bei der Veranstaltung Regio.PULS in Augsburg.<\/p>\n<p><a href=\"https:\/\/www.frankensicht.de\/?attachment_id=18416\" rel=\"attachment wp-att-18416\"><img loading=\"lazy\" decoding=\"async\" class=\"alignnone size-medium wp-image-18416\" src=\"https:\/\/www.frankensicht.de\/wp-content\/uploads\/2026\/04\/102193_350xauto-300x200.jpg\" alt=\"\" width=\"300\" height=\"200\" srcset=\"https:\/\/www.frankensicht.de\/wp-content\/uploads\/2026\/04\/102193_350xauto-300x200.jpg 300w, https:\/\/www.frankensicht.de\/wp-content\/uploads\/2026\/04\/102193_350xauto.jpg 350w\" sizes=\"auto, (max-width: 300px) 100vw, 300px\" \/><\/a><\/p>\n<p>Foto: M. Gellert<\/p>\n<p>Zur Veranstaltungsreihe Regio.PULS hat Bayerns Wirtschaftsstaatssekret\u00e4r Tobias Gotthardt Experten aus Schwaben und Oberbayern zusammengebracht, um \u00fcber eine erfolgreiche Regionalentwicklung zu sprechen. \u00a0 Gotthardt erkl\u00e4rte: &#8222;Der Name ist Programm &#8211; mit Regio.PULS sind wir am Puls der Zeit. Wir gehen direkt in die Regionen, h\u00f6ren rein und diskutieren gemeinsam \u00fcber Ideen zur St\u00e4rkung der lokalen Wirtschaft. Die Frage ist, wie wir den Wandel in den Regionen so lenken, dass der Wirtschaftsstandort profitiert. Jede Region hat ihre eigenen St\u00e4rken, die wir gemeinsam f\u00f6rdern und voranbringen wollen.&#8220; \u00a0 Schwaben und Oberbayern haben besondere Standortvorteile, aber auch Herausforderungen. Der Wirtschaftsraum Augsburg A\u00b3 wird von Seiten des Regionalmanagements zus\u00e4tzlich mit der Sonderf\u00f6rderung Transformationsprozesse in H\u00f6he von 150.000 Euro pro Projektjahr unterst\u00fctzt. Viele Unternehmen in der Region, ob gro\u00dfe Traditionsunternehmen oder innovative Mittelst\u00e4ndler, stehen unter Druck. Nicht nur im Bereich der industriellen Produktion sind Stellenabbau und bayernweit \u00fcberdurchschnittliche Unternehmensinsolvenzen zu verzeichnen. Das Regionalmanagement unterst\u00fctzt die Unternehmen in der Region insbesondere im Bereich der Innovations- und Kooperationsf\u00f6rderung. Ein Schwerpunkt liegt dabei auf dem Themenfeld Wasserstoff. \u00a0 &#8222;Unsere Regionalmanager sind vor Ort und unterst\u00fctzen dabei, Herausforderungen und Chancen zusammenzubringen. Die Regionalmanagementf\u00f6rderung ist deutschlandweit einzigartig. Die rund 60 regionalen Initiativen in Bayern setzen mehr als 200 Projekte um, unter anderem zur nachhaltigen Gestaltung von Gewerbegebieten, neuen Wohnformen im l\u00e4ndlichen Raum und zur F\u00f6rderung von Zukunftstechnologien, wie etwa dem Wasserstoffsektor. Ich bin jedes Mal begeistert von den vielen Ideen und H\u00e4nden, die engagiert die Zukunft vor Ort anpacken&#8220;, betonte der Staatssekret\u00e4r. \u00a0 Im Rahmen der Regionalmanagementf\u00f6rderung k\u00f6nnen Projekte aus den Handlungsfeldern demografischer Wandel, Wettbewerbsf\u00e4higkeit, Siedlungsentwicklung, regionale Identit\u00e4t und Klimawandel umgesetzt werden. Das deutschlandweit einzigartige F\u00f6rderprogramm baut auf gute Projektideen aus der Region und starke Netzwerke. \u00a0 Die dreiteilige Veranstaltungsreihe Regio.PULS startete in Landshut. Die Abschlussveranstaltung findet am 4. Mai 2026 mit Staatssekret\u00e4r Gotthardt in Bayreuth statt.<\/p>\n","protected":false},"excerpt":{"rendered":"<p>Augsburg: Veranstaltungsreihe Regio.PULS Bayerns Wirtschaftsstaatssekret\u00e4r vernetzt in Augsburg wichtige Akteure der Regionalentwicklung Gotthardt: &#8222;Der Name ist Programm &#8211; mit Regio.PULS sind wir am Puls der Zeit. Jede Region hat ihre eigenen St\u00e4rken, die wir gemeinsam f\u00f6rdern und voranbringen wollen&#8220; Bayerns Wirtschaftsstaatssekret\u00e4r Tobias Gotthardt bei der Veranstaltung Regio.PULS in Augsburg. Foto: M. Gellert Zur Veranstaltungsreihe Regio.PULS [&hellip;]<\/p>\n","protected":false},"author":7,"featured_media":18416,"comment_status":"closed","ping_status":"open","sticky":false,"template":"","format":"standard","meta":{"footnotes":""},"categories":[78,71],"tags":[4820],"class_list":["post-18415","post","type-post","status-publish","format-standard","has-post-thumbnail","hentry","category-bayern","category-menue","tag-regio-plus"],"_links":{"self":[{"href":"https:\/\/www.frankensicht.de\/index.php?rest_route=\/wp\/v2\/posts\/18415","targetHints":{"allow":["GET"]}}],"collection":[{"href":"https:\/\/www.frankensicht.de\/index.php?rest_route=\/wp\/v2\/posts"}],"about":[{"href":"https:\/\/www.frankensicht.de\/index.php?rest_route=\/wp\/v2\/types\/post"}],"author":[{"embeddable":true,"href":"https:\/\/www.frankensicht.de\/index.php?rest_route=\/wp\/v2\/users\/7"}],"replies":[{"embeddable":true,"href":"https:\/\/www.frankensicht.de\/index.php?rest_route=%2Fwp%2Fv2%2Fcomments&post=18415"}],"version-history":[{"count":1,"href":"https:\/\/www.frankensicht.de\/index.php?rest_route=\/wp\/v2\/posts\/18415\/revisions"}],"predecessor-version":[{"id":18417,"href":"https:\/\/www.frankensicht.de\/index.php?rest_route=\/wp\/v2\/posts\/18415\/revisions\/18417"}],"wp:featuredmedia":[{"embeddable":true,"href":"https:\/\/www.frankensicht.de\/index.php?rest_route=\/wp\/v2\/media\/18416"}],"wp:attachment":[{"href":"https:\/\/www.frankensicht.de\/index.php?rest_route=%2Fwp%2Fv2%2Fmedia&parent=18415"}],"wp:term":[{"taxonomy":"category","embeddable":true,"href":"https:\/\/www.frankensicht.de\/index.php?rest_route=%2Fwp%2Fv2%2Fcategories&post=18415"},{"taxonomy":"post_tag","embeddable":true,"href":"https:\/\/www.frankensicht.de\/index.php?rest_route=%2Fwp%2Fv2%2Ftags&post=18415"}],"curies":[{"name":"wp","href":"https:\/\/api.w.org\/{rel}","templated":true}]}}