{"id":18404,"date":"2026-04-28T08:45:09","date_gmt":"2026-04-28T06:45:09","guid":{"rendered":"https:\/\/www.frankensicht.de\/?p=18404"},"modified":"2026-04-28T08:45:09","modified_gmt":"2026-04-28T06:45:09","slug":"energieminister-aiwanger-nimmt-neuen-batteriegrossspeicher-in-altheim-in-betrieb","status":"publish","type":"post","link":"https:\/\/www.frankensicht.de\/?p=18404","title":{"rendered":"Energieminister Aiwanger nimmt neuen Batteriegro\u00dfspeicher in Altheim in Betrieb"},"content":{"rendered":"<p><span style=\"color: #ff0000;\">ALTHEIM \/ LK. LANDSHUT:<\/span><\/p>\n<p>Energieminister Aiwanger nimmt neuen Batteriegro\u00dfspeicher in Altheim in Betrieb<\/p>\n<p>Aiwanger: &#8222;Wenn mehr Strom erzeugt als gerade ben\u00f6tigt wird, darf dieser \u00dcberschuss nicht verloren gehen. Daf\u00fcr brauchen wir Gro\u00dfspeicher&#8220; Wirtschaftsminister Hubert Aiwanger nimmt zusammen mit Michael Forstner, Vorstandsvorsitzender der \u00dcZW Energie AG (2.v.l.), Peter Dreier, Landrat des LKs Landshut (links) sowie Hans-Dieter Neubauer, 1. B\u00fcrgermeister Marktgemeinde Essenbach (rechts) den neuen Gro\u00dfspeicher in Altheim offiziell in Betrieb.<\/p>\n<p><a href=\"https:\/\/www.frankensicht.de\/?attachment_id=18407\" rel=\"attachment wp-att-18407\"><img loading=\"lazy\" decoding=\"async\" class=\"alignnone size-medium wp-image-18407\" src=\"https:\/\/www.frankensicht.de\/wp-content\/uploads\/2026\/04\/102191_o-300x200.jpg\" alt=\"\" width=\"300\" height=\"200\" srcset=\"https:\/\/www.frankensicht.de\/wp-content\/uploads\/2026\/04\/102191_o-300x200.jpg 300w, https:\/\/www.frankensicht.de\/wp-content\/uploads\/2026\/04\/102191_o.jpg 600w\" sizes=\"auto, (max-width: 300px) 100vw, 300px\" \/><\/a><\/p>\n<p>Foto: StMWi.<\/p>\n<p>Bayerns Wirtschafts- und Energieminister Hubert Aiwanger hat heute den Batteriegro\u00dfspeicher der \u00dcZW Energie AG in Altheim offiziell in Betrieb genommen. Mit einer Leistung von 4 Megawatt (MW) und einer Speicherkapazit\u00e4t von 8 Megawattstunden (MWh) wird die Anlage k\u00fcnftig einen wichtigen Beitrag zur Stabilisierung des regionalen Stromnetzes leisten. &#8222;Der Ausbau von Gro\u00dfspeichern wie hier in Altheim ist sehr wichtig, weil sie Stromerzeugung und Verbrauch kurzfristig ausgleichen&#8220;, betonte der Minister. &#8222;Wenn mehr Strom erzeugt als gerade ben\u00f6tigt wird, darf dieser \u00dcberschuss nicht verloren gehen. Gro\u00dfe Batteriespeicher sind deshalb entscheidend, um ihn aufzunehmen und sp\u00e4ter wieder nutzbar zu machen. Gleichzeitig entlasten sie die Stromnetze und k\u00f6nnen langfristig auch dazu beitragen, die Strompreise zu stabilisieren oder zu senken.\u201c \u00a0 Mit dem fortschreitenden Ausbau von erneuerbaren Energien wie Wind- und Solarstrom steigt die Bedeutung von Energiespeichern deutlich an. Sie erm\u00f6glichen es, Strom\u00fcbersch\u00fcsse zwischenzuspeichern und bei Bedarf wieder ins Netz einzuspeisen. Dadurch k\u00f6nnen Netzengp\u00e4sse reduziert und die Versorgungssicherheit erh\u00f6ht werden. \u00a0 Aiwanger erkl\u00e4rte: \u201eWenn man sich Bayern heute anschaut, sieht man, dass wir bei den Speichern schon gut unterwegs sind. Der Gro\u00dfteil der Kapazit\u00e4ten steckt aktuell in Heimspeichern, w\u00e4hrend gro\u00dfe Batteriespeicher und auch Pumpspeicher noch deutlich weniger Anteil haben. Genau deshalb m\u00fcssen wir insbesondere die Gro\u00dfspeicher noch st\u00e4rker ausbauen, denn letztlich braucht es alle drei Speicherarten f\u00fcr ein flexibles und verl\u00e4ssliches Energiesystem. Mit unserer Bayerischen Speicherstrategie aus dem Jahr 2024 haben wir deshalb festgelegt, wie wir alle Speicherarten weiterentwickeln.\u201c \u00a0 Bayern ist im Bereich der Batteriespeicher bereits heute bundesweit f\u00fchrend. Insgesamt stehen im Freistaat rund 3,4 Gigawatt (GW) an Speicherkapazit\u00e4t sowie ein Speicherverm\u00f6gen von etwa 5,6 Gigawattstunden (GWh) zur Verf\u00fcgung.\u00a0 Das Batteriegro\u00dfspeicher-Projekt wurde von der \u00dcZW Energie AG umgesetzt. Als Lieferant fungiert die BayWa r.e., w\u00e4hrend die Batteriesysteme vom Hersteller Huawei stammen. Die Gesamtinvestition bel\u00e4uft sich auf rund 2,9 Millionen Euro.<\/p>\n<p>Quelle:stmwi.bayern.de<\/p>\n","protected":false},"excerpt":{"rendered":"<p>ALTHEIM \/ LK. LANDSHUT: Energieminister Aiwanger nimmt neuen Batteriegro\u00dfspeicher in Altheim in Betrieb Aiwanger: &#8222;Wenn mehr Strom erzeugt als gerade ben\u00f6tigt wird, darf dieser \u00dcberschuss nicht verloren gehen. Daf\u00fcr brauchen wir Gro\u00dfspeicher&#8220; Wirtschaftsminister Hubert Aiwanger nimmt zusammen mit Michael Forstner, Vorstandsvorsitzender der \u00dcZW Energie AG (2.v.l.), Peter Dreier, Landrat des LKs Landshut (links) sowie Hans-Dieter [&hellip;]<\/p>\n","protected":false},"author":7,"featured_media":18407,"comment_status":"closed","ping_status":"open","sticky":false,"template":"","format":"standard","meta":{"footnotes":""},"categories":[78,71],"tags":[4818],"class_list":["post-18404","post","type-post","status-publish","format-standard","has-post-thumbnail","hentry","category-bayern","category-menue","tag-batteriegrossspeicher"],"_links":{"self":[{"href":"https:\/\/www.frankensicht.de\/index.php?rest_route=\/wp\/v2\/posts\/18404","targetHints":{"allow":["GET"]}}],"collection":[{"href":"https:\/\/www.frankensicht.de\/index.php?rest_route=\/wp\/v2\/posts"}],"about":[{"href":"https:\/\/www.frankensicht.de\/index.php?rest_route=\/wp\/v2\/types\/post"}],"author":[{"embeddable":true,"href":"https:\/\/www.frankensicht.de\/index.php?rest_route=\/wp\/v2\/users\/7"}],"replies":[{"embeddable":true,"href":"https:\/\/www.frankensicht.de\/index.php?rest_route=%2Fwp%2Fv2%2Fcomments&post=18404"}],"version-history":[{"count":2,"href":"https:\/\/www.frankensicht.de\/index.php?rest_route=\/wp\/v2\/posts\/18404\/revisions"}],"predecessor-version":[{"id":18408,"href":"https:\/\/www.frankensicht.de\/index.php?rest_route=\/wp\/v2\/posts\/18404\/revisions\/18408"}],"wp:featuredmedia":[{"embeddable":true,"href":"https:\/\/www.frankensicht.de\/index.php?rest_route=\/wp\/v2\/media\/18407"}],"wp:attachment":[{"href":"https:\/\/www.frankensicht.de\/index.php?rest_route=%2Fwp%2Fv2%2Fmedia&parent=18404"}],"wp:term":[{"taxonomy":"category","embeddable":true,"href":"https:\/\/www.frankensicht.de\/index.php?rest_route=%2Fwp%2Fv2%2Fcategories&post=18404"},{"taxonomy":"post_tag","embeddable":true,"href":"https:\/\/www.frankensicht.de\/index.php?rest_route=%2Fwp%2Fv2%2Ftags&post=18404"}],"curies":[{"name":"wp","href":"https:\/\/api.w.org\/{rel}","templated":true}]}}