{"id":18385,"date":"2026-04-21T08:29:22","date_gmt":"2026-04-21T06:29:22","guid":{"rendered":"https:\/\/www.frankensicht.de\/?p=18385"},"modified":"2026-04-21T08:29:22","modified_gmt":"2026-04-21T06:29:22","slug":"bayerns-wirtschaftsminister-zu-unternehmensbesuchen-und-gespraechen-in-oesterreich","status":"publish","type":"post","link":"https:\/\/www.frankensicht.de\/?p=18385","title":{"rendered":"Bayerns Wirtschaftsminister zu Unternehmensbesuchen und Gespr\u00e4chen in \u00d6sterreich"},"content":{"rendered":"<p><span style=\"color: #ff0000;\">M\u00fcnchen:<\/span><\/p>\n<p>Bayerns Wirtschaftsminister zu Unternehmensbesuchen und Gespr\u00e4chen in \u00d6sterreich<\/p>\n<p>Aiwanger: &#8222;Die wirtschaftliche Zusammenarbeit mit \u00d6sterreich entwickelt sich sehr dynamisch. Wir wollen diese starke Achse gezielt ausbauen&#8220; WIEN \u2013 Bayerns Wirtschafts- und Energieminister Hubert Aiwanger reist am 22. und 23. April mit einer Expertendelegation nach Steyr und Wien. Im Zentrum des \u00d6sterreich-Besuchs steht die Zukunft der Industrie \u2013 mit besonderem Fokus auf Mobilit\u00e4t, Automotive und strategische Schl\u00fcsseltechnologien. \u00a0 Aiwanger: \u201eDie wirtschaftliche Zusammenarbeit mit \u00d6sterreich entwickelt sich sehr dynamisch.\u00a0\u00d6sterreich ist f\u00fcr Bayern der wichtigste Partner in Europa \u2013 und das in wirtschaftlich herausfordernden Zeiten. Wir wollen diese starke Achse gezielt ausbauen. Entscheidend ist jetzt, gemeinsam Tempo zu machen: bei Hochtechnologie, bei Wasserstoff, bei Digitalisierung und K\u00fcnstlicher Intelligenz \u2013 und vor allem bei sicherer und bezahlbarer Energie.\u201c \u00a0 Mit Blick auf die aktuelle Lage der Industrie betont Aiwanger: \u201eUnsere Unternehmen brauchen Planungssicherheit, wettbewerbsf\u00e4hige Energiepreise und weniger B\u00fcrokratie. Bayern und \u00d6sterreich k\u00f6nnen hier gemeinsam ein starkes industriepolitisches Signal in Europa setzen.\u201c \u00a0 Am Mittwoch besucht der Staatsminister gemeinsam mit dem ober\u00f6sterreichischen Wirtschaftslandesrat Markus Achleitner das weltweit gr\u00f6\u00dfte BMW-Motorenwerk in Steyr sowie den Automatisierungsspezialisten HEITEC Systemtechnik.<\/p>\n<p><a href=\"https:\/\/www.frankensicht.de\/?attachment_id=18386\" rel=\"attachment wp-att-18386\"><img loading=\"lazy\" decoding=\"async\" class=\"alignnone size-full wp-image-18386\" src=\"https:\/\/www.frankensicht.de\/wp-content\/uploads\/2026\/04\/oesterreich.png\" alt=\"\" width=\"250\" height=\"167\" \/><\/a><\/p>\n<p>Am Donnerstag spricht Aiwanger beim Bayerisch-\u00d6sterreichischen Industriedialog und besichtigt das Produktionswerk von Rheinmetall MAN Military Vehicles in Wien. Dar\u00fcber hinaus sind politische Gespr\u00e4che mit \u00d6sterreichs Bundesminister f\u00fcr Innovation, Mobilit\u00e4t und Infrastruktur, Peter Hanke, sowie mit dem steirischen Wirtschaftslandesrat Willibald Ehrenh\u00f6fer geplant. \u00a0 Hintergrund: Im Jahr 2025 wuchs das bilaterale Handelsvolumen von Bayern und \u00d6sterreich auf 36,5 Milliarden Euro. Damit ist \u00d6sterreich Bayerns wichtigster Handelspartner in Europa &#8211; und weltweit die Nummer 3 nach China und den USA. Wichtigste Handelsg\u00fcter sind Fahrzeuge, elektrotechnische Erzeugnisse, Maschinen und Produkte der Ern\u00e4hrungswirtschaft.\u00a0 Die enge wirtschaftliche Verflechtung zeigt sich auch in der Unternehmenslandschaft: Mehr als 6.000 bayerische Firmen sind in \u00d6sterreich aktiv, 563 mit eigenen Niederlassungen. Gleichzeitig sind rund 800 \u00f6sterreichische Unternehmen im Freistaat vertreten.<\/p>\n<p>Quelle:stmwi.bayern.de<\/p>\n","protected":false},"excerpt":{"rendered":"<p>M\u00fcnchen: Bayerns Wirtschaftsminister zu Unternehmensbesuchen und Gespr\u00e4chen in \u00d6sterreich Aiwanger: &#8222;Die wirtschaftliche Zusammenarbeit mit \u00d6sterreich entwickelt sich sehr dynamisch. Wir wollen diese starke Achse gezielt ausbauen&#8220; WIEN \u2013 Bayerns Wirtschafts- und Energieminister Hubert Aiwanger reist am 22. und 23. April mit einer Expertendelegation nach Steyr und Wien. Im Zentrum des \u00d6sterreich-Besuchs steht die Zukunft der [&hellip;]<\/p>\n","protected":false},"author":7,"featured_media":18386,"comment_status":"closed","ping_status":"open","sticky":false,"template":"","format":"standard","meta":{"footnotes":""},"categories":[78,71],"tags":[917,458],"class_list":["post-18385","post","type-post","status-publish","format-standard","has-post-thumbnail","hentry","category-bayern","category-menue","tag-bayern-2","tag-osterreich"],"_links":{"self":[{"href":"https:\/\/www.frankensicht.de\/index.php?rest_route=\/wp\/v2\/posts\/18385","targetHints":{"allow":["GET"]}}],"collection":[{"href":"https:\/\/www.frankensicht.de\/index.php?rest_route=\/wp\/v2\/posts"}],"about":[{"href":"https:\/\/www.frankensicht.de\/index.php?rest_route=\/wp\/v2\/types\/post"}],"author":[{"embeddable":true,"href":"https:\/\/www.frankensicht.de\/index.php?rest_route=\/wp\/v2\/users\/7"}],"replies":[{"embeddable":true,"href":"https:\/\/www.frankensicht.de\/index.php?rest_route=%2Fwp%2Fv2%2Fcomments&post=18385"}],"version-history":[{"count":1,"href":"https:\/\/www.frankensicht.de\/index.php?rest_route=\/wp\/v2\/posts\/18385\/revisions"}],"predecessor-version":[{"id":18387,"href":"https:\/\/www.frankensicht.de\/index.php?rest_route=\/wp\/v2\/posts\/18385\/revisions\/18387"}],"wp:featuredmedia":[{"embeddable":true,"href":"https:\/\/www.frankensicht.de\/index.php?rest_route=\/wp\/v2\/media\/18386"}],"wp:attachment":[{"href":"https:\/\/www.frankensicht.de\/index.php?rest_route=%2Fwp%2Fv2%2Fmedia&parent=18385"}],"wp:term":[{"taxonomy":"category","embeddable":true,"href":"https:\/\/www.frankensicht.de\/index.php?rest_route=%2Fwp%2Fv2%2Fcategories&post=18385"},{"taxonomy":"post_tag","embeddable":true,"href":"https:\/\/www.frankensicht.de\/index.php?rest_route=%2Fwp%2Fv2%2Ftags&post=18385"}],"curies":[{"name":"wp","href":"https:\/\/api.w.org\/{rel}","templated":true}]}}