{"id":18286,"date":"2026-03-10T08:42:50","date_gmt":"2026-03-10T07:42:50","guid":{"rendered":"https:\/\/www.frankensicht.de\/?p=18286"},"modified":"2026-03-10T08:42:50","modified_gmt":"2026-03-10T07:42:50","slug":"aiwanger-fordert-bei-spitzengespraech-mit-merz-entschlossene-entlastung-der-wirtschaft","status":"publish","type":"post","link":"https:\/\/www.frankensicht.de\/?p=18286","title":{"rendered":"Aiwanger fordert bei Spitzengespr\u00e4ch mit Merz entschlossene Entlastung der Wirtschaft"},"content":{"rendered":"<p><span style=\"color: #ff0000;\">M\u00fcnchen:<\/span><\/p>\n<p>Aiwanger fordert bei Spitzengespr\u00e4ch mit Merz entschlossene Entlastung der Wirtschaft<\/p>\n<p>Aiwanger: &#8222;Die Bundesregierung muss endlich vom Ank\u00fcndigungsmodus in den Handlungsmodus wechseln&#8220;<\/p>\n<p><a href=\"https:\/\/www.frankensicht.de\/?attachment_id=4845\" rel=\"attachment wp-att-4845\"><img loading=\"lazy\" decoding=\"async\" class=\"alignnone size-medium wp-image-4845\" src=\"https:\/\/www.frankensicht.de\/wp-content\/uploads\/2012\/12\/1euro-300x225.jpg\" alt=\"\" width=\"300\" height=\"225\" srcset=\"https:\/\/www.frankensicht.de\/wp-content\/uploads\/2012\/12\/1euro-300x225.jpg 300w, https:\/\/www.frankensicht.de\/wp-content\/uploads\/2012\/12\/1euro.jpg 640w\" sizes=\"auto, (max-width: 300px) 100vw, 300px\" \/><\/a><\/p>\n<p>Anl\u00e4sslich des Spitzengespr\u00e4chs von Bundeskanzler Friedrich Merz mit den Spitzenverb\u00e4nden der deutschen Wirtschaft in M\u00fcnchen fordert Bayerns Wirtschaftsminister Hubert Aiwanger schnelle und mutige Reformen zur St\u00e4rkung des Wirtschaftsstandorts Deutschland. \u00a0 Aiwanger: \u201eDie Wirtschaft schl\u00e4gt Alarm \u2013 und das v\u00f6llig zu Recht. Nach Jahren der Stagnation steht Deutschland wirtschaftlich unter massivem Druck. Wenn jetzt auch noch die Folgen des Irankriegs und steigende \u00d6lpreise hinzukommen, drohen ein Einbruch der Wirtschaftsleistung und neue Inflationssch\u00fcbe. Die Bundesregierung muss endlich vom Ank\u00fcndigungsmodus in den Handlungsmodus wechseln.\u201c \u00a0 Der Wirtschaftsminister fordert von der Bundesregierung konkrete Entlastungsschritte f\u00fcr Unternehmen, Mittelstand und Besch\u00e4ftigte: CO -Bepreisung stoppen, um Energiepreise zu senken und Betriebe zu entlasten Erbschaftsteuer abschaffen, damit Familienbetriebe nicht durch Steuerlasten gef\u00e4hrdet werden B\u00fcrgergeld f\u00fcr Arbeitsunwillige streichen, um Arbeitsanreize zu st\u00e4rken Einkommensteuer senken, damit sich Leistung wieder st\u00e4rker lohnt Arbeitszeiten flexibilisieren, um Betrieben und Besch\u00e4ftigten mehr Spielraum zu geben Aiwanger fordert, dass das Spitzengespr\u00e4ch konkrete politische Entscheidungen nach sich zieht: \u201eDie Wirtschaft erwartet zu Recht Ergebnisse. 2026 darf kein weiteres Jahr der Ausreden werden. Deutschland braucht jetzt einen echten wirtschaftspolitischen Befreiungsschlag.\u201c<\/p>\n<p>Quelle:stmwi.bayern.de<\/p>\n","protected":false},"excerpt":{"rendered":"<p>M\u00fcnchen: Aiwanger fordert bei Spitzengespr\u00e4ch mit Merz entschlossene Entlastung der Wirtschaft Aiwanger: &#8222;Die Bundesregierung muss endlich vom Ank\u00fcndigungsmodus in den Handlungsmodus wechseln&#8220; Anl\u00e4sslich des Spitzengespr\u00e4chs von Bundeskanzler Friedrich Merz mit den Spitzenverb\u00e4nden der deutschen Wirtschaft in M\u00fcnchen fordert Bayerns Wirtschaftsminister Hubert Aiwanger schnelle und mutige Reformen zur St\u00e4rkung des Wirtschaftsstandorts Deutschland. \u00a0 Aiwanger: \u201eDie Wirtschaft [&hellip;]<\/p>\n","protected":false},"author":7,"featured_media":4845,"comment_status":"closed","ping_status":"open","sticky":false,"template":"","format":"standard","meta":{"footnotes":""},"categories":[78,71],"tags":[4787],"class_list":["post-18286","post","type-post","status-publish","format-standard","has-post-thumbnail","hentry","category-bayern","category-menue","tag-wirtschaftsentlastung"],"_links":{"self":[{"href":"https:\/\/www.frankensicht.de\/index.php?rest_route=\/wp\/v2\/posts\/18286","targetHints":{"allow":["GET"]}}],"collection":[{"href":"https:\/\/www.frankensicht.de\/index.php?rest_route=\/wp\/v2\/posts"}],"about":[{"href":"https:\/\/www.frankensicht.de\/index.php?rest_route=\/wp\/v2\/types\/post"}],"author":[{"embeddable":true,"href":"https:\/\/www.frankensicht.de\/index.php?rest_route=\/wp\/v2\/users\/7"}],"replies":[{"embeddable":true,"href":"https:\/\/www.frankensicht.de\/index.php?rest_route=%2Fwp%2Fv2%2Fcomments&post=18286"}],"version-history":[{"count":1,"href":"https:\/\/www.frankensicht.de\/index.php?rest_route=\/wp\/v2\/posts\/18286\/revisions"}],"predecessor-version":[{"id":18287,"href":"https:\/\/www.frankensicht.de\/index.php?rest_route=\/wp\/v2\/posts\/18286\/revisions\/18287"}],"wp:featuredmedia":[{"embeddable":true,"href":"https:\/\/www.frankensicht.de\/index.php?rest_route=\/wp\/v2\/media\/4845"}],"wp:attachment":[{"href":"https:\/\/www.frankensicht.de\/index.php?rest_route=%2Fwp%2Fv2%2Fmedia&parent=18286"}],"wp:term":[{"taxonomy":"category","embeddable":true,"href":"https:\/\/www.frankensicht.de\/index.php?rest_route=%2Fwp%2Fv2%2Fcategories&post=18286"},{"taxonomy":"post_tag","embeddable":true,"href":"https:\/\/www.frankensicht.de\/index.php?rest_route=%2Fwp%2Fv2%2Ftags&post=18286"}],"curies":[{"name":"wp","href":"https:\/\/api.w.org\/{rel}","templated":true}]}}