{"id":18282,"date":"2026-03-13T08:37:02","date_gmt":"2026-03-13T07:37:02","guid":{"rendered":"https:\/\/www.frankensicht.de\/?p=18282"},"modified":"2026-03-13T08:37:02","modified_gmt":"2026-03-13T07:37:02","slug":"bundestag-beschliesst-aufnahme-des-wolfs-in-das-bundesjagdgesetz","status":"publish","type":"post","link":"https:\/\/www.frankensicht.de\/?p=18282","title":{"rendered":"Bundestag beschlie\u00dft Aufnahme des Wolfs in das Bundesjagdgesetz"},"content":{"rendered":"<p><span style=\"color: #ff0000;\">Berlin:<\/span><\/p>\n<p>Pressemitteilung des Bundesministeriums f\u00fcr Landwirtschaft, Ern\u00e4hrung und Heimat<\/p>\n<p>Bundestag beschlie\u00dft Aufnahme des Wolfs in das Bundesjagdgesetz<br \/>\n\u2022 Rechtssichere Entnahme von W\u00f6lfen<br \/>\n\u2022 Herdenschutzma\u00dfnahmen werden gest\u00e4rkt<br \/>\n\u2022 Ausweisung von Weidegebieten zur Entnahme von W\u00f6lfen (z.B. in der alpinen Region)<\/p>\n<p><a href=\"https:\/\/www.frankensicht.de\/?attachment_id=17914\" rel=\"attachment wp-att-17914\"><img loading=\"lazy\" decoding=\"async\" class=\"alignnone size-medium wp-image-17914\" src=\"https:\/\/www.frankensicht.de\/wp-content\/uploads\/2025\/10\/P1010818-300x225.jpg\" alt=\"\" width=\"300\" height=\"225\" srcset=\"https:\/\/www.frankensicht.de\/wp-content\/uploads\/2025\/10\/P1010818-300x225.jpg 300w, https:\/\/www.frankensicht.de\/wp-content\/uploads\/2025\/10\/P1010818.jpg 640w\" sizes=\"auto, (max-width: 300px) 100vw, 300px\" \/><\/a><\/p>\n<p>Der Deutsche Bundestag hat heute den von Bundeslandwirtschaftsminister Alois Rainer vorgelegten Gesetzentwurf zur Aufnahme des Wolfes in das Bundesjagdgesetz (BJagdG) beschlossen. Damit wird der Schutz von Weidetieren verbessert und der pr\u00e4ventive Herdenschutz gest\u00e4rkt. Durch die Gesetzes\u00e4nderung k\u00f6nnen die L\u00e4nder in Regionen mit hoher Wolfsdichte und g\u00fcnstigem Erhaltungszustand ein Bestandsmanagement einf\u00fchren. Wo W\u00f6lfe Herdenschutzma\u00dfnahmen \u00fcberwinden, k\u00f6nnen sie rechtssicher entnommen werden. In Gebieten, in denen pr\u00e4ventiver Herdenschutz unzumutbar ist \u2013 etwa in der alpinen Region \u2013 ist eine Entnahme zur Vermeidung von Weidetierrissen ebenfalls m\u00f6glich.<\/p>\n<p>Dazu sagt der Bundesminister f\u00fcr Landwirtschaft, Ern\u00e4hrung und Heimat, Alois Rainer: \u201eVielerorts ist die Bedrohung der Weidetiere durch den Wolf bittere Realit\u00e4t. Das wurde in den letzten Wochen durch Berichte \u00fcber zahlreiche Risse schmerzhaft deutlich. F\u00fcr Tierhalter bedeutet jeder Riss nicht nur einen wirtschaftlichen Verlust, sondern auch eine enorme emotionale Belastung. Die Aufnahme des Wolfs ins Bundesjagdgesetz bringt Rechtssicherheit und klare, praktikable Regeln. Diese Bundesregierung hat schnell gehandelt, wie versprochen, wie im Koalitionsvertrag vereinbart. Bis zum Almauftrieb ist der Wolf im Jagdgesetz \u2013 das ist mein Ziel. Auch dort, wo Z\u00e4une und Herdenschutzhunde an ihre Grenzen kommen, kann bald zielgenau gehandelt werden, wie beispielsweise in der alpinen Region.\u201c<\/p>\n<p>Im Einzelnen sieht der Gesetzentwurf folgende Regelungen vor:<br \/>\n\u2022 Regionales Bestandsmanagement: Mit der Aufnahme des Wolfs in das BJagdG wird den L\u00e4ndern die M\u00f6glichkeit eines regionalen Bestandsmanagements gegeben. Das bedeutet: In Regionen mit hohen Wolfszahlen, wo der g\u00fcnstige Erhaltungszustand festgestellt wurde, k\u00f6nnen Managementpl\u00e4ne aufgestellt und so die Zahl der regional lebenden W\u00f6lfe reguliert werden. In diesem Rahmen ist eine Jagdzeit von 1. Juli bis 31. Oktober vorgesehen.<br \/>\n\u2022 Entnahme von W\u00f6lfen: Haben W\u00f6lfe Herdenschutzma\u00dfnahmen \u00fcberwunden und Weidetiere verletzt oder get\u00f6tet, ist eine leichtere, rechtssichere Entnahme der W\u00f6lfe, unabh\u00e4ngig vom Erhaltungszustand, m\u00f6glich.<br \/>\n\u2022 Ausweisung von Weidegebieten: In einigen Regionen Deutschlands ist pr\u00e4ventiver Herdenschutz, zum Beispiel das Aufstellen von Z\u00e4unen, aufgrund der geografischen Gegebenheiten, wie Hangneigung, Bodenbeschaffenheit oder Lage an Gew\u00e4ssern nicht m\u00f6glich. Das ist beispielsweise in den Alpen (Almwiesen) oder an den K\u00fcsten (Deiche) der Fall. Die Bundesl\u00e4nder bekommen nun die M\u00f6glichkeit, bestimmte Weidegebiete auszuweisen, um hier den Schutz der Weidetiere durch die Entnahme der W\u00f6lfe sicherzustellen.<br \/>\n\u2022 Finanzierung Herdenschutz: Derzeit ist die Finanzierung von Herdenschutzma\u00dfnahmen \u00fcber die Gemeinschaftsaufgabe Agrarstruktur und K\u00fcstenschutz (GAK) geregelt. Wir \u00fcberpr\u00fcfen diese Regelungen mit dem Ziel, Verbesserungen bei der F\u00f6rderung des Herdenschutzes zu erzielen.<br \/>\n\u2022 Bericht an den Bundestag: Nach f\u00fcnf Jahren berichtet die Bundesregierung dem Deutschen Bundestag, inwieweit sich die Regelungen bew\u00e4hrt haben.<br \/>\n\u2022 Kein Handel mit Wolfstroph\u00e4en: Die Regeln der EU-Artenschutzverordnung gelten auch weiterhin f\u00fcr den Wolf: Damit sind Zurschaustellung und Handel mit toten W\u00f6lfen auch k\u00fcnftig verboten.<\/p>\n<p>Hintergrund:<br \/>\nDie Wolfsbest\u00e4nde in Europa sind in den vergangenen zehn Jahren stark gewachsen \u2013 von 11.200 Tieren im Jahr 2012 auf \u00fcber 20.300 im Jahr 2023. In Deutschland leben derzeit 219 Wolfsrudel, vor allem in Brandenburg, Niedersachsen und Sachsen. Parallel dazu steigt die Zahl der Wolfrisse: Im Jahr 2024 wurden rund 4.300 Nutztiere, \u00fcberwiegend Schafe und Ziegen, von W\u00f6lfen gerissen, zum Teil trotz der weiterhin wichtigen Herdenschutzma\u00dfnahmen wie Z\u00e4unen und Herdenschutzhunden.<\/p>\n<p>Deutschland hat der EU-Kommission dieses Jahr den \u201eg\u00fcnstigen Erhaltungszustand\u201c des Wolfs in der atlantischen und der kontinentalen Region gemeldet. Damit sind die Voraussetzungen gegeben, um den L\u00e4ndern in Regionen mit einem guten Erhaltungszustand die M\u00f6glichkeit zu geben, ein regionales Wolfsmanagement einzuf\u00fchren. Mit der Aufnahme des Wolfs in das Bundesjagdgesetz und den entsprechenden Anpassungen im Bundesnaturschutzgesetz ist daf\u00fcr die rechtliche Grundlage geschaffen. Bereits Anfang des Jahres war der Wolf von \u201estreng gesch\u00fctzt\u201c auf \u201egesch\u00fctzt\u201c in der Berner Konvention herabgestuft worden.<\/p>\n<p>Quelle:bmleh.bund.de<\/p>\n","protected":false},"excerpt":{"rendered":"<p>Berlin: Pressemitteilung des Bundesministeriums f\u00fcr Landwirtschaft, Ern\u00e4hrung und Heimat Bundestag beschlie\u00dft Aufnahme des Wolfs in das Bundesjagdgesetz \u2022 Rechtssichere Entnahme von W\u00f6lfen \u2022 Herdenschutzma\u00dfnahmen werden gest\u00e4rkt \u2022 Ausweisung von Weidegebieten zur Entnahme von W\u00f6lfen (z.B. in der alpinen Region) Der Deutsche Bundestag hat heute den von Bundeslandwirtschaftsminister Alois Rainer vorgelegten Gesetzentwurf zur Aufnahme des Wolfes [&hellip;]<\/p>\n","protected":false},"author":7,"featured_media":17914,"comment_status":"closed","ping_status":"open","sticky":false,"template":"","format":"standard","meta":{"footnotes":""},"categories":[44,3],"tags":[4785,4169],"class_list":["post-18282","post","type-post","status-publish","format-standard","has-post-thumbnail","hentry","category-deutschland-2","category-news","tag-bundesjagdgesetz","tag-wolf"],"_links":{"self":[{"href":"https:\/\/www.frankensicht.de\/index.php?rest_route=\/wp\/v2\/posts\/18282","targetHints":{"allow":["GET"]}}],"collection":[{"href":"https:\/\/www.frankensicht.de\/index.php?rest_route=\/wp\/v2\/posts"}],"about":[{"href":"https:\/\/www.frankensicht.de\/index.php?rest_route=\/wp\/v2\/types\/post"}],"author":[{"embeddable":true,"href":"https:\/\/www.frankensicht.de\/index.php?rest_route=\/wp\/v2\/users\/7"}],"replies":[{"embeddable":true,"href":"https:\/\/www.frankensicht.de\/index.php?rest_route=%2Fwp%2Fv2%2Fcomments&post=18282"}],"version-history":[{"count":1,"href":"https:\/\/www.frankensicht.de\/index.php?rest_route=\/wp\/v2\/posts\/18282\/revisions"}],"predecessor-version":[{"id":18283,"href":"https:\/\/www.frankensicht.de\/index.php?rest_route=\/wp\/v2\/posts\/18282\/revisions\/18283"}],"wp:featuredmedia":[{"embeddable":true,"href":"https:\/\/www.frankensicht.de\/index.php?rest_route=\/wp\/v2\/media\/17914"}],"wp:attachment":[{"href":"https:\/\/www.frankensicht.de\/index.php?rest_route=%2Fwp%2Fv2%2Fmedia&parent=18282"}],"wp:term":[{"taxonomy":"category","embeddable":true,"href":"https:\/\/www.frankensicht.de\/index.php?rest_route=%2Fwp%2Fv2%2Fcategories&post=18282"},{"taxonomy":"post_tag","embeddable":true,"href":"https:\/\/www.frankensicht.de\/index.php?rest_route=%2Fwp%2Fv2%2Ftags&post=18282"}],"curies":[{"name":"wp","href":"https:\/\/api.w.org\/{rel}","templated":true}]}}