{"id":18280,"date":"2026-03-07T08:48:11","date_gmt":"2026-03-07T07:48:11","guid":{"rendered":"https:\/\/www.frankensicht.de\/?p=18280"},"modified":"2026-03-08T09:03:34","modified_gmt":"2026-03-08T08:03:34","slug":"staatsminister-begruesst-siemens-entscheidung-fuer-den-standort-amberg","status":"publish","type":"post","link":"https:\/\/www.frankensicht.de\/?p=18280","title":{"rendered":"Staatsminister begr\u00fc\u00dft Siemens-Entscheidung f\u00fcr den Standort Amberg"},"content":{"rendered":"<p><span style=\"color: #ff0000;\">M\u00fcnchen:<\/span><\/p>\n<p>Staatsminister begr\u00fc\u00dft Siemens-Entscheidung f\u00fcr den Standort Amberg<\/p>\n<p>Aiwanger: &#8222;Die Siemens-Zukunftsfabrik in Amberg ist ein starkes Bekenntnis zum Standort Bayern und eine weitsichtige Entscheidung f\u00fcr die Perspektive des Unternehmens&#8220;<\/p>\n<p>Bayerns Wirtschaftsminister Hubert Aiwanger hat die Ank\u00fcndigung einer Investition von 200 Millionen Euro durch Siemens am Standort Amberg begr\u00fc\u00dft. Das Unternehmen plant dort den Bau einer KI-basierten, digitalisierten und automatisierten Zukunftsfabrik. Die rund 2.400 Besch\u00e4ftigten in Amberg sollen in den digitalen Wandel einbezogen werden.<\/p>\n<p><a href=\"https:\/\/www.frankensicht.de\/?attachment_id=16349\" rel=\"attachment wp-att-16349\"><img loading=\"lazy\" decoding=\"async\" class=\"alignnone size-medium wp-image-16349\" src=\"https:\/\/www.frankensicht.de\/wp-content\/uploads\/2014\/09\/cropped-bayern-300x113.png\" alt=\"\" width=\"300\" height=\"113\" srcset=\"https:\/\/www.frankensicht.de\/wp-content\/uploads\/2014\/09\/cropped-bayern-300x113.png 300w, https:\/\/www.frankensicht.de\/wp-content\/uploads\/2014\/09\/cropped-bayern-1024x384.png 1024w, https:\/\/www.frankensicht.de\/wp-content\/uploads\/2014\/09\/cropped-bayern-768x288.png 768w, https:\/\/www.frankensicht.de\/wp-content\/uploads\/2014\/09\/cropped-bayern-1536x576.png 1536w, https:\/\/www.frankensicht.de\/wp-content\/uploads\/2014\/09\/cropped-bayern.png 1600w\" sizes=\"auto, (max-width: 300px) 100vw, 300px\" \/><\/a><\/p>\n<p>Aiwanger: \u201eDiese Investitionsentscheidung von Siemens ist ein klares Bekenntnis zum Fertigungs- und Entwicklungsstandort Bayern. Sie zeigt, wo unsere St\u00e4rken liegen: bei KI, Robotik und Automatisierung \u2013 kurz: bei Hightech in Verbindung mit hochqualifizierten Mitarbeitern und exzellenter Forschung. Das ist eine weitsichtige Entscheidung f\u00fcr die Zukunft eines f\u00fcr den Freistaat sehr wichtigen Unternehmens. Ich freue mich f\u00fcr die Besch\u00e4ftigten und f\u00fcr den Standort. Gerne begleiten wir Siemens bei Bedarf bei allen relevanten Themen.\u201c \u00a0 Bayerns Wirtschaftsministerium hat in den vergangenen zehn Jahren Investitionen in der Oberpfalz mehr als 300 Millionen Euro aus den Mitteln der gewerblichen Regionalf\u00f6rderung unterst\u00fctzt. Die \u201eDigitale Gr\u00fcnderinitiative Oberpfalz\u201c mit Standorten in Amberg, Regensburg und Weiden wird mit etwa drei Millionen Euro gef\u00f6rdert.<\/p>\n<p>Quelle:stmwi.bayern.de<\/p>\n","protected":false},"excerpt":{"rendered":"<p>M\u00fcnchen: Staatsminister begr\u00fc\u00dft Siemens-Entscheidung f\u00fcr den Standort Amberg Aiwanger: &#8222;Die Siemens-Zukunftsfabrik in Amberg ist ein starkes Bekenntnis zum Standort Bayern und eine weitsichtige Entscheidung f\u00fcr die Perspektive des Unternehmens&#8220; Bayerns Wirtschaftsminister Hubert Aiwanger hat die Ank\u00fcndigung einer Investition von 200 Millionen Euro durch Siemens am Standort Amberg begr\u00fc\u00dft. Das Unternehmen plant dort den Bau einer [&hellip;]<\/p>\n","protected":false},"author":7,"featured_media":16349,"comment_status":"closed","ping_status":"open","sticky":false,"template":"","format":"standard","meta":{"footnotes":""},"categories":[78,71],"tags":[3912,4784],"class_list":["post-18280","post","type-post","status-publish","format-standard","has-post-thumbnail","hentry","category-bayern","category-menue","tag-amberg","tag-siemens"],"_links":{"self":[{"href":"https:\/\/www.frankensicht.de\/index.php?rest_route=\/wp\/v2\/posts\/18280","targetHints":{"allow":["GET"]}}],"collection":[{"href":"https:\/\/www.frankensicht.de\/index.php?rest_route=\/wp\/v2\/posts"}],"about":[{"href":"https:\/\/www.frankensicht.de\/index.php?rest_route=\/wp\/v2\/types\/post"}],"author":[{"embeddable":true,"href":"https:\/\/www.frankensicht.de\/index.php?rest_route=\/wp\/v2\/users\/7"}],"replies":[{"embeddable":true,"href":"https:\/\/www.frankensicht.de\/index.php?rest_route=%2Fwp%2Fv2%2Fcomments&post=18280"}],"version-history":[{"count":1,"href":"https:\/\/www.frankensicht.de\/index.php?rest_route=\/wp\/v2\/posts\/18280\/revisions"}],"predecessor-version":[{"id":18281,"href":"https:\/\/www.frankensicht.de\/index.php?rest_route=\/wp\/v2\/posts\/18280\/revisions\/18281"}],"wp:featuredmedia":[{"embeddable":true,"href":"https:\/\/www.frankensicht.de\/index.php?rest_route=\/wp\/v2\/media\/16349"}],"wp:attachment":[{"href":"https:\/\/www.frankensicht.de\/index.php?rest_route=%2Fwp%2Fv2%2Fmedia&parent=18280"}],"wp:term":[{"taxonomy":"category","embeddable":true,"href":"https:\/\/www.frankensicht.de\/index.php?rest_route=%2Fwp%2Fv2%2Fcategories&post=18280"},{"taxonomy":"post_tag","embeddable":true,"href":"https:\/\/www.frankensicht.de\/index.php?rest_route=%2Fwp%2Fv2%2Ftags&post=18280"}],"curies":[{"name":"wp","href":"https:\/\/api.w.org\/{rel}","templated":true}]}}