{"id":18276,"date":"2026-03-05T08:58:13","date_gmt":"2026-03-05T07:58:13","guid":{"rendered":"https:\/\/www.frankensicht.de\/?p=18276"},"modified":"2026-03-05T08:58:13","modified_gmt":"2026-03-05T07:58:13","slug":"irankrieg-bayerns-wirtschaftsminister-fordert-schnelle-entlastung-der-wirtschaft-und-buerger-bei-co2-bepreisung","status":"publish","type":"post","link":"https:\/\/www.frankensicht.de\/?p=18276","title":{"rendered":"Irankrieg: Bayerns Wirtschaftsminister fordert schnelle Entlastung der Wirtschaft und B\u00fcrger bei CO2-Bepreisung"},"content":{"rendered":"<p><span style=\"color: #ff0000;\">M\u00fcnchen:<\/span><\/p>\n<p>Irankrieg: Bayerns Wirtschaftsminister fordert schnelle Entlastung der Wirtschaft und B\u00fcrger bei CO2-Bepreisung<\/p>\n<p>Aiwanger: &#8222;Der Bund kann die Preissteigerung f\u00fcr \u00d6l und Gas sofort durch einen Stopp der CO2-Steuer abmildern &#8211; teilfinanziert beispielsweise durch Verzicht auf die Kaufpr\u00e4mie f\u00fcr E-Autos&#8220;<\/p>\n<p><a href=\"https:\/\/www.frankensicht.de\/?attachment_id=12050\" rel=\"attachment wp-att-12050\"><img loading=\"lazy\" decoding=\"async\" class=\"alignnone size-medium wp-image-12050\" src=\"https:\/\/www.frankensicht.de\/wp-content\/uploads\/2018\/11\/e-tankstelle-300x225.jpg\" alt=\"\" width=\"300\" height=\"225\" srcset=\"https:\/\/www.frankensicht.de\/wp-content\/uploads\/2018\/11\/e-tankstelle-300x225.jpg 300w, https:\/\/www.frankensicht.de\/wp-content\/uploads\/2018\/11\/e-tankstelle.jpg 640w\" sizes=\"auto, (max-width: 300px) 100vw, 300px\" \/><\/a><\/p>\n<p>Der Krieg im Iran hat in den letzten Tagen zu massiven Preissteigerungen bei Gas sowie \u00d6l und Unsicherheiten f\u00fcr Transportketten gef\u00fchrt. Die Spritpreise an den Tankstellen gehen durch die Decke. Bayerns Wirtschafts- und Energieminister fordert deshalb vom Bund und der EU, die heimische Wirtschaft und die B\u00fcrger so weit wie m\u00f6glich zu entlasten: &#8222;Unsere Wirtschaft steht ohnehin unter enormem Wettbewerbsdruck. Seit dem 28. Februar sch\u00fcren der Irankrieg und die Handelsblockade der Wasserstra\u00dfe von Hormus weitere Unsicherheiten. Innerhalb k\u00fcrzester Zeit ist der Preis f\u00fcr Erdgas um mehr als 50 Prozent gestiegen, der Preis f\u00fcr \u00d6l um knapp 10 Prozent. Damit ist die Belastungsgrenze f\u00fcr unsere Wirtschaft und vor allem f\u00fcr die energieintensiven Betriebe \u00fcberschritten. Die B\u00fcrger m\u00fcssen immer mehr Geld f\u00fcrs Tanken und Heizen hinbl\u00e4ttern, steigende Inflation wird Sparguthaben aufzehren, wenn die Politik jetzt nicht gegensteuert. Die CO2-Steuer als Preistreiber auch f\u00fcr den Transport und damit die G\u00fcter des t\u00e4glichen Bedarfs muss schnellstm\u00f6glich ausgesetzt werden.&#8220; \u00a0 Ein l\u00e4nger andauernder Energiepreis-Schock k\u00f6nnte die Inflation erneut anheizen. Das gerade einsetzende leichte Wirtschaftswachstum k\u00f6nnte dadurch deutlich abgeschw\u00e4cht werden. Aus diesem Grund fordert Aiwanger: \u201eDer Bund und die EU m\u00fcssen schnell reagieren und die Kostenbelastung f\u00fcr unsere Wirtschaft reduzieren. Konkret muss die nationale CO2-Steuer sofort gestoppt werden. Damit w\u00e4re der Sprit sofort um 15 bis 20 Cent g\u00fcnstiger. Finanzieren k\u00f6nnte der Bund diese Steuersenkung teilweise, indem beispielsweise auf die ohnehin b\u00fcrokratische Kaufpr\u00e4mie f\u00fcr E-Autos verzichtet wird. Damit w\u00e4re mehr Luft im Bundeshaushalt. Au\u00dferdem appelliere ich an die EU, die kostenlose Zuteilung der Zertifikate im europ\u00e4ischen Emissionshandelssystem fortzuf\u00fchren. CO2-Steuer und Emissionszertifikate sind hausgemachte Kostentreiber, die dazu f\u00fchren, dass unsere Betriebe ins Straucheln geraten oder gleich abwandern. Wir brauchen Sofortma\u00dfnahmen, die unsere Betriebe unterst\u00fctzen und nicht noch weiter belasten.\u201c \u00a0 Der Minister weist au\u00dferdem darauf hin, dass die Versorgung mit Gas und Mineral\u00f6l in Bayern derzeit stabil ist. Die Importwege sind breit diversifiziert, der Weltmarkt gilt als liquide. Dennoch k\u00f6nnen weitere Preissteigerungen nicht ausgeschlossen werden.<\/p>\n<p>Quelle:stmwi.bayern.de<\/p>\n","protected":false},"excerpt":{"rendered":"<p>M\u00fcnchen: Irankrieg: Bayerns Wirtschaftsminister fordert schnelle Entlastung der Wirtschaft und B\u00fcrger bei CO2-Bepreisung Aiwanger: &#8222;Der Bund kann die Preissteigerung f\u00fcr \u00d6l und Gas sofort durch einen Stopp der CO2-Steuer abmildern &#8211; teilfinanziert beispielsweise durch Verzicht auf die Kaufpr\u00e4mie f\u00fcr E-Autos&#8220; Der Krieg im Iran hat in den letzten Tagen zu massiven Preissteigerungen bei Gas sowie [&hellip;]<\/p>\n","protected":false},"author":7,"featured_media":12050,"comment_status":"closed","ping_status":"open","sticky":false,"template":"","format":"standard","meta":{"footnotes":""},"categories":[78,71],"tags":[4782],"class_list":["post-18276","post","type-post","status-publish","format-standard","has-post-thumbnail","hentry","category-bayern","category-menue","tag-irankrieg"],"_links":{"self":[{"href":"https:\/\/www.frankensicht.de\/index.php?rest_route=\/wp\/v2\/posts\/18276","targetHints":{"allow":["GET"]}}],"collection":[{"href":"https:\/\/www.frankensicht.de\/index.php?rest_route=\/wp\/v2\/posts"}],"about":[{"href":"https:\/\/www.frankensicht.de\/index.php?rest_route=\/wp\/v2\/types\/post"}],"author":[{"embeddable":true,"href":"https:\/\/www.frankensicht.de\/index.php?rest_route=\/wp\/v2\/users\/7"}],"replies":[{"embeddable":true,"href":"https:\/\/www.frankensicht.de\/index.php?rest_route=%2Fwp%2Fv2%2Fcomments&post=18276"}],"version-history":[{"count":1,"href":"https:\/\/www.frankensicht.de\/index.php?rest_route=\/wp\/v2\/posts\/18276\/revisions"}],"predecessor-version":[{"id":18277,"href":"https:\/\/www.frankensicht.de\/index.php?rest_route=\/wp\/v2\/posts\/18276\/revisions\/18277"}],"wp:featuredmedia":[{"embeddable":true,"href":"https:\/\/www.frankensicht.de\/index.php?rest_route=\/wp\/v2\/media\/12050"}],"wp:attachment":[{"href":"https:\/\/www.frankensicht.de\/index.php?rest_route=%2Fwp%2Fv2%2Fmedia&parent=18276"}],"wp:term":[{"taxonomy":"category","embeddable":true,"href":"https:\/\/www.frankensicht.de\/index.php?rest_route=%2Fwp%2Fv2%2Fcategories&post=18276"},{"taxonomy":"post_tag","embeddable":true,"href":"https:\/\/www.frankensicht.de\/index.php?rest_route=%2Fwp%2Fv2%2Ftags&post=18276"}],"curies":[{"name":"wp","href":"https:\/\/api.w.org\/{rel}","templated":true}]}}