{"id":18190,"date":"2026-01-28T08:44:51","date_gmt":"2026-01-28T07:44:51","guid":{"rendered":"https:\/\/www.frankensicht.de\/?p=18190"},"modified":"2026-01-28T08:44:51","modified_gmt":"2026-01-28T07:44:51","slug":"gaertnern-ohne-torf-auftakt-des-runden-tisches-torfminderung-auf-der-internationalen-pflanzenmesse-in-essen","status":"publish","type":"post","link":"https:\/\/www.frankensicht.de\/?p=18190","title":{"rendered":"G\u00e4rtnern ohne Torf: Auftakt des Runden Tisches Torfminderung auf der Internationalen Pflanzenmesse in Essen"},"content":{"rendered":"<p><span style=\"color: #ff0000;\">Berlin:<\/span><\/p>\n<p>G\u00e4rtnern ohne Torf: Auftakt des Runden Tisches Torfminderung auf der Internationalen Pflanzenmesse in Essen<\/p>\n<p>Auf der Internationalen Pflanzenmesse in Essen haben heute unter der Leitung der Parlamentarischen Staatssekret\u00e4rin beim Bundesminister f\u00fcr Landwirtschaft, Ern\u00e4hrung und Heimat, Silvia Breher, Gespr\u00e4che zum Ausstieg aus der Torfnutzung und zu m\u00f6glichen Alternativen begonnen. Der Start des Runden Tisches Torfminderung ist ein wichtiger Schritt, um den Einsatz von Torf in Blumenerden und Profisubstraten weiter zu verringern.<\/p>\n<p><a href=\"https:\/\/www.frankensicht.de\/?attachment_id=6049\" rel=\"attachment wp-att-6049\"><img loading=\"lazy\" decoding=\"async\" class=\"alignnone size-medium wp-image-6049\" src=\"https:\/\/www.frankensicht.de\/wp-content\/uploads\/2013\/08\/blume1-300x200.jpg\" alt=\"\" width=\"300\" height=\"200\" srcset=\"https:\/\/www.frankensicht.de\/wp-content\/uploads\/2013\/08\/blume1-300x200.jpg 300w, https:\/\/www.frankensicht.de\/wp-content\/uploads\/2013\/08\/blume1-220x146.jpg 220w, https:\/\/www.frankensicht.de\/wp-content\/uploads\/2013\/08\/blume1.jpg 600w\" sizes=\"auto, (max-width: 300px) 100vw, 300px\" \/><\/a><\/p>\n<p>Die Parlamentarische Staatssekret\u00e4rin Breher dazu: \u201eDas ist ein vielversprechender Auftakt. Ich bin \u00fcberzeugt, dass es gemeinsam gelingen wird, einen klaren Ausstiegspfad aus der Nutzung von Torf im Rahmen einer Selbstverpflichtung der Erdenindustrie und des Gartenbaus zu erzielen.\u201c<\/p>\n<p>Torf speichert in intakten Mooren Kohlenstoff, setzt ihn jedoch frei, sobald er abgebaut wird und mit Sauerstoff in Kontakt kommt. Abbau und Nutzung von Torf tragen daher zum Klimawandel bei. In den vergangenen Jahren hat der Prozess der Torfreduzierung bereits deutlich an Fahrt aufgenommen: Blumenerden bestehen inzwischen nur noch zu rund 33 Prozent aus Torf, Profisubstrate weiterhin zu etwa 65 Prozent.<\/p>\n<p>Quelle:bmleh.bund.de<\/p>\n","protected":false},"excerpt":{"rendered":"<p>Berlin: G\u00e4rtnern ohne Torf: Auftakt des Runden Tisches Torfminderung auf der Internationalen Pflanzenmesse in Essen Auf der Internationalen Pflanzenmesse in Essen haben heute unter der Leitung der Parlamentarischen Staatssekret\u00e4rin beim Bundesminister f\u00fcr Landwirtschaft, Ern\u00e4hrung und Heimat, Silvia Breher, Gespr\u00e4che zum Ausstieg aus der Torfnutzung und zu m\u00f6glichen Alternativen begonnen. Der Start des Runden Tisches Torfminderung [&hellip;]<\/p>\n","protected":false},"author":7,"featured_media":4830,"comment_status":"closed","ping_status":"open","sticky":false,"template":"","format":"standard","meta":{"footnotes":""},"categories":[44,3],"tags":[4756],"class_list":["post-18190","post","type-post","status-publish","format-standard","has-post-thumbnail","hentry","category-deutschland-2","category-news","tag-ohne-torf"],"_links":{"self":[{"href":"https:\/\/www.frankensicht.de\/index.php?rest_route=\/wp\/v2\/posts\/18190","targetHints":{"allow":["GET"]}}],"collection":[{"href":"https:\/\/www.frankensicht.de\/index.php?rest_route=\/wp\/v2\/posts"}],"about":[{"href":"https:\/\/www.frankensicht.de\/index.php?rest_route=\/wp\/v2\/types\/post"}],"author":[{"embeddable":true,"href":"https:\/\/www.frankensicht.de\/index.php?rest_route=\/wp\/v2\/users\/7"}],"replies":[{"embeddable":true,"href":"https:\/\/www.frankensicht.de\/index.php?rest_route=%2Fwp%2Fv2%2Fcomments&post=18190"}],"version-history":[{"count":1,"href":"https:\/\/www.frankensicht.de\/index.php?rest_route=\/wp\/v2\/posts\/18190\/revisions"}],"predecessor-version":[{"id":18191,"href":"https:\/\/www.frankensicht.de\/index.php?rest_route=\/wp\/v2\/posts\/18190\/revisions\/18191"}],"wp:featuredmedia":[{"embeddable":true,"href":"https:\/\/www.frankensicht.de\/index.php?rest_route=\/wp\/v2\/media\/4830"}],"wp:attachment":[{"href":"https:\/\/www.frankensicht.de\/index.php?rest_route=%2Fwp%2Fv2%2Fmedia&parent=18190"}],"wp:term":[{"taxonomy":"category","embeddable":true,"href":"https:\/\/www.frankensicht.de\/index.php?rest_route=%2Fwp%2Fv2%2Fcategories&post=18190"},{"taxonomy":"post_tag","embeddable":true,"href":"https:\/\/www.frankensicht.de\/index.php?rest_route=%2Fwp%2Fv2%2Ftags&post=18190"}],"curies":[{"name":"wp","href":"https:\/\/api.w.org\/{rel}","templated":true}]}}