{"id":18176,"date":"2026-01-22T08:27:10","date_gmt":"2026-01-22T07:27:10","guid":{"rendered":"https:\/\/www.frankensicht.de\/?p=18176"},"modified":"2026-01-22T08:27:10","modified_gmt":"2026-01-22T07:27:10","slug":"bundesminister-rainer-eroeffnet-groesstes-nationales-forum-zur-zukunft-der-laendlichen-raeume-in-deutschland","status":"publish","type":"post","link":"https:\/\/www.frankensicht.de\/?p=18176","title":{"rendered":"Bundesminister Rainer er\u00f6ffnet gr\u00f6\u00dftes nationales Forum zur Zukunft der l\u00e4ndlichen R\u00e4ume in Deutschland"},"content":{"rendered":"<p><span style=\"color: #ff0000;\">Berlin:<\/span><\/p>\n<p>Bundesminister Rainer er\u00f6ffnet gr\u00f6\u00dftes nationales Forum zur Zukunft der l\u00e4ndlichen R\u00e4ume in Deutschland<\/p>\n<p>Mit dem Zukunftsforum bringt das Bundesministerium f\u00fcr Landwirtschaft, Ern\u00e4hrung und Heimat (BMLEH) w\u00e4hrend der Gr\u00fcnen Woche die zentralen Akteure der l\u00e4ndlichen Entwicklung zusammen. \u00dcber 2.000 Teilnehmerinnen und Teilnehmer aus Kommunen, Verb\u00e4nden, Zivilgesellschaft, Wissenschaft und Wirtschaft beraten zwei Tage lang, wie l\u00e4ndliche R\u00e4ume unter den Bedingungen knapper Fl\u00e4chen, wachsender Zielkonflikte und tiefgreifender Transformationsprozesse nachhaltig gestaltet werden k\u00f6nnen.<\/p>\n<p><a href=\"https:\/\/www.frankensicht.de\/?attachment_id=13116\" rel=\"attachment wp-att-13116\"><img loading=\"lazy\" decoding=\"async\" class=\"alignnone size-medium wp-image-13116\" src=\"https:\/\/www.frankensicht.de\/wp-content\/uploads\/2019\/12\/P1020273-1-300x199.jpg\" alt=\"\" width=\"300\" height=\"199\" srcset=\"https:\/\/www.frankensicht.de\/wp-content\/uploads\/2019\/12\/P1020273-1-300x199.jpg 300w, https:\/\/www.frankensicht.de\/wp-content\/uploads\/2019\/12\/P1020273-1-1024x680.jpg 1024w, https:\/\/www.frankensicht.de\/wp-content\/uploads\/2019\/12\/P1020273-1-768x510.jpg 768w, https:\/\/www.frankensicht.de\/wp-content\/uploads\/2019\/12\/P1020273-1-1536x1020.jpg 1536w, https:\/\/www.frankensicht.de\/wp-content\/uploads\/2019\/12\/P1020273-1-220x146.jpg 220w, https:\/\/www.frankensicht.de\/wp-content\/uploads\/2019\/12\/P1020273-1.jpg 2048w\" sizes=\"auto, (max-width: 300px) 100vw, 300px\" \/><\/a><\/p>\n<p>Der Bundesminister f\u00fcr Landwirtschaft, Ern\u00e4hrung und Heimat, Alois Rainer, der Pr\u00e4sident des Deutschen St\u00e4dte- und Gemeindebundes (DStGB), Ralph Spiegler, und der Vizepr\u00e4sident des Deutschen Landkreistages (DLT), G\u00f6tz Ulrich, haben das Zukunftsforum heute er\u00f6ffnet.<\/p>\n<p>Motto in diesem Jahr: &#8222;Land: Raum f\u00fcr Zukunft&#8220;.<\/p>\n<p>Im Mittelpunkt stehen Fragen der Fl\u00e4chennutzung, der Entwicklung von Wohn- und Arbeitsr\u00e4umen sowie der St\u00e4rkung von Begegnung, Zusammenhalt und regionaler Wertsch\u00f6pfung. In 31 Fachforen und auf dem &#8222;Markt der M\u00f6glichkeiten&#8220; werden konkrete L\u00f6sungsans\u00e4tze und Best-Practice-Beispiele vorgestellt und diskutiert, die zeigen, wie raumbezogene Entscheidungen vor Ort zu mehr Lebensqualit\u00e4t, Handlungsf\u00e4higkeit und Zukunftsperspektiven beitragen k\u00f6nnen. Erg\u00e4nzend bieten eine Jobb\u00f6rse, ein Treffpunkt mit den Impulsgebern der Fachforen sowie vielf\u00e4ltige Vernetzungsformate Raum f\u00fcr Austausch und Kooperation.<\/p>\n<p>Bundesminister f\u00fcr Landwirtschaft, Ern\u00e4hrung und Heimat Alois Rainer: &#8222;Unsere l\u00e4ndlichen R\u00e4ume sind ein zentraler Pfeiler f\u00fcr den Zusammenhalt und die Zukunftsf\u00e4higkeit unseres Landes. Gerade deshalb ist es entscheidend, ihre St\u00e4rken sichtbar zu machen und weiterzuentwickeln. Dazu haben wir unsere l\u00e4ndlichen Regionen wieder in das Zentrum der Politik ger\u00fcckt. Wir wollen sie als Lebensraum st\u00e4rken, ihre Wirtschaftskraft f\u00f6rdern und sie als Heimat lebendig halten, ohne dabei aber eine Stadt-gegen-Land-Debatte zu f\u00fchren. Stadt ist genauso Heimat wie der l\u00e4ndliche Raum.<\/p>\n<p>Unser Zukunftsforum zeigt, dass unsere l\u00e4ndlichen R\u00e4ume in Deutschland gut aufgestellt sind: Mit ihren Fl\u00e4chen f\u00fcr die Landwirtschaft als Grundlage der Ern\u00e4hrungsvorsorge und der Krisensicherung, als elementare Basis f\u00fcr unsere mittelst\u00e4ndische Wirtschaftskraft und f\u00fcr die Erzeugung erneuerbarer Energie. Ganz entscheidend sind die Menschen, die mit viel Herzblut, Ideen und gro\u00dfem Engagement tagt\u00e4glich ihr Lebensumfeld gestalten. All das h\u00e4lt unsere Heimat stark und zukunftsf\u00e4hig. Und daf\u00fcr will ich mich als Heimatminister auch weiterhin mit all meinen Kr\u00e4ften einsetzen.&#8220;<\/p>\n<p>Pr\u00e4sident des Deutschen St\u00e4dte- und Gemeindebundes Ralph Spiegler: &#8222;Kommunen bringen die Interessen von Landwirtschaft, Energie, Wirtschaft, Wohnen, Infrastruktur, Erholung und Naturschutz im Wettbewerb um Fl\u00e4chen miteinander in Einklang. F\u00fcr einen fairen Ausgleich &#8211; und idealerweise f\u00fcr tragf\u00e4hige Kompromisse wie beispielsweise durch Mehrfachnutzungen bei Agri-PV &#8211; ist ihre Steuerungskompetenz unverzichtbar. Statt weiterer pauschaler Fl\u00e4chenziele, Privilegierungen oder \u00fcbergeordneter Planungsvorgaben ben\u00f6tigen die Kommunen mehr Flexibilit\u00e4t und Vertrauen f\u00fcr ihre T\u00e4tigkeiten vor Ort. Denn es sind B\u00fcrgermeisterinnen und B\u00fcrgermeister sowie die kommunalen Gremien, die die \u00f6rtlichen Entwicklungen, ihre Wertsch\u00f6pfungs- und Nutzungspotenziale und ihre Bedarfe f\u00fcr die Infrastruktur von morgen am besten kennen.&#8220;<\/p>\n<p>Vizepr\u00e4sident des Deutschen Landkreistages G\u00f6tz Ulrich: &#8222;Fl\u00e4che ist im l\u00e4ndlichen Raum der Schl\u00fcsselrohstoff &#8211; und die Anspr\u00fcche daran sind in den letzten Jahren sp\u00fcrbar gewachsen: Ern\u00e4hrungssicherung und Landwirtschaft, Energieerzeugung, Natur- und Erholungsr\u00e4ume, Biodiversit\u00e4t, Hochwasserschutz sowie Wohnen, Verkehr und wirtschaftliche Entwicklung. Diese Nutzungskonkurrenzen lassen sich nicht per Federstrich aufl\u00f6sen. Entscheidend ist, dass Ausgleich und Akzeptanz m\u00f6glichst vor Ort gelingen und durch die Landkreise und Gemeinden gesteuert werden.<\/p>\n<p>Geb\u00e4ude im l\u00e4ndlichen Raum kommunal zu nutzen, hei\u00dft immer auch, dort Begegnungsorte zu schaffen. Wenn Menschen durch die digitale Informationsflut von zwischenmenschlichen Kontakten ferngehalten werden und schlimmstenfalls vereinsamen, sind R\u00e4ume wichtig, in denen sich die Dorfgemeinschaft begegnet. Wir Landkreise nutzen hierf\u00fcr zum Beispiel die Volkshochschulen, die wir mit Begegnungscaf\u00e9s ausstatten oder mit Schulen oder Bibliotheken verkn\u00fcpfen, damit sich dort Menschen jeden Alters treffen k\u00f6nnen.&#8220;<\/p>\n<p>Hintergrund:<br \/>\nL\u00e4ndliche R\u00e4ume zu st\u00e4rken und zu gleichwertigen Lebensverh\u00e4ltnissen in Stadt und Land beizutragen, geh\u00f6rt zu den Kernaufgaben des Bundesministeriums f\u00fcr Landwirtschaft, Ern\u00e4hrung und Heimat. Ziel ist es, die Zukunftsf\u00e4higkeit l\u00e4ndlicher Regionen, in denen mehr als die H\u00e4lfte der Bev\u00f6lkerung lebt, nachhaltig zu sichern.<\/p>\n<p>Mit dem Zukunftsforum als gr\u00f6\u00dfter nationaler Plattform f\u00fcr l\u00e4ndliche R\u00e4ume bietet das BMLEH Akteurinnen und Akteuren der l\u00e4ndlichen Entwicklung seit 2008 j\u00e4hrlich eine zentrale Plattform f\u00fcr Vernetzung, Wissenstransfer, Diskussion und Austausch zu praktischen L\u00f6sungen.<\/p>\n<p>Informationen zu BMLEH-Projekten und zum Thema &#8222;L\u00e4ndliche Entwicklung&#8220; finden Sie hier&lt;https:\/\/www.bmleh.de\/DE\/themen\/laendliche-regionen\/laendliche-regionen_node.html&gt;.<\/p>\n<p>Das gesamte Programm und weitere Informationen, insbesondere zum &#8222;Markt der M\u00f6glichkeiten&#8220;, finden Sie auf der Webseite&lt;https:\/\/www.zukunftsforum-laendliche-entwicklung.de\/&gt; zum Zukunftsforums L\u00e4ndliche Entwicklung.<\/p>\n<p>Quelle:bmleh.bund.de<\/p>\n","protected":false},"excerpt":{"rendered":"<p>Berlin: Bundesminister Rainer er\u00f6ffnet gr\u00f6\u00dftes nationales Forum zur Zukunft der l\u00e4ndlichen R\u00e4ume in Deutschland Mit dem Zukunftsforum bringt das Bundesministerium f\u00fcr Landwirtschaft, Ern\u00e4hrung und Heimat (BMLEH) w\u00e4hrend der Gr\u00fcnen Woche die zentralen Akteure der l\u00e4ndlichen Entwicklung zusammen. \u00dcber 2.000 Teilnehmerinnen und Teilnehmer aus Kommunen, Verb\u00e4nden, Zivilgesellschaft, Wissenschaft und Wirtschaft beraten zwei Tage lang, wie l\u00e4ndliche [&hellip;]<\/p>\n","protected":false},"author":7,"featured_media":13116,"comment_status":"closed","ping_status":"open","sticky":false,"template":"","format":"standard","meta":{"footnotes":""},"categories":[44,3],"tags":[4751],"class_list":["post-18176","post","type-post","status-publish","format-standard","has-post-thumbnail","hentry","category-deutschland-2","category-news","tag-zukunftsforum"],"_links":{"self":[{"href":"https:\/\/www.frankensicht.de\/index.php?rest_route=\/wp\/v2\/posts\/18176","targetHints":{"allow":["GET"]}}],"collection":[{"href":"https:\/\/www.frankensicht.de\/index.php?rest_route=\/wp\/v2\/posts"}],"about":[{"href":"https:\/\/www.frankensicht.de\/index.php?rest_route=\/wp\/v2\/types\/post"}],"author":[{"embeddable":true,"href":"https:\/\/www.frankensicht.de\/index.php?rest_route=\/wp\/v2\/users\/7"}],"replies":[{"embeddable":true,"href":"https:\/\/www.frankensicht.de\/index.php?rest_route=%2Fwp%2Fv2%2Fcomments&post=18176"}],"version-history":[{"count":1,"href":"https:\/\/www.frankensicht.de\/index.php?rest_route=\/wp\/v2\/posts\/18176\/revisions"}],"predecessor-version":[{"id":18177,"href":"https:\/\/www.frankensicht.de\/index.php?rest_route=\/wp\/v2\/posts\/18176\/revisions\/18177"}],"wp:featuredmedia":[{"embeddable":true,"href":"https:\/\/www.frankensicht.de\/index.php?rest_route=\/wp\/v2\/media\/13116"}],"wp:attachment":[{"href":"https:\/\/www.frankensicht.de\/index.php?rest_route=%2Fwp%2Fv2%2Fmedia&parent=18176"}],"wp:term":[{"taxonomy":"category","embeddable":true,"href":"https:\/\/www.frankensicht.de\/index.php?rest_route=%2Fwp%2Fv2%2Fcategories&post=18176"},{"taxonomy":"post_tag","embeddable":true,"href":"https:\/\/www.frankensicht.de\/index.php?rest_route=%2Fwp%2Fv2%2Ftags&post=18176"}],"curies":[{"name":"wp","href":"https:\/\/api.w.org\/{rel}","templated":true}]}}