{"id":18172,"date":"2026-01-20T08:40:44","date_gmt":"2026-01-20T07:40:44","guid":{"rendered":"https:\/\/www.frankensicht.de\/?p=18172"},"modified":"2026-01-20T08:40:44","modified_gmt":"2026-01-20T07:40:44","slug":"berliner-agrarministerkonferenz-2026-ein-ort-fuer-bruecken-nicht-fuer-graeben-ministerinnen-und-minister-aus-rund-60-staaten-wollen-effizientere-wassernutzung-in-der-landwirtschaft-foerdern","status":"publish","type":"post","link":"https:\/\/www.frankensicht.de\/?p=18172","title":{"rendered":"Berliner Agrarministerkonferenz 2026: Ein Ort f\u00fcr Br\u00fccken, nicht f\u00fcr Gr\u00e4ben Ministerinnen und Minister aus rund 60 Staaten wollen effizientere Wassernutzung in der Landwirtschaft f\u00f6rdern"},"content":{"rendered":"<p><span style=\"color: #ff0000;\">Berlin:<\/span><\/p>\n<p>Berliner Agrarministerkonferenz 2026: Ein Ort f\u00fcr Br\u00fccken, nicht f\u00fcr Gr\u00e4ben<br \/>\nMinisterinnen und Minister aus rund 60 Staaten wollen effizientere Wassernutzung in der Landwirtschaft f\u00f6rdern<\/p>\n<p>Unter Vorsitz des Bundesministers f\u00fcr Landwirtschaft, Ern\u00e4hrung und Heimat, Alois Rainer, fand heute die 18. Berliner Agrarministerkonferenz mit Agrarministerinnen und Agrarministern aus 61 Staaten sowie Vertreterinnen und Vertretern von 14 internationalen Organisationen statt. In ihrer Abschlusserkl\u00e4rung betonten die Ministerinnen und Minister, dass die Landwirtschaft auf ausreichend Wasser angewiesen ist, um Lebensmittel zu produzieren. Landwirtschaft spielt damit eine Schl\u00fcsselrolle f\u00fcr die globale Ern\u00e4hrungssicherheit. Zugleich machten die Agrarminister deutlich, dass die Landwirtschaft als einer der gr\u00f6\u00dften Wassernutzer ein zentraler Teil der L\u00f6sung bei der Bew\u00e4ltigung von Wasserknappheit ist. Sie kann entscheidend zu einer nachhaltigen Wassernutzung beitragen und wirksame L\u00f6sungen f\u00fcr eine globale Wasserresilienz liefern.<\/p>\n<p>Dazu sagt Bundesminister Rainer: \u201eWasser entscheidet \u00fcber Ernten, Ernten entscheiden \u00fcber Ern\u00e4hrung und eine gesicherte Ern\u00e4hrung entscheidet \u00fcber unsere Zukunft. Uns Agrarministerinnen und Agrarminister eint ein Auftrag: die Produktivit\u00e4t der Land- und Ern\u00e4hrungswirtschaft zu st\u00e4rken, Wettbewerbsf\u00e4higkeit zu sichern und damit die Einkommen der H\u00f6fe zu stabilisieren. Und dabei ist klar: Landwirtschaft braucht Wasser.<\/p>\n<p>Ich freue mich, dass heute von Berlin das klare Bekenntnis ausgeht, dass die Landwirtschaft nicht das Problem, sondern ein zentraler Teil der L\u00f6sung f\u00fcr eine nachhaltige Wassernutzung ist. Darauf haben wir uns in unserer Abschlusserkl\u00e4rung verst\u00e4ndigt. Diese Abschlusserkl\u00e4rung ist der Ausdruck unseres gemeinsamen Willens, Verantwortung zu \u00fcbernehmen. Wir bekennen uns dazu, eine effizientere Wassernutzung in der Landwirtschaft zu f\u00f6rdern, etwa durch pr\u00e4zise Bew\u00e4sserung, Wassereinsparung, besseren Bodenschutz und die Reduzierung von Lebensmittelverlusten. Das zeigt, dass die Agrarministerkonferenz ein Ort f\u00fcr Br\u00fccken ist, nicht f\u00fcr Gr\u00e4ben.\u201c<\/p>\n<p><a href=\"https:\/\/www.frankensicht.de\/?attachment_id=12572\" rel=\"attachment wp-att-12572\"><img loading=\"lazy\" decoding=\"async\" class=\"alignnone size-medium wp-image-12572\" src=\"https:\/\/www.frankensicht.de\/wp-content\/uploads\/2019\/05\/kuh-300x225.jpg\" alt=\"\" width=\"300\" height=\"225\" srcset=\"https:\/\/www.frankensicht.de\/wp-content\/uploads\/2019\/05\/kuh-300x225.jpg 300w, https:\/\/www.frankensicht.de\/wp-content\/uploads\/2019\/05\/kuh-768x576.jpg 768w, https:\/\/www.frankensicht.de\/wp-content\/uploads\/2019\/05\/kuh-1024x768.jpg 1024w, https:\/\/www.frankensicht.de\/wp-content\/uploads\/2019\/05\/kuh.jpg 1600w\" sizes=\"auto, (max-width: 300px) 100vw, 300px\" \/><\/a><\/p>\n<p>Die Ministerinnen und Minister haben zudem gefordert, die Stimme der Landwirtschaft im Vorfeld der UN-Wasserkonferenz 2026 zu st\u00e4rken und den Sektor in der globalen Wasserpolitik einzubeziehen.<\/p>\n<p>Quelle:bmleh.bund.de<\/p>\n","protected":false},"excerpt":{"rendered":"<p>Berlin: Berliner Agrarministerkonferenz 2026: Ein Ort f\u00fcr Br\u00fccken, nicht f\u00fcr Gr\u00e4ben Ministerinnen und Minister aus rund 60 Staaten wollen effizientere Wassernutzung in der Landwirtschaft f\u00f6rdern Unter Vorsitz des Bundesministers f\u00fcr Landwirtschaft, Ern\u00e4hrung und Heimat, Alois Rainer, fand heute die 18. Berliner Agrarministerkonferenz mit Agrarministerinnen und Agrarministern aus 61 Staaten sowie Vertreterinnen und Vertretern von 14 [&hellip;]<\/p>\n","protected":false},"author":7,"featured_media":12572,"comment_status":"closed","ping_status":"open","sticky":false,"template":"","format":"standard","meta":{"footnotes":""},"categories":[44,3,30],"tags":[4749],"class_list":["post-18172","post","type-post","status-publish","format-standard","has-post-thumbnail","hentry","category-deutschland-2","category-news","category-welt","tag-agrarministerkonferenz-2026"],"_links":{"self":[{"href":"https:\/\/www.frankensicht.de\/index.php?rest_route=\/wp\/v2\/posts\/18172","targetHints":{"allow":["GET"]}}],"collection":[{"href":"https:\/\/www.frankensicht.de\/index.php?rest_route=\/wp\/v2\/posts"}],"about":[{"href":"https:\/\/www.frankensicht.de\/index.php?rest_route=\/wp\/v2\/types\/post"}],"author":[{"embeddable":true,"href":"https:\/\/www.frankensicht.de\/index.php?rest_route=\/wp\/v2\/users\/7"}],"replies":[{"embeddable":true,"href":"https:\/\/www.frankensicht.de\/index.php?rest_route=%2Fwp%2Fv2%2Fcomments&post=18172"}],"version-history":[{"count":1,"href":"https:\/\/www.frankensicht.de\/index.php?rest_route=\/wp\/v2\/posts\/18172\/revisions"}],"predecessor-version":[{"id":18173,"href":"https:\/\/www.frankensicht.de\/index.php?rest_route=\/wp\/v2\/posts\/18172\/revisions\/18173"}],"wp:featuredmedia":[{"embeddable":true,"href":"https:\/\/www.frankensicht.de\/index.php?rest_route=\/wp\/v2\/media\/12572"}],"wp:attachment":[{"href":"https:\/\/www.frankensicht.de\/index.php?rest_route=%2Fwp%2Fv2%2Fmedia&parent=18172"}],"wp:term":[{"taxonomy":"category","embeddable":true,"href":"https:\/\/www.frankensicht.de\/index.php?rest_route=%2Fwp%2Fv2%2Fcategories&post=18172"},{"taxonomy":"post_tag","embeddable":true,"href":"https:\/\/www.frankensicht.de\/index.php?rest_route=%2Fwp%2Fv2%2Ftags&post=18172"}],"curies":[{"name":"wp","href":"https:\/\/api.w.org\/{rel}","templated":true}]}}