{"id":18169,"date":"2026-01-19T08:51:49","date_gmt":"2026-01-19T07:51:49","guid":{"rendered":"https:\/\/www.frankensicht.de\/?p=18169"},"modified":"2026-01-19T08:51:49","modified_gmt":"2026-01-19T07:51:49","slug":"staatspreis-fuer-bayerische-kreativorte-2026-startet-bewerbungsphase","status":"publish","type":"post","link":"https:\/\/www.frankensicht.de\/?p=18169","title":{"rendered":"Staatspreis f\u00fcr bayerische Kreativorte 2026 startet Bewerbungsphase"},"content":{"rendered":"<p><span style=\"color: #ff0000;\">M\u00fcnchen:<\/span><\/p>\n<p>Staatspreis f\u00fcr bayerische Kreativorte 2026 startet Bewerbungsphase<\/p>\n<p>Aiwanger: &#8222;Kreativorte bringen frischen Wind in unsere St\u00e4dte und Gemeinden und machen Regionen attraktiver und lebendiger&#8220;<\/p>\n<p><a href=\"https:\/\/www.frankensicht.de\/?attachment_id=8182\" rel=\"attachment wp-att-8182\"><img loading=\"lazy\" decoding=\"async\" class=\"alignnone size-medium wp-image-8182\" src=\"https:\/\/www.frankensicht.de\/wp-content\/uploads\/2015\/02\/bamberg10-300x225.jpg\" alt=\"\" width=\"300\" height=\"225\" srcset=\"https:\/\/www.frankensicht.de\/wp-content\/uploads\/2015\/02\/bamberg10-300x225.jpg 300w, https:\/\/www.frankensicht.de\/wp-content\/uploads\/2015\/02\/bamberg10.jpg 640w\" sizes=\"auto, (max-width: 300px) 100vw, 300px\" \/><\/a><\/p>\n<p>Vom 15. Januar bis 31. M\u00e4rz 2026 k\u00f6nnen sich Betreiber, Tr\u00e4ger sowie Initiativen von Kreativorten aus ganz Bayern erneut f\u00fcr den Staatspreis f\u00fcr bayerische Kreativorte bewerben. Der Freistaat zeichnet damit Orte aus, an denen Kultur, Kreativit\u00e4t und Unternehmergeist zusammenkommen und die einen wichtigen Beitrag zur regionalen Entwicklung leisten. Es werden drei Preise mit einem Preisgeld in H\u00f6he von insgesamt 60.000 Euro sowie ein vierter Sonderpreis f\u00fcr kommunales Engagement (undotiert) vergeben. \u00a0 \u201eKreativorte sorgen f\u00fcr frischen Wind in unseren St\u00e4dten und im l\u00e4ndlichen Raum und setzen Impulse, die oft \u00fcber die Region hinauswirken\u201c, betont Wirtschaftsminister Hubert Aiwanger. \u201eDort entstehen neue Ideen, Arbeitspl\u00e4tze und Netzwerke. Das macht Regionen lebendiger und attraktiver, sowohl f\u00fcr junge Menschen, f\u00fcr Fachkr\u00e4fte als auch f\u00fcr Unternehmen.\u201c \u00a0 Kreativorte fungieren als Treffpunkte, Arbeitsorte und Netzwerke f\u00fcr die Kultur- und Kreativwirtschaft. Sie beleben Quartiere, sto\u00dfen Kooperationen an und tragen dazu bei, wirtschaftliche und kulturelle Entwicklung miteinander zu verbinden. Ziel des Staatspreises ist es, diese Arbeit sichtbarer zu machen und die Kultur- und Kreativwirtschaft in Bayern nachhaltig zu st\u00e4rken. Aiwanger zeigt sich daher entschlossen: \u201eWer Kreativorte st\u00e4rkt, investiert in die Zukunft unseres Wirtschaftsstandorts. Mit dem Staatspreis wollen wir Anerkennung zeigen und deutlich machen, wie wichtig es ist, dass solche Kreativorte auch k\u00fcnftig entstehen und sich weiterentwickeln.\u201c \u00a0 Der Staatspreis f\u00fcr bayerische Kreativorte wird 2026 bereits zum dritten Mal verliehen. Im Jahr 2024 wurden unter anderem der \u201eBergfried Kultur\u201c in Passau, die \u201eKunsthalle Neuburg\u201c, der \u201eZ-Bau\u201c in N\u00fcrnberg sowie das \u201eDegginger\u201c in Regensburg ausgezeichnet. \u00a0 Weitere Informationen und die M\u00f6glichkeit zur Bewerbung finden Interessierte auf der offiziellen Webseite des Staatspreises f\u00fcr bayerische Kreativorte: Staatspreis f\u00fcr bayerische Kreativorte.<\/p>\n<p>Quelle:bmwi.bayern.de<\/p>\n","protected":false},"excerpt":{"rendered":"<p>M\u00fcnchen: Staatspreis f\u00fcr bayerische Kreativorte 2026 startet Bewerbungsphase Aiwanger: &#8222;Kreativorte bringen frischen Wind in unsere St\u00e4dte und Gemeinden und machen Regionen attraktiver und lebendiger&#8220; Vom 15. Januar bis 31. M\u00e4rz 2026 k\u00f6nnen sich Betreiber, Tr\u00e4ger sowie Initiativen von Kreativorten aus ganz Bayern erneut f\u00fcr den Staatspreis f\u00fcr bayerische Kreativorte bewerben. Der Freistaat zeichnet damit Orte [&hellip;]<\/p>\n","protected":false},"author":7,"featured_media":8182,"comment_status":"closed","ping_status":"open","sticky":false,"template":"","format":"standard","meta":{"footnotes":""},"categories":[78,71],"tags":[4748],"class_list":["post-18169","post","type-post","status-publish","format-standard","has-post-thumbnail","hentry","category-bayern","category-menue","tag-kreativorte"],"_links":{"self":[{"href":"https:\/\/www.frankensicht.de\/index.php?rest_route=\/wp\/v2\/posts\/18169","targetHints":{"allow":["GET"]}}],"collection":[{"href":"https:\/\/www.frankensicht.de\/index.php?rest_route=\/wp\/v2\/posts"}],"about":[{"href":"https:\/\/www.frankensicht.de\/index.php?rest_route=\/wp\/v2\/types\/post"}],"author":[{"embeddable":true,"href":"https:\/\/www.frankensicht.de\/index.php?rest_route=\/wp\/v2\/users\/7"}],"replies":[{"embeddable":true,"href":"https:\/\/www.frankensicht.de\/index.php?rest_route=%2Fwp%2Fv2%2Fcomments&post=18169"}],"version-history":[{"count":1,"href":"https:\/\/www.frankensicht.de\/index.php?rest_route=\/wp\/v2\/posts\/18169\/revisions"}],"predecessor-version":[{"id":18170,"href":"https:\/\/www.frankensicht.de\/index.php?rest_route=\/wp\/v2\/posts\/18169\/revisions\/18170"}],"wp:featuredmedia":[{"embeddable":true,"href":"https:\/\/www.frankensicht.de\/index.php?rest_route=\/wp\/v2\/media\/8182"}],"wp:attachment":[{"href":"https:\/\/www.frankensicht.de\/index.php?rest_route=%2Fwp%2Fv2%2Fmedia&parent=18169"}],"wp:term":[{"taxonomy":"category","embeddable":true,"href":"https:\/\/www.frankensicht.de\/index.php?rest_route=%2Fwp%2Fv2%2Fcategories&post=18169"},{"taxonomy":"post_tag","embeddable":true,"href":"https:\/\/www.frankensicht.de\/index.php?rest_route=%2Fwp%2Fv2%2Ftags&post=18169"}],"curies":[{"name":"wp","href":"https:\/\/api.w.org\/{rel}","templated":true}]}}