{"id":18167,"date":"2026-01-18T09:10:29","date_gmt":"2026-01-18T08:10:29","guid":{"rendered":"https:\/\/www.frankensicht.de\/?p=18167"},"modified":"2026-01-18T09:10:29","modified_gmt":"2026-01-18T08:10:29","slug":"kompetenzzentrum-bildung-im-strukturwandel-wird-fortgefuehrt-bildungsnetzwerk-unterstuetzt-kohleregionen-im-wandel","status":"publish","type":"post","link":"https:\/\/www.frankensicht.de\/?p=18167","title":{"rendered":"Kompetenzzentrum Bildung im Strukturwandel wird fortgef\u00fchrt: Bildungsnetzwerk unterst\u00fctzt Kohleregionen im Wandel"},"content":{"rendered":"<p><span style=\"color: #ff0000;\">Berlin:<\/span><\/p>\n<p>Kompetenzzentrum Bildung im Strukturwandel wird fortgef\u00fchrt: Bildungsnetzwerk unterst\u00fctzt Kohleregionen im Wandel<\/p>\n<p><a href=\"https:\/\/www.frankensicht.de\/?attachment_id=12998\" rel=\"attachment wp-att-12998\"><img loading=\"lazy\" decoding=\"async\" class=\"alignnone size-medium wp-image-12998\" src=\"https:\/\/www.frankensicht.de\/wp-content\/uploads\/2019\/11\/P1020461-e1573196015948-199x300.jpg\" alt=\"\" width=\"199\" height=\"300\" srcset=\"https:\/\/www.frankensicht.de\/wp-content\/uploads\/2019\/11\/P1020461-e1573196015948-199x300.jpg 199w, https:\/\/www.frankensicht.de\/wp-content\/uploads\/2019\/11\/P1020461-e1573196015948-768x1157.jpg 768w, https:\/\/www.frankensicht.de\/wp-content\/uploads\/2019\/11\/P1020461-e1573196015948-680x1024.jpg 680w, https:\/\/www.frankensicht.de\/wp-content\/uploads\/2019\/11\/P1020461-e1573196015948.jpg 1360w\" sizes=\"auto, (max-width: 199px) 100vw, 199px\" \/><\/a><br \/>\nDas Kompetenzzentrum Bildung im Strukturwandel (KoBiS) wird bis 2029 fortgef\u00fchrt. Das hat das Bund-L\u00e4nder-Koordinierungsgremium des Strukturst\u00e4rkungsgesetzes beschlossen. Mit der neuen F\u00f6rderung werden die B\u00fcros in der Lausitz und im Rheinischen Revier bis zum Jahr 2029 weiter unterst\u00fctzt, um die Transformationsprozesse in den Kohleregionen aktiv zu begleiten und die regionale Bildungslandschaft zu st\u00e4rken.<br \/>\nBundesbildungsministerin Karin Prien: &#8222;Seit f\u00fcnf Jahren ist das Kompetenzzentrum Bildung im Strukturwandel ein wichtiger Impulsgeber f\u00fcr den Austausch und Wissenstransfer \u00fcber die Regionen hinweg. Dank der Unterst\u00fctzung von Brandenburg und Nordrhein-Westfalen k\u00f6nnen die B\u00fcros in der Lausitz und im Rheinischen Revier bis 2029 weiterarbeiten. Das ist ein gro\u00dfer Erfolg, der zeigt, Bildung ist der Schl\u00fcssel um Regionen zukunftsf\u00e4hig zu machen. Die Netzwerkb\u00fcros sind mittlerweile zu unverzichtbaren Partnern geworden, die durch ihre kontinuierliche Arbeit und vertrauensvolle Zusammenarbeit vor Ort die Bildungslandschaften ma\u00dfgeblich weiterentwickeln. Angesichts der Herausforderungen durch Dekarbonisierung, Digitalisierung und demografischen Wandel sind Fachkr\u00e4ftesicherung und berufliche Orientierung entscheidend f\u00fcr die Zukunft der Regionen. Bildung entlang der gesamten Lebensbiografie st\u00e4rkt die Regionen und sichert den Verbleib von Fachkr\u00e4ften und ihren Familien. Ich danke allen f\u00fcr ihr Engagement und freue mich auf die Fortsetzung dieser wichtigen Zusammenarbeit.&#8220;<br \/>\nKoBiS wurde 2020 vom damaligen Bundesministerium f\u00fcr Bildung und Forschung im Rahmen der Transferinitiative Kommunales Bildungsmanagement ins Leben gerufen, um die Braunkohleregionen in der Lausitz, in Mitteldeutschland und im Rheinischen Revier w\u00e4hrend ihres tiefgreifenden Strukturwandels zu unterst\u00fctzen.<br \/>\nDie Netzwerkb\u00fcros, die in den Kohleregionen operieren, analysieren lokale Entwicklungen und vernetzen Bildungsakteure. Sie liefern regelm\u00e4\u00dfig Ergebnisberichte zu regionalen Bedarfen und leiten praxisnahe Handlungsempfehlungen ab. Werkstattberichte nehmen zus\u00e4tzlich \u00fcbergreifende Themen in den Blick und zeigen Gemeinsamkeiten wie Unterschiede der Reviere auf.<br \/>\nEin Beispiel f\u00fcr ihre erfolgreiche Arbeit ist die umfangreiche Untersuchung zur Berufsorientierung im Strukturwandel, bei der Sch\u00fclerbefragungen und Analysen des \u00dcbergangssystems an Berufskollegs durchgef\u00fchrt wurden. Die gewonnenen Erkenntnisse wurden auf der gemeinsamen KoBiS\u2011Fachveranstaltung \u201eBildung als Motor \u2013 Erfahrungen und Erkenntnisse aus drei Revieren im Wandel\u201c im Juni 2025 pr\u00e4sentiert und an die zust\u00e4ndigen Landesministerien weitergegeben.<br \/>\nDie fortgesetzte F\u00f6rderung von KoBiS ist ein wichtiger Schritt, um den Transformationsprozess in den Kohleregionen aktiv zu gestalten und als Modell f\u00fcr andere Regionen zu dienen. Im Mittelpunkt steht der gemeinsame Austausch und die Weiterentwicklung von Bildungsl\u00f6sungen, die f\u00fcr die Region und ihre Menschen einen langfristigen Nutzen bringen.<br \/>\nMehr Informationen: https:\/\/www.transferinitiative.de\/bildung-im-strukturwandel.php<\/p>\n<p>Web-Ansicht: https:\/\/www.bmbfsfj.bund.de\/bmbfsfj\/aktuelles\/pressemitteilungen\/kompetenzzentrum-bildung-im-strukturwandel-wird-fortgefuehrt-bildungsnetzwerk-unterstuetzt-kohleregionen-im-wandel-279210<br \/>\nQuelle:bildungundfamilie.de<\/p>\n","protected":false},"excerpt":{"rendered":"<p>Berlin: Kompetenzzentrum Bildung im Strukturwandel wird fortgef\u00fchrt: Bildungsnetzwerk unterst\u00fctzt Kohleregionen im Wandel Das Kompetenzzentrum Bildung im Strukturwandel (KoBiS) wird bis 2029 fortgef\u00fchrt. Das hat das Bund-L\u00e4nder-Koordinierungsgremium des Strukturst\u00e4rkungsgesetzes beschlossen. Mit der neuen F\u00f6rderung werden die B\u00fcros in der Lausitz und im Rheinischen Revier bis zum Jahr 2029 weiter unterst\u00fctzt, um die Transformationsprozesse in den Kohleregionen [&hellip;]<\/p>\n","protected":false},"author":7,"featured_media":12998,"comment_status":"closed","ping_status":"open","sticky":false,"template":"","format":"standard","meta":{"footnotes":""},"categories":[44,3],"tags":[4747],"class_list":["post-18167","post","type-post","status-publish","format-standard","has-post-thumbnail","hentry","category-deutschland-2","category-news","tag-kobis"],"_links":{"self":[{"href":"https:\/\/www.frankensicht.de\/index.php?rest_route=\/wp\/v2\/posts\/18167","targetHints":{"allow":["GET"]}}],"collection":[{"href":"https:\/\/www.frankensicht.de\/index.php?rest_route=\/wp\/v2\/posts"}],"about":[{"href":"https:\/\/www.frankensicht.de\/index.php?rest_route=\/wp\/v2\/types\/post"}],"author":[{"embeddable":true,"href":"https:\/\/www.frankensicht.de\/index.php?rest_route=\/wp\/v2\/users\/7"}],"replies":[{"embeddable":true,"href":"https:\/\/www.frankensicht.de\/index.php?rest_route=%2Fwp%2Fv2%2Fcomments&post=18167"}],"version-history":[{"count":1,"href":"https:\/\/www.frankensicht.de\/index.php?rest_route=\/wp\/v2\/posts\/18167\/revisions"}],"predecessor-version":[{"id":18168,"href":"https:\/\/www.frankensicht.de\/index.php?rest_route=\/wp\/v2\/posts\/18167\/revisions\/18168"}],"wp:featuredmedia":[{"embeddable":true,"href":"https:\/\/www.frankensicht.de\/index.php?rest_route=\/wp\/v2\/media\/12998"}],"wp:attachment":[{"href":"https:\/\/www.frankensicht.de\/index.php?rest_route=%2Fwp%2Fv2%2Fmedia&parent=18167"}],"wp:term":[{"taxonomy":"category","embeddable":true,"href":"https:\/\/www.frankensicht.de\/index.php?rest_route=%2Fwp%2Fv2%2Fcategories&post=18167"},{"taxonomy":"post_tag","embeddable":true,"href":"https:\/\/www.frankensicht.de\/index.php?rest_route=%2Fwp%2Fv2%2Ftags&post=18167"}],"curies":[{"name":"wp","href":"https:\/\/api.w.org\/{rel}","templated":true}]}}