{"id":18165,"date":"2026-01-17T08:41:13","date_gmt":"2026-01-17T07:41:13","guid":{"rendered":"https:\/\/www.frankensicht.de\/?p=18165"},"modified":"2026-01-17T08:41:13","modified_gmt":"2026-01-17T07:41:13","slug":"gemeinsame-erklaerung-der-g7-aussenministerinnen-und-minister","status":"publish","type":"post","link":"https:\/\/www.frankensicht.de\/?p=18165","title":{"rendered":"Gemeinsame Erkl\u00e4rung der G7-Au\u00dfenministerinnen und -minister\u00a0"},"content":{"rendered":"<p><span style=\"color: #ff0000;\">Berlin:<\/span><\/p>\n<p>Gemeinsame Erkl\u00e4rung der G7-Au\u00dfenministerinnen und -minister<\/p>\n<p><a href=\"https:\/\/www.frankensicht.de\/?attachment_id=17914\" rel=\"attachment wp-att-17914\"><img loading=\"lazy\" decoding=\"async\" class=\"alignnone size-medium wp-image-17914\" src=\"https:\/\/www.frankensicht.de\/wp-content\/uploads\/2025\/10\/P1010818-300x225.jpg\" alt=\"\" width=\"300\" height=\"225\" srcset=\"https:\/\/www.frankensicht.de\/wp-content\/uploads\/2025\/10\/P1010818-300x225.jpg 300w, https:\/\/www.frankensicht.de\/wp-content\/uploads\/2025\/10\/P1010818.jpg 640w\" sizes=\"auto, (max-width: 300px) 100vw, 300px\" \/><\/a><br \/>\n&#8222;Wir, die G7-Au\u00dfenministerinnen und -minister Deutschlands, Frankreichs, Italiens, Japans, Kanadas, des Vereinigten K\u00f6nigreichs und der Vereinigten Staaten von Amerika sowie die Hohe Vertreterin der Europ\u00e4ischen Union, sind zutiefst besorgt angesichts der Entwicklungen im Zuge der andauernden Proteste in Iran. Wir lehnen es entschieden ab, dass die iranischen Beh\u00f6rden die brutale Unterdr\u00fcckung des iranischen Volkes, das seit Ende Dezember 2025 mutig seinen legitimen Wunsch nach einem besseren Leben in W\u00fcrde und Freiheit \u00e4u\u00dfert, intensiviert haben.<br \/>\nWir sind \u00e4u\u00dferst beunruhigt ob der Berichte \u00fcber die hohe Zahl an Todesopfern und Verwundeten. Wir verurteilen den bewussten Einsatz von Gewalt und die T\u00f6tung von Demonstrierenden, willk\u00fcrliche Festnahmen und Einsch\u00fcchterungstaktiken der Sicherheitskr\u00e4fte gegen\u00fcber Demonstrantinnen und Demonstranten.<br \/>\nWir rufen die iranischen Beh\u00f6rden nachdr\u00fccklich auf, umfassende Zur\u00fcckhaltung zu \u00fcben, keine Gewalt anzuwenden und die Menschenrechte und Grundfreiheiten der B\u00fcrgerinnen und B\u00fcrger Irans aufrechtzuerhalten, auch das Recht auf freie Meinungs\u00e4u\u00dferung, das Recht, Informationen zu suchen, zu empfangen und zu verbreiten, sowie das Recht, sich zu Vereinigungen zusammenzuschlie\u00dfen und sich friedlich zu versammeln, ohne Furcht vor Repressalien.<br \/>\nDie Mitglieder der G7 sind unver\u00e4ndert bereit, zus\u00e4tzliche restriktive Ma\u00dfnahmen zu erlassen, wenn Iran sein hartes Vorgehen gegen Proteste und abweichende Meinungen unter Versto\u00df gegen seine internationalen Menschenrechtsverpflichtungen fortsetzt.&#8220;<\/p>\n<p>Quelle:auswaertiges-amt.de<\/p>\n","protected":false},"excerpt":{"rendered":"<p>Berlin: Gemeinsame Erkl\u00e4rung der G7-Au\u00dfenministerinnen und -minister &#8222;Wir, die G7-Au\u00dfenministerinnen und -minister Deutschlands, Frankreichs, Italiens, Japans, Kanadas, des Vereinigten K\u00f6nigreichs und der Vereinigten Staaten von Amerika sowie die Hohe Vertreterin der Europ\u00e4ischen Union, sind zutiefst besorgt angesichts der Entwicklungen im Zuge der andauernden Proteste in Iran. Wir lehnen es entschieden ab, dass die iranischen Beh\u00f6rden [&hellip;]<\/p>\n","protected":false},"author":7,"featured_media":17914,"comment_status":"closed","ping_status":"open","sticky":false,"template":"","format":"standard","meta":{"footnotes":""},"categories":[44,3,30],"tags":[4746],"class_list":["post-18165","post","type-post","status-publish","format-standard","has-post-thumbnail","hentry","category-deutschland-2","category-news","category-welt","tag-g7-aussenminister"],"_links":{"self":[{"href":"https:\/\/www.frankensicht.de\/index.php?rest_route=\/wp\/v2\/posts\/18165","targetHints":{"allow":["GET"]}}],"collection":[{"href":"https:\/\/www.frankensicht.de\/index.php?rest_route=\/wp\/v2\/posts"}],"about":[{"href":"https:\/\/www.frankensicht.de\/index.php?rest_route=\/wp\/v2\/types\/post"}],"author":[{"embeddable":true,"href":"https:\/\/www.frankensicht.de\/index.php?rest_route=\/wp\/v2\/users\/7"}],"replies":[{"embeddable":true,"href":"https:\/\/www.frankensicht.de\/index.php?rest_route=%2Fwp%2Fv2%2Fcomments&post=18165"}],"version-history":[{"count":1,"href":"https:\/\/www.frankensicht.de\/index.php?rest_route=\/wp\/v2\/posts\/18165\/revisions"}],"predecessor-version":[{"id":18166,"href":"https:\/\/www.frankensicht.de\/index.php?rest_route=\/wp\/v2\/posts\/18165\/revisions\/18166"}],"wp:featuredmedia":[{"embeddable":true,"href":"https:\/\/www.frankensicht.de\/index.php?rest_route=\/wp\/v2\/media\/17914"}],"wp:attachment":[{"href":"https:\/\/www.frankensicht.de\/index.php?rest_route=%2Fwp%2Fv2%2Fmedia&parent=18165"}],"wp:term":[{"taxonomy":"category","embeddable":true,"href":"https:\/\/www.frankensicht.de\/index.php?rest_route=%2Fwp%2Fv2%2Fcategories&post=18165"},{"taxonomy":"post_tag","embeddable":true,"href":"https:\/\/www.frankensicht.de\/index.php?rest_route=%2Fwp%2Fv2%2Ftags&post=18165"}],"curies":[{"name":"wp","href":"https:\/\/api.w.org\/{rel}","templated":true}]}}