{"id":18163,"date":"2026-01-16T09:00:01","date_gmt":"2026-01-16T08:00:01","guid":{"rendered":"https:\/\/www.frankensicht.de\/?p=18163"},"modified":"2026-01-16T09:00:01","modified_gmt":"2026-01-16T08:00:01","slug":"18-global-forum-for-food-and-agriculture-des-bmleh-eroeffnet","status":"publish","type":"post","link":"https:\/\/www.frankensicht.de\/?p=18163","title":{"rendered":"18. Global Forum for Food and Agriculture des BMLEH er\u00f6ffnet"},"content":{"rendered":"<p><span style=\"color: #ff0000;\">Berlin:<\/span><\/p>\n<p>18. Global Forum for Food and Agriculture des BMLEH er\u00f6ffnet<br \/>\nLeitthema: &#8222;Wasser. Ernten. Unsere Zukunft.&#8220;<\/p>\n<p><a href=\"https:\/\/www.frankensicht.de\/?attachment_id=12571\" rel=\"attachment wp-att-12571\"><img loading=\"lazy\" decoding=\"async\" class=\"alignnone size-medium wp-image-12571\" src=\"https:\/\/www.frankensicht.de\/wp-content\/uploads\/2019\/05\/huhn-225x300.jpg\" alt=\"\" width=\"225\" height=\"300\" srcset=\"https:\/\/www.frankensicht.de\/wp-content\/uploads\/2019\/05\/huhn-225x300.jpg 225w, https:\/\/www.frankensicht.de\/wp-content\/uploads\/2019\/05\/huhn-768x1024.jpg 768w, https:\/\/www.frankensicht.de\/wp-content\/uploads\/2019\/05\/huhn.jpg 774w\" sizes=\"auto, (max-width: 225px) 100vw, 225px\" \/><\/a><\/p>\n<p>Die Parlamentarische Staatssekret\u00e4rin beim Bundesminister f\u00fcr Landwirtschaft, Ern\u00e4hrung und Heimat, Martina Englhardt-Kopf, hat heute das 18. Weltern\u00e4hrungsforum &#8211; Global Forum for Food and Agriculture (GFFA) er\u00f6ffnet. Diese weltweit einzigartige Plattform zum multilateralen Austausch wird im Rahmen der Gr\u00fcnen Woche vom Bundesministerium f\u00fcr Landwirtschaft, Ern\u00e4hrung und Heimat (BMLEH) veranstaltet. Das GFFA steht in diesem Jahr unter dem Motto &#8222;Wasser. Ernten. Unsere Zukunft.&#8220;<\/p>\n<p>Bei der Er\u00f6ffnung sagte Martina Englhardt-Kopf: &#8222;Ohne Wasser gibt es keine Ern\u00e4hrungssicherheit. Das ist so einfach und so knallhart wie wahr. Um \u00fcber dieses lebensnotwendige Gut zu sprechen &#8211; und dar\u00fcber, wie wir es gemeinsam sch\u00fctzen und effizient nutzen k\u00f6nnen &#8211; kommen wir in diesem Jahr in Berlin zusammen. Die Landwirtschaft ist weltweit einer der gr\u00f6\u00dften Nutzer von Wasser. Sie tr\u00e4gt damit besondere Verantwortung f\u00fcr den Schutz dieses wertvollen Gutes. Gleichzeitig kann sie als Pionier und Wegbereiter wesentlich zu mehr Wasserresilienz beitragen. Mit dem GFFA 2026 st\u00e4rken wir das Bewusstsein f\u00fcr Wasser als begrenzte Lebensgrundlage der Landwirtschaft, entwickeln gemeinsame Antworten auf Mangel und \u00dcberschuss und b\u00fcndeln internationale Kr\u00e4fte, um Landwirtinnen und Landwirten im globalen Wasserdialog eine starke Stimme zu geben. Ich freue mich auf die Diskussionen in den kommenden Tagen.&#8220;<\/p>\n<p>Die heutige Er\u00f6ffnungsveranstaltung markiert den offiziellen Start f\u00fcr mehr als 20 Veranstaltungen, die im Rahmen des GFFA vom 14. bis 17. Januar 2026 stattfinden. Bereits gestern begr\u00fc\u00dfte Staatssekret\u00e4rin Englhardt-Kopf beim Internationalen Junglandwirteforum 20 Junglandwirtinnen und Junglandwirte von allen Kontinenten.<\/p>\n<p>Staatssekret\u00e4rin Englhardt-Kopf: &#8222;Es ist beeindruckend und inspirierend zu sehen, wie viel Engagement, Einfallsreichtum und Leidenschaft beim Junglandwirteforum zusammenkommen. Es ist auf den H\u00f6fen rund um die Welt meist die nachwachsende Generation, die Landwirtschaft neu denkt, innovative Ideen ausprobiert oder auf die Felder bringt und neue Wege geht. Ich danke allen, die so Verantwortung \u00fcbernehmen &#8211; nicht nur f\u00fcr ihre eigenen Betriebe, sondern f\u00fcr unsere gesamte Gesellschaft.&#8220;<\/p>\n<p>Die Teilnehmerinnen und Teilnehmer des Internationalen Junglandwirteforums bringen ihre wertvollen Erfahrungen aus ihren eigenen landwirtschaftlichen Betrieben oder ihrer Arbeit in nationalen Landwirtschaftsverb\u00e4nden aktiv in die Diskussionen des GFFA ein.<\/p>\n<p>Bereits zum dritten Mal in Folge veranstaltet die M\u00fcnchner Sicherheitskonferenz (MSC) in Zusammenarbeit mit dem BMLEH zudem im Rahmen des GFFA eine hochrangige Podiumsdiskussion &#8211; dieses Jahr mit dem Titel &#8222;Hydrostrategisches Denken: Die Geopolitik der Wasserresilienz und Ern\u00e4hrungssicherheit&#8220;. Gemeinsam wollen das BMLEH und das MSC mit diesem hochrangigen Panel die geopolitische Dimension der Wasserversorgungssicherheit im Vorfeld der UN-Wasserkonferenz 2026 beleuchten.<\/p>\n<p>Politischer H\u00f6hepunkt des GFFA ist die Berliner Agrarministerkonferenz am 17. Januar, die unter der Leitung des Bundesministers f\u00fcr Landwirtschaft, Ern\u00e4hrung und Heimat, Alois Rainer, stattfinden wird. \u00dcber 65 Agrarministerinnen und -minister aus aller Welt sowie mehr als zehn hochrangige Vertreterinnen und Vertreter internationaler Organisationen geh\u00f6ren zu den G\u00e4sten.<\/p>\n<p>Medienvertreterinnen und -vertreter sind herzlich eingeladen, die Berliner Agrarministerkonferenz zu begleiten. Details zur Anmeldung finden Sie hier&lt;https:\/\/www.bmleh.de\/SharedDocs\/Termine\/DE\/Presseeinladungen\/260117-gffa-rainer.html?nn=1518&gt;.<\/p>\n<p>Hier&lt;https:\/\/msc.gffa-berlin.de\/app\/uploads\/sites\/5\/2025\/07\/GFFA-2026-Hintergrundpapier.pdf&gt; finden Sie weitere Informationen zum Thema des diesj\u00e4hrigen GFFA. Zudem gibt es hier&lt;https:\/\/www.gffa-berlin.de\/events\/internationales-junglandwirteforum\/&gt; eine \u00dcbersicht der Teilnehmerinnen und Teilnehmer des Internationalen Junglandwirteforums.<\/p>\n<p>Hintergrund zum GFFA:<br \/>\nDas GFFA ist die f\u00fchrende internationale Konferenz zu zentralen Zukunftsfragen der globalen Landwirtschafts- und Ern\u00e4hrungspolitik. Sie findet j\u00e4hrlich parallel zur Gr\u00fcnen Woche in Berlin statt. Mit zahlreichen Veranstaltungen bietet das f\u00fcnft\u00e4gige Forum einem internationalen Fachpublikum aus Politik, Wirtschaft, Wissenschaft und Zivilgesellschaft die Gelegenheit, sich \u00fcber Fragen und Herausforderungen der globalen Agrarpolitik und Ern\u00e4hrungssicherung auszutauschen und zu verst\u00e4ndigen. Es werden rund 2000 internationale Besucherinnen und Besucher sowie rund 120 Sprecherinnen und Sprecher aus Politik, Wirtschaft, Wissenschaft und Zivilgesellschaft erwartet. Das GFFA wird vom Bundesministerium f\u00fcr Landwirtschaft, Ern\u00e4hrung und Heimat in Kooperation mit der Messe Berlin GmbH veranstaltet.<\/p>\n<p>Quelle:bmleh.bund.de<\/p>\n","protected":false},"excerpt":{"rendered":"<p>Berlin: 18. Global Forum for Food and Agriculture des BMLEH er\u00f6ffnet Leitthema: &#8222;Wasser. Ernten. Unsere Zukunft.&#8220; Die Parlamentarische Staatssekret\u00e4rin beim Bundesminister f\u00fcr Landwirtschaft, Ern\u00e4hrung und Heimat, Martina Englhardt-Kopf, hat heute das 18. Weltern\u00e4hrungsforum &#8211; Global Forum for Food and Agriculture (GFFA) er\u00f6ffnet. Diese weltweit einzigartige Plattform zum multilateralen Austausch wird im Rahmen der Gr\u00fcnen Woche [&hellip;]<\/p>\n","protected":false},"author":7,"featured_media":12571,"comment_status":"closed","ping_status":"open","sticky":false,"template":"","format":"standard","meta":{"footnotes":""},"categories":[44,3],"tags":[1092],"class_list":["post-18163","post","type-post","status-publish","format-standard","has-post-thumbnail","hentry","category-deutschland-2","category-news","tag-food-and-agriculture"],"_links":{"self":[{"href":"https:\/\/www.frankensicht.de\/index.php?rest_route=\/wp\/v2\/posts\/18163","targetHints":{"allow":["GET"]}}],"collection":[{"href":"https:\/\/www.frankensicht.de\/index.php?rest_route=\/wp\/v2\/posts"}],"about":[{"href":"https:\/\/www.frankensicht.de\/index.php?rest_route=\/wp\/v2\/types\/post"}],"author":[{"embeddable":true,"href":"https:\/\/www.frankensicht.de\/index.php?rest_route=\/wp\/v2\/users\/7"}],"replies":[{"embeddable":true,"href":"https:\/\/www.frankensicht.de\/index.php?rest_route=%2Fwp%2Fv2%2Fcomments&post=18163"}],"version-history":[{"count":1,"href":"https:\/\/www.frankensicht.de\/index.php?rest_route=\/wp\/v2\/posts\/18163\/revisions"}],"predecessor-version":[{"id":18164,"href":"https:\/\/www.frankensicht.de\/index.php?rest_route=\/wp\/v2\/posts\/18163\/revisions\/18164"}],"wp:featuredmedia":[{"embeddable":true,"href":"https:\/\/www.frankensicht.de\/index.php?rest_route=\/wp\/v2\/media\/12571"}],"wp:attachment":[{"href":"https:\/\/www.frankensicht.de\/index.php?rest_route=%2Fwp%2Fv2%2Fmedia&parent=18163"}],"wp:term":[{"taxonomy":"category","embeddable":true,"href":"https:\/\/www.frankensicht.de\/index.php?rest_route=%2Fwp%2Fv2%2Fcategories&post=18163"},{"taxonomy":"post_tag","embeddable":true,"href":"https:\/\/www.frankensicht.de\/index.php?rest_route=%2Fwp%2Fv2%2Ftags&post=18163"}],"curies":[{"name":"wp","href":"https:\/\/api.w.org\/{rel}","templated":true}]}}