{"id":1815,"date":"2012-05-22T14:29:22","date_gmt":"2012-05-22T12:29:22","guid":{"rendered":"http:\/\/www.frankensicht.de\/?p=1815"},"modified":"2012-05-22T14:29:29","modified_gmt":"2012-05-22T12:29:29","slug":"jeder-ist-dabei-und-gleichermasen-als-person-wertvoll-special-olympics-2012","status":"publish","type":"post","link":"https:\/\/www.frankensicht.de\/?p=1815","title":{"rendered":"Jeder ist dabei und gleicherma\u00dfen als Person wertvoll &#8211; Special Olympics 2012"},"content":{"rendered":"<p><span style=\"color: #ff0000;\">M\u00fcnchen:<\/span><\/p>\n<p>Kultus- und Sportminister Spaenle vertritt Staatsregierung bei Er\u00f6ffnungsfeier der Special Olympics 2012 &#8211; Schirmherr Bundespr\u00e4sident Gauck<\/p>\n<p>M\u00dcNCHEN. &#8222;Lasst mich gewinnen, doch wenn ich nicht gewinnen kann, lasst mich mutig mein Bestes geben!&#8220; Gem\u00e4\u00df dem Special Olympics Eid wurden am gestrigen Abend die Special Olympics, zu der vom 20. bis 26. Mai 2012 rund 5.000 Athleten nach M\u00fcnchen gekommen sind, in der Olympiahalle durch Bundespr\u00e4sident Joachim Gauck im Beisein von Kultus- und Sportminister Dr. Ludwig Spaenle feierlich er\u00f6ffnet.<br \/>\n&#8222;Sport verbindet Menschen. Im Miteinander kommen sie einander n\u00e4her, vermitteln gegenseitig Akzeptanz, Toleranz und Respekt. Der olympische Gedanke ist es, der z\u00e4hlt: Das Wichtigste an den Olympischen Spielen ist nicht der Sieg, sondern die Teilnahme,&#8220; betont der Minister. &#8222;Jeder ist dabei und gleicherma\u00dfen als Person wertvoll.&#8220;<br \/>\nDie Athletinnen und Athleten k\u00f6nnen in 19 Sportarten antreten und unter dem Motto &#8222;Gemeinsam stark&#8220; ein gro\u00dfes Fest mit vielen inklusiven Angeboten feiern.<\/p>\n<p>Special Olympics International ist weltweit die gr\u00f6\u00dfte &#8211; vom Internationalen Olympischen Komitee offiziell anerkannte &#8211; Sportbewegung f\u00fcr geistig und mehrfach behinderte Menschen, die 1968 in den USA durch die Familie Kennedy gegr\u00fcndet wurde.<br \/>\nDie Philosophie von Special Olympics ist es, mit dem Mittel Sport die Akzeptanz von Menschen mit geistiger Behinderung in der Gesellschaft zu verbessern.<br \/>\n&#8222;Der Geist der Special Olympics ist mitrei\u00dfend. Wir erleben hier heute alle ein Sportfest, das Menschen mit und ohne Behinderung einander n\u00e4her bringt,&#8220; so der Minister abschlie\u00dfend.<\/p>\n<p>Quelle: stmuk.bayern.de<\/p>\n<p><a href=\"https:\/\/www.frankensicht.de\/?attachment_id=1818\" rel=\"attachment wp-att-1818\"><img loading=\"lazy\" decoding=\"async\" class=\"alignnone size-medium wp-image-1818\" title=\"olympics\" src=\"https:\/\/www.frankensicht.de\/wp-content\/uploads\/2012\/05\/olympics-300x187.jpg\" alt=\"\" width=\"300\" height=\"187\" srcset=\"https:\/\/www.frankensicht.de\/wp-content\/uploads\/2012\/05\/olympics-300x187.jpg 300w, https:\/\/www.frankensicht.de\/wp-content\/uploads\/2012\/05\/olympics.jpg 640w\" sizes=\"auto, (max-width: 300px) 100vw, 300px\" \/><\/a><\/p>\n","protected":false},"excerpt":{"rendered":"<p>M\u00fcnchen: Kultus- und Sportminister Spaenle vertritt Staatsregierung bei Er\u00f6ffnungsfeier der Special Olympics 2012 &#8211; Schirmherr Bundespr\u00e4sident Gauck M\u00dcNCHEN. &#8222;Lasst mich gewinnen, doch wenn ich nicht gewinnen kann, lasst mich mutig mein Bestes geben!&#8220; Gem\u00e4\u00df dem Special Olympics Eid wurden am gestrigen Abend die Special Olympics, zu der vom 20. bis 26. Mai 2012 rund 5.000 [&hellip;]<\/p>\n","protected":false},"author":7,"featured_media":1818,"comment_status":"open","ping_status":"open","sticky":false,"template":"","format":"standard","meta":{"footnotes":""},"categories":[78,71,15],"tags":[441],"class_list":["post-1815","post","type-post","status-publish","format-standard","has-post-thumbnail","hentry","category-bayern","category-menue","category-sport","tag-special-olympics-2012"],"_links":{"self":[{"href":"https:\/\/www.frankensicht.de\/index.php?rest_route=\/wp\/v2\/posts\/1815","targetHints":{"allow":["GET"]}}],"collection":[{"href":"https:\/\/www.frankensicht.de\/index.php?rest_route=\/wp\/v2\/posts"}],"about":[{"href":"https:\/\/www.frankensicht.de\/index.php?rest_route=\/wp\/v2\/types\/post"}],"author":[{"embeddable":true,"href":"https:\/\/www.frankensicht.de\/index.php?rest_route=\/wp\/v2\/users\/7"}],"replies":[{"embeddable":true,"href":"https:\/\/www.frankensicht.de\/index.php?rest_route=%2Fwp%2Fv2%2Fcomments&post=1815"}],"version-history":[{"count":0,"href":"https:\/\/www.frankensicht.de\/index.php?rest_route=\/wp\/v2\/posts\/1815\/revisions"}],"wp:featuredmedia":[{"embeddable":true,"href":"https:\/\/www.frankensicht.de\/index.php?rest_route=\/wp\/v2\/media\/1818"}],"wp:attachment":[{"href":"https:\/\/www.frankensicht.de\/index.php?rest_route=%2Fwp%2Fv2%2Fmedia&parent=1815"}],"wp:term":[{"taxonomy":"category","embeddable":true,"href":"https:\/\/www.frankensicht.de\/index.php?rest_route=%2Fwp%2Fv2%2Fcategories&post=1815"},{"taxonomy":"post_tag","embeddable":true,"href":"https:\/\/www.frankensicht.de\/index.php?rest_route=%2Fwp%2Fv2%2Ftags&post=1815"}],"curies":[{"name":"wp","href":"https:\/\/api.w.org\/{rel}","templated":true}]}}