{"id":18146,"date":"2026-01-09T08:48:39","date_gmt":"2026-01-09T07:48:39","guid":{"rendered":"https:\/\/www.frankensicht.de\/?p=18146"},"modified":"2026-01-09T08:48:39","modified_gmt":"2026-01-09T07:48:39","slug":"entwicklung-der-auftragseingaenge-im-verarbeitenden-gewerbe-berichtsmonat-november-2025","status":"publish","type":"post","link":"https:\/\/www.frankensicht.de\/?p=18146","title":{"rendered":"Entwicklung der Auftragseing\u00e4nge im Verarbeitenden Gewerbe Berichtsmonat November 2025"},"content":{"rendered":"<p><span style=\"color: #ff0000;\">Berlin:<\/span><\/p>\n<p>Entwicklung der Auftragseing\u00e4nge im Verarbeitenden Gewerbe Berichtsmonat November 2025<\/p>\n<p><a href=\"https:\/\/www.frankensicht.de\/?attachment_id=1513\" rel=\"attachment wp-att-1513\"><img loading=\"lazy\" decoding=\"async\" class=\"alignnone size-medium wp-image-1513\" src=\"https:\/\/www.frankensicht.de\/wp-content\/uploads\/2012\/05\/statistik-300x223.jpg\" alt=\"\" width=\"300\" height=\"223\" srcset=\"https:\/\/www.frankensicht.de\/wp-content\/uploads\/2012\/05\/statistik-300x223.jpg 300w, https:\/\/www.frankensicht.de\/wp-content\/uploads\/2012\/05\/statistik.jpeg 370w\" sizes=\"auto, (max-width: 300px) 100vw, 300px\" \/><\/a><\/p>\n<p>Die Auftragseing\u00e4nge im Verarbeitenden Gewerbe setzen im November ihre Erholung fort. Nach Angaben<br \/>\ndes Statistischen Bundesamts1 stieg das Ordervolumen gegen\u00fcber Oktober preis-, kalender- und<br \/>\nsaisonbereinigt um deutliche 5,6\u00a0Prozent. Eine \u00fcberdurchschnittliche H\u00e4ufung inl\u00e4ndischer<br \/>\nGro\u00dfauftr\u00e4ge sorgte auch im weniger schwankungsanf\u00e4lligen Dreimonatsvergleich f\u00fcr eine deutliche<br \/>\nZunahme von 4,0\u00a0Prozent gegen\u00fcber dem Vergleichszeitraum. Auch ohne die Ber\u00fccksichtigung von<br \/>\nGro\u00dfauftr\u00e4gen legten die Auftragseing\u00e4nge im Dreimonatsvergleich um deutliche 2,1 Prozent zu. Im<br \/>\nVerh\u00e4ltnis zum November 2024 betr\u00e4gt die Steigerung beachtliche 10,5\u00a0Prozent.<br \/>\nDer st\u00e4rkste Nachfrageimpuls stammte erneut aus dem Inland, von wo die Bestellungen \u2013 auch<br \/>\nbefl\u00fcgelt durch Gro\u00dfauftr\u00e4ge \u2013 um 6,5\u00a0Prozent zulegten. Die Nachfrage aus dem Ausland zog<br \/>\nallerdings ebenfalls sp\u00fcrbar mit +4,9\u00a0Prozent an. Vermehrte Orderzufl\u00fcsse stammten dabei sowohl aus<br \/>\ndem Euroraum als auch aus Drittl\u00e4ndern. In den einzelnen G\u00fctergruppen machten sich die Gro\u00dfauftr\u00e4ge<br \/>\nbei den Konsum- sowie den Investitionsg\u00fctern bemerkbar, die eine Expansion um jeweils 8,2\u00a0Prozent<br \/>\nbzw. 7,9\u00a0Prozent verbuchen konnten. Auch Vorleistungsg\u00fcter waren mit +1,0\u00a0Prozent st\u00e4rker<br \/>\nnachgefragt.<br \/>\nDie \u00fcberwiegende Mehrheit der Wirtschaftszweige registrierte h\u00f6here Auftragseing\u00e4nge: Am st\u00e4rksten<br \/>\nausgepr\u00e4gt war diese Entwicklung in den Bereichen Bekleidung (+29,6\u00a0Prozent), Metallerzeugnisse<br \/>\n(+25,3\u00a0Prozent), Sonstiger Fahrzeugbau (+12,3\u00a0Prozent) und EDV und Optik (+8,3\u00a0Prozent). In der<br \/>\ngewichtigen Kfz-Industrie kam es zu einer moderaten Steigerung von 0,8\u00a0Prozent. R\u00fcckl\u00e4ufig war die<br \/>\nNachfrage dagegen bei pharmazeutischen Erzeugnissen (\u20113,5\u00a0Prozent), Metallerzeugung (-2,3\u00a0Prozent)<br \/>\nund Textilien (-1,0\u00a0Prozent).<br \/>\nBereits seit einigen Monaten f\u00fchren Gro\u00dfauftr\u00e4ge \u2013 v. a. vor dem Hintergrund<br \/>\nverteidigungswirtschaftlicher Beschaffungen \u2013 zu Ausschl\u00e4gen bei den monatlichen Auftragseing\u00e4ngen.<br \/>\nGrunds\u00e4tzlich verstetigt sich aber der Trend einer zunehmenden Nachfrage aus dem Inland sowie dem<br \/>\nEuroraum. Demgegen\u00fcber entwickeln sich die Auftragseing\u00e4nge aus Drittl\u00e4ndern angesichts der<br \/>\nhandels- und geopolitischen Unw\u00e4gbarkeiten seit Fr\u00fchjahr 2025 tendenziell schwach. Somit ist weiter<br \/>\nmit einer ged\u00e4mpften Exportentwicklung zu rechnen.<br \/>\n________________________________________<\/p>\n<p>1 Pressemitteilung des Statistischen Bundesamtes vom 8. Januar 2026<\/p>\n<p>https:\/\/www.bundeswirtschaftsministerium.de\/Redaktion\/DE\/Pressemitteilungen\/Verarbeitendes-Gewerbe\/2026\/20260108-entwicklung-der-auftragseingaenge-im-verarbeitenden-gewerbe-berichtsmonat-november.html<br \/>\n_______________________________________________________________<\/p>\n<p>Quellle:bundeswirtschaftsministerium.de<\/p>\n","protected":false},"excerpt":{"rendered":"<p>Berlin: Entwicklung der Auftragseing\u00e4nge im Verarbeitenden Gewerbe Berichtsmonat November 2025 Die Auftragseing\u00e4nge im Verarbeitenden Gewerbe setzen im November ihre Erholung fort. Nach Angaben des Statistischen Bundesamts1 stieg das Ordervolumen gegen\u00fcber Oktober preis-, kalender- und saisonbereinigt um deutliche 5,6\u00a0Prozent. Eine \u00fcberdurchschnittliche H\u00e4ufung inl\u00e4ndischer Gro\u00dfauftr\u00e4ge sorgte auch im weniger schwankungsanf\u00e4lligen Dreimonatsvergleich f\u00fcr eine deutliche Zunahme von 4,0\u00a0Prozent [&hellip;]<\/p>\n","protected":false},"author":7,"featured_media":1513,"comment_status":"closed","ping_status":"open","sticky":false,"template":"","format":"standard","meta":{"footnotes":""},"categories":[44,3],"tags":[4741],"class_list":["post-18146","post","type-post","status-publish","format-standard","has-post-thumbnail","hentry","category-deutschland-2","category-news","tag-11-2025"],"_links":{"self":[{"href":"https:\/\/www.frankensicht.de\/index.php?rest_route=\/wp\/v2\/posts\/18146","targetHints":{"allow":["GET"]}}],"collection":[{"href":"https:\/\/www.frankensicht.de\/index.php?rest_route=\/wp\/v2\/posts"}],"about":[{"href":"https:\/\/www.frankensicht.de\/index.php?rest_route=\/wp\/v2\/types\/post"}],"author":[{"embeddable":true,"href":"https:\/\/www.frankensicht.de\/index.php?rest_route=\/wp\/v2\/users\/7"}],"replies":[{"embeddable":true,"href":"https:\/\/www.frankensicht.de\/index.php?rest_route=%2Fwp%2Fv2%2Fcomments&post=18146"}],"version-history":[{"count":1,"href":"https:\/\/www.frankensicht.de\/index.php?rest_route=\/wp\/v2\/posts\/18146\/revisions"}],"predecessor-version":[{"id":18147,"href":"https:\/\/www.frankensicht.de\/index.php?rest_route=\/wp\/v2\/posts\/18146\/revisions\/18147"}],"wp:featuredmedia":[{"embeddable":true,"href":"https:\/\/www.frankensicht.de\/index.php?rest_route=\/wp\/v2\/media\/1513"}],"wp:attachment":[{"href":"https:\/\/www.frankensicht.de\/index.php?rest_route=%2Fwp%2Fv2%2Fmedia&parent=18146"}],"wp:term":[{"taxonomy":"category","embeddable":true,"href":"https:\/\/www.frankensicht.de\/index.php?rest_route=%2Fwp%2Fv2%2Fcategories&post=18146"},{"taxonomy":"post_tag","embeddable":true,"href":"https:\/\/www.frankensicht.de\/index.php?rest_route=%2Fwp%2Fv2%2Ftags&post=18146"}],"curies":[{"name":"wp","href":"https:\/\/api.w.org\/{rel}","templated":true}]}}