{"id":18144,"date":"2026-01-08T08:39:29","date_gmt":"2026-01-08T07:39:29","guid":{"rendered":"https:\/\/www.frankensicht.de\/?p=18144"},"modified":"2026-01-08T08:39:29","modified_gmt":"2026-01-08T07:39:29","slug":"bayerns-wirtschaftsminister-zu-den-arbeitsmarktzahlen-in-niederbayern-fuer-dezember-2025","status":"publish","type":"post","link":"https:\/\/www.frankensicht.de\/?p=18144","title":{"rendered":"Bayerns Wirtschaftsminister zu den Arbeitsmarktzahlen in Niederbayern f\u00fcr Dezember 2025"},"content":{"rendered":"<p><span style=\"color: #ff0000;\">M\u00fcnchen:<\/span><\/p>\n<p>Bayerns Wirtschaftsminister zu den Arbeitsmarktzahlen in Niederbayern f\u00fcr Dezember 2025<\/p>\n<p>Aiwanger: &#8222;Niederbayern besser als der Bayernschnitt, trotz Problemen bei Automobil und Maschinenbau&#8220;<\/p>\n<p><a href=\"https:\/\/www.frankensicht.de\/?attachment_id=1457\" rel=\"attachment wp-att-1457\"><img loading=\"lazy\" decoding=\"async\" class=\"alignnone size-full wp-image-1457\" src=\"https:\/\/www.frankensicht.de\/wp-content\/uploads\/2012\/05\/StatPressCN-\u2039-frankensicht.de-\u2014-WordPress_1336737358340.jpeg\" alt=\"\" width=\"235\" height=\"119\" \/><\/a><\/p>\n<p>Die Arbeitslosenquote in Niederbayern liegt im Dezember bei 3,9 Prozent. Das entspricht gegen\u00fcber dem Vorjahr einem leichten Anstieg um 0,1 Prozentpunkte. Damit ist die Lage in Niederbayern etwas besser als im gesamten Freistaat. Besonders gut l\u00e4uft es in Landshut und Kelheim. \u00a0 Bayerns Wirtschaftsminister Hubert Aiwanger: \u201eNiederbayerns Arbeitsmarkt ist besser als der Freistaat insgesamt, im Vergleich zum Bundesdurchschnitt mit einer Arbeitslosenquote von 6,2 Prozent stehen wir sehr gut da. Doch damit d\u00fcrfen wir uns nicht zufriedengeben. Die Zahl der Arbeitslosen steigt kontinuierlich und eine Trendwende ist nicht in Sicht. Niederbayern ist vor allem durch den Fahrzeug- und Maschinenbau gepr\u00e4gt. Teure Energie, hohe Steuern und zu viel B\u00fcrokratie wirken sich direkt auf die hiesigen Firmen aus, die sich wegen ihrer hohen Exportquote im internationalen Wettbewerb behaupten m\u00fcssen. Wir in Bayern versuchen h\u00e4nderingend unseren Unternehmen dabei bestm\u00f6glich unter die Arme zu greifen. Es wird Zeit, dass uns Berlin und Br\u00fcssel unterst\u00fctzen und damit aufh\u00f6ren, der Wirtschaft mit zu vielen Vorgaben Sand ins Getriebe zu streuen.\u201c \u00a0 Mit 3,3 Prozent haben die Landkreise Kelheim und Landshut die niedrigste Arbeitslosenquote in Niederbayern. Die Arbeitslosenquote ist im Vergleich zum Vorjahr jeweils um 0,1 Prozentpunkte gestiegen. Die h\u00f6chste Arbeitslosenquote in Niederbayern weist erneut die Stadt Straubing mit 6,5 Prozent auf. Im Vergleich zum Vorjahr stieg die Arbeitslosenquote dabei deutlich um 0,8 Prozentpunkte.<\/p>\n<p>Quelle:stmwi.bayern.de<\/p>\n","protected":false},"excerpt":{"rendered":"<p>M\u00fcnchen: Bayerns Wirtschaftsminister zu den Arbeitsmarktzahlen in Niederbayern f\u00fcr Dezember 2025 Aiwanger: &#8222;Niederbayern besser als der Bayernschnitt, trotz Problemen bei Automobil und Maschinenbau&#8220; Die Arbeitslosenquote in Niederbayern liegt im Dezember bei 3,9 Prozent. Das entspricht gegen\u00fcber dem Vorjahr einem leichten Anstieg um 0,1 Prozentpunkte. Damit ist die Lage in Niederbayern etwas besser als im gesamten [&hellip;]<\/p>\n","protected":false},"author":7,"featured_media":1457,"comment_status":"closed","ping_status":"open","sticky":false,"template":"","format":"standard","meta":{"footnotes":""},"categories":[78,71],"tags":[4740],"class_list":["post-18144","post","type-post","status-publish","format-standard","has-post-thumbnail","hentry","category-bayern","category-menue","tag-arbeitslosenquote-2025-bayern"],"_links":{"self":[{"href":"https:\/\/www.frankensicht.de\/index.php?rest_route=\/wp\/v2\/posts\/18144","targetHints":{"allow":["GET"]}}],"collection":[{"href":"https:\/\/www.frankensicht.de\/index.php?rest_route=\/wp\/v2\/posts"}],"about":[{"href":"https:\/\/www.frankensicht.de\/index.php?rest_route=\/wp\/v2\/types\/post"}],"author":[{"embeddable":true,"href":"https:\/\/www.frankensicht.de\/index.php?rest_route=\/wp\/v2\/users\/7"}],"replies":[{"embeddable":true,"href":"https:\/\/www.frankensicht.de\/index.php?rest_route=%2Fwp%2Fv2%2Fcomments&post=18144"}],"version-history":[{"count":1,"href":"https:\/\/www.frankensicht.de\/index.php?rest_route=\/wp\/v2\/posts\/18144\/revisions"}],"predecessor-version":[{"id":18145,"href":"https:\/\/www.frankensicht.de\/index.php?rest_route=\/wp\/v2\/posts\/18144\/revisions\/18145"}],"wp:featuredmedia":[{"embeddable":true,"href":"https:\/\/www.frankensicht.de\/index.php?rest_route=\/wp\/v2\/media\/1457"}],"wp:attachment":[{"href":"https:\/\/www.frankensicht.de\/index.php?rest_route=%2Fwp%2Fv2%2Fmedia&parent=18144"}],"wp:term":[{"taxonomy":"category","embeddable":true,"href":"https:\/\/www.frankensicht.de\/index.php?rest_route=%2Fwp%2Fv2%2Fcategories&post=18144"},{"taxonomy":"post_tag","embeddable":true,"href":"https:\/\/www.frankensicht.de\/index.php?rest_route=%2Fwp%2Fv2%2Ftags&post=18144"}],"curies":[{"name":"wp","href":"https:\/\/api.w.org\/{rel}","templated":true}]}}