{"id":18139,"date":"2026-01-05T08:44:10","date_gmt":"2026-01-05T07:44:10","guid":{"rendered":"https:\/\/www.frankensicht.de\/?p=18139"},"modified":"2026-01-05T08:44:10","modified_gmt":"2026-01-05T07:44:10","slug":"aiwanger-zu-dihk-klimaschutz-und-wirtschaft","status":"publish","type":"post","link":"https:\/\/www.frankensicht.de\/?p=18139","title":{"rendered":"Aiwanger zu DIHK, Klimaschutz und Wirtschaft"},"content":{"rendered":"<p><span style=\"color: #ff0000;\">M\u00fcnchen:<\/span><\/p>\n<p>Aiwanger zu DIHK, Klimaschutz und Wirtschaft<\/p>\n<p>Aiwanger: &#8222;Klimaschutz mit Augenma\u00df, nicht mit der Brechstange!&#8220;<\/p>\n<p><a href=\"https:\/\/www.frankensicht.de\/?attachment_id=16349\" rel=\"attachment wp-att-16349\"><img loading=\"lazy\" decoding=\"async\" class=\"alignnone size-medium wp-image-16349\" src=\"https:\/\/www.frankensicht.de\/wp-content\/uploads\/2014\/09\/cropped-bayern-300x113.png\" alt=\"\" width=\"300\" height=\"113\" srcset=\"https:\/\/www.frankensicht.de\/wp-content\/uploads\/2014\/09\/cropped-bayern-300x113.png 300w, https:\/\/www.frankensicht.de\/wp-content\/uploads\/2014\/09\/cropped-bayern-1024x384.png 1024w, https:\/\/www.frankensicht.de\/wp-content\/uploads\/2014\/09\/cropped-bayern-768x288.png 768w, https:\/\/www.frankensicht.de\/wp-content\/uploads\/2014\/09\/cropped-bayern-1536x576.png 1536w, https:\/\/www.frankensicht.de\/wp-content\/uploads\/2014\/09\/cropped-bayern.png 1600w\" sizes=\"auto, (max-width: 300px) 100vw, 300px\" \/><\/a><\/p>\n<p>Der bayerische Wirtschaftsminister Hubert Aiwanger unterst\u00fctzt die Kritik des DIHK-Pr\u00e4sidenten Peter Adrian gegen die \u00fcberzogene Klimapolitik in Deutschland und der EU. Adrian hatte von \u201eBesserwisserei\u201c der deutschen Klimapolitik gesprochen. Dazu Hubert Aiwanger: \u201eEndlich meldet sich die betroffene Industrie zu Wort, bevor der Industriestandort Deutschland ruiniert ist. Zu lange wurden Gesellschaft und Wirtschaft durch eine fragw\u00fcrdige Meinungsmache von NGOs und gewissen Medien eingesch\u00fcchtert. Wer es wagte, die ideologische Klimapolitik zu hinterfragen, wurde als &#8218;Klimaleugner&#8216; an den Pranger gestellt und zum Schweigen gebracht. Die Gretas und Luisas waren Dauergast und Kronzeugen in den Talkshows und haben uns die Welt erkl\u00e4rt. Wirtschaft und Unternehmer dagegen wurden als die Schmuddelkinder der Nation behandelt, allen voran die Autoindustrie, die seit dem sogenannten &#8218;Dieselskandal&#8216;\u00a0\u00a0eingesch\u00fcchtert in der Ecke stand und immer mehr Zumutungen \u00fcber sich ergehen lassen musste. W\u00e4hrend wir uns durch immer mehr CO2-Hybris die Luft abschn\u00fcrten, hat die Welt um uns herum unsere Marktanteile \u00fcbernommen und produziert mit weniger Umweltstandards munter weiter. Das hat auch zu immer mehr politischer Spaltung im Land gef\u00fchrt. Wir brauchen Klimaschutz mit Augenma\u00df, nicht mit der Brechstange. H\u00f6chste Zeit, dass endlich wieder Politik mit gesundem Menschenverstand statt woker gr\u00fcner Ideologie gemacht wird, die im Kern wachstumsfeindlich ist und die Deindustrialisierung unseres Landes anstrebt. Damit macht sich diese Ideologie zum Helfershelfer unserer wirtschaftlichen Konkurrenz in anderen Regionen der Welt.\u201c<\/p>\n<p>Quelle:stmwi.bayern.de<\/p>\n<p>&nbsp;<\/p>\n","protected":false},"excerpt":{"rendered":"<p>M\u00fcnchen: Aiwanger zu DIHK, Klimaschutz und Wirtschaft Aiwanger: &#8222;Klimaschutz mit Augenma\u00df, nicht mit der Brechstange!&#8220; Der bayerische Wirtschaftsminister Hubert Aiwanger unterst\u00fctzt die Kritik des DIHK-Pr\u00e4sidenten Peter Adrian gegen die \u00fcberzogene Klimapolitik in Deutschland und der EU. Adrian hatte von \u201eBesserwisserei\u201c der deutschen Klimapolitik gesprochen. Dazu Hubert Aiwanger: \u201eEndlich meldet sich die betroffene Industrie zu Wort, [&hellip;]<\/p>\n","protected":false},"author":7,"featured_media":7610,"comment_status":"closed","ping_status":"open","sticky":false,"template":"","format":"standard","meta":{"footnotes":""},"categories":[78,71],"tags":[4739],"class_list":["post-18139","post","type-post","status-publish","format-standard","has-post-thumbnail","hentry","category-bayern","category-menue","tag-klimaschutz-2026"],"_links":{"self":[{"href":"https:\/\/www.frankensicht.de\/index.php?rest_route=\/wp\/v2\/posts\/18139","targetHints":{"allow":["GET"]}}],"collection":[{"href":"https:\/\/www.frankensicht.de\/index.php?rest_route=\/wp\/v2\/posts"}],"about":[{"href":"https:\/\/www.frankensicht.de\/index.php?rest_route=\/wp\/v2\/types\/post"}],"author":[{"embeddable":true,"href":"https:\/\/www.frankensicht.de\/index.php?rest_route=\/wp\/v2\/users\/7"}],"replies":[{"embeddable":true,"href":"https:\/\/www.frankensicht.de\/index.php?rest_route=%2Fwp%2Fv2%2Fcomments&post=18139"}],"version-history":[{"count":1,"href":"https:\/\/www.frankensicht.de\/index.php?rest_route=\/wp\/v2\/posts\/18139\/revisions"}],"predecessor-version":[{"id":18140,"href":"https:\/\/www.frankensicht.de\/index.php?rest_route=\/wp\/v2\/posts\/18139\/revisions\/18140"}],"wp:featuredmedia":[{"embeddable":true,"href":"https:\/\/www.frankensicht.de\/index.php?rest_route=\/wp\/v2\/media\/7610"}],"wp:attachment":[{"href":"https:\/\/www.frankensicht.de\/index.php?rest_route=%2Fwp%2Fv2%2Fmedia&parent=18139"}],"wp:term":[{"taxonomy":"category","embeddable":true,"href":"https:\/\/www.frankensicht.de\/index.php?rest_route=%2Fwp%2Fv2%2Fcategories&post=18139"},{"taxonomy":"post_tag","embeddable":true,"href":"https:\/\/www.frankensicht.de\/index.php?rest_route=%2Fwp%2Fv2%2Ftags&post=18139"}],"curies":[{"name":"wp","href":"https:\/\/api.w.org\/{rel}","templated":true}]}}