{"id":18137,"date":"2026-01-04T08:40:55","date_gmt":"2026-01-04T07:40:55","guid":{"rendered":"https:\/\/www.frankensicht.de\/?p=18137"},"modified":"2026-01-04T08:40:55","modified_gmt":"2026-01-04T07:40:55","slug":"kultur-erleben","status":"publish","type":"post","link":"https:\/\/www.frankensicht.de\/?p=18137","title":{"rendered":"Kultur erleben"},"content":{"rendered":"<p><span style=\"color: #ff0000;\">Bayreuth:<\/span><\/p>\n<p>Kultur erleben<br \/>\nEin gesundes, neues und erlebnisreiches Jahr 2026! In Bayreuth steht das Jahr 2026 im Zeichen zahlreicher Jubil\u00e4en: 150 Jahre Bayreuther Festspiele, 50 Jahre Richard-Wagner-Museum, 30 Jahre<br \/>\nHistorisches Museum in der &#8222;Alten Lateinschule&#8220; und 60 Jahre St\u00e4dtepartnerschaft mit dem franz\u00f6sischen Annecy! All diese Jubil\u00e4en feiern wir mit verschiedenen Veranstaltungen, die auch immer wieder<br \/>\nhier im Kultur-Newsletter auftauchen werden &#8211; so auch (neben anderen Kultur-H\u00f6hepunkten) in unserem aktuellen f\u00fcr Januar!<\/p>\n<p><a href=\"https:\/\/www.frankensicht.de\/?attachment_id=7610\" rel=\"attachment wp-att-7610\"><img loading=\"lazy\" decoding=\"async\" class=\"alignnone size-medium wp-image-7610\" src=\"https:\/\/www.frankensicht.de\/wp-content\/uploads\/2014\/09\/bayern-300x180.png\" alt=\"\" width=\"300\" height=\"180\" srcset=\"https:\/\/www.frankensicht.de\/wp-content\/uploads\/2014\/09\/bayern-300x180.png 300w, https:\/\/www.frankensicht.de\/wp-content\/uploads\/2014\/09\/bayern.png 1000w\" sizes=\"auto, (max-width: 300px) 100vw, 300px\" \/><\/a><br \/>\n\u200c<br \/>\n[Logo-festival150-187-160px]<br \/>\nLOS GEHT&#8217;S MIT DEM FESTSPIEL-JUBIL\u00e4UM [2]<br \/>\n\u200c<br \/>\n[Historisches Museum]<br \/>\nTASCHENLAMPENF\u00fcHRUNG NACHTS IM MUSEUM [3]<br \/>\n[1767096148209]<br \/>\nFOTO-AUSSTELLUNG<br \/>\n&#8222;EINFACH TYPISCH&#8220;<br \/>\n\u200c<br \/>\n\u200c<br \/>\n[konzerttermine_saison25-26_1000x800px_06]<br \/>\nKULTURFREUNDE LADEN ZU ZWEI KONZERTEN EIN<br \/>\nweitere Informationen [4]<br \/>\n\u200c<br \/>\n\u200c<br \/>\n[caroline-wahl-c-frederike-wetzels_quer]<br \/>\nBAYREUTHER<br \/>\nLESELUST-FESTIVAL<br \/>\nweitere Informationen [5]<br \/>\n\u200c<br \/>\n\u200c<br \/>\n[1987_135_wald2]<br \/>\n&#8222;WALD&#8220; IN DER STUDIOB\u00fcHNE<br \/>\nweitere Informationen [6]<br \/>\n\u200c<br \/>\n\u200c<br \/>\n[kjetilmulelidtrio-header-1640&#215;625-1]<br \/>\nZWEI JAZZKONZERTE<br \/>\nIM BECHERSAAL<br \/>\nweitere Informationen [7]<br \/>\n\u200c<br \/>\n\u200c<br \/>\nGIACOSO BIS AGITATO!<br \/>\nDie Hochschule f\u00fcr evangelische Kirchenmusik gibt am Samstag, 17. Januar, um 18 Uhr, im gro\u00dfen Orgelsaal ein Konzert unter dem Titel &#8222;Giocoso bis Agitato!&#8220;<br \/>\nmehr dazu [8]<br \/>\n\u200c<br \/>\nFILM-MUSIK<br \/>\nAm Donnerstag, 22. Januar, um 16 Uhr, findet in der Oberfrankenhalle ein Konzert mit dem Titel &#8222;The Music of Hans Zimmer &amp; Others &#8211; A Celebration of Film Music&#8220; statt.<br \/>\nmehr dazu [9]<br \/>\nEUROPAS FRONT<br \/>\n&#8222;Europas Front &#8211; Krieg in der Ukraine&#8220; lautet der Titel der Fotoausstellung des Bamberger Journalisten Till Mayer, die ab 8. Januar in der RW21 Stadtbibliothek gezeigt wird.<br \/>\nmehr dazu [10]<\/p>\n<p>Quelle: bayreuth.de<\/p>\n","protected":false},"excerpt":{"rendered":"<p>Bayreuth: Kultur erleben Ein gesundes, neues und erlebnisreiches Jahr 2026! In Bayreuth steht das Jahr 2026 im Zeichen zahlreicher Jubil\u00e4en: 150 Jahre Bayreuther Festspiele, 50 Jahre Richard-Wagner-Museum, 30 Jahre Historisches Museum in der &#8222;Alten Lateinschule&#8220; und 60 Jahre St\u00e4dtepartnerschaft mit dem franz\u00f6sischen Annecy! All diese Jubil\u00e4en feiern wir mit verschiedenen Veranstaltungen, die auch immer wieder [&hellip;]<\/p>\n","protected":false},"author":7,"featured_media":7610,"comment_status":"closed","ping_status":"open","sticky":false,"template":"","format":"standard","meta":{"footnotes":""},"categories":[78,96,71,83],"tags":[899],"class_list":["post-18137","post","type-post","status-publish","format-standard","has-post-thumbnail","hentry","category-bayern","category-bayreuth-oberfranken","category-menue","category-oberfranken","tag-kulmbach"],"_links":{"self":[{"href":"https:\/\/www.frankensicht.de\/index.php?rest_route=\/wp\/v2\/posts\/18137","targetHints":{"allow":["GET"]}}],"collection":[{"href":"https:\/\/www.frankensicht.de\/index.php?rest_route=\/wp\/v2\/posts"}],"about":[{"href":"https:\/\/www.frankensicht.de\/index.php?rest_route=\/wp\/v2\/types\/post"}],"author":[{"embeddable":true,"href":"https:\/\/www.frankensicht.de\/index.php?rest_route=\/wp\/v2\/users\/7"}],"replies":[{"embeddable":true,"href":"https:\/\/www.frankensicht.de\/index.php?rest_route=%2Fwp%2Fv2%2Fcomments&post=18137"}],"version-history":[{"count":1,"href":"https:\/\/www.frankensicht.de\/index.php?rest_route=\/wp\/v2\/posts\/18137\/revisions"}],"predecessor-version":[{"id":18138,"href":"https:\/\/www.frankensicht.de\/index.php?rest_route=\/wp\/v2\/posts\/18137\/revisions\/18138"}],"wp:featuredmedia":[{"embeddable":true,"href":"https:\/\/www.frankensicht.de\/index.php?rest_route=\/wp\/v2\/media\/7610"}],"wp:attachment":[{"href":"https:\/\/www.frankensicht.de\/index.php?rest_route=%2Fwp%2Fv2%2Fmedia&parent=18137"}],"wp:term":[{"taxonomy":"category","embeddable":true,"href":"https:\/\/www.frankensicht.de\/index.php?rest_route=%2Fwp%2Fv2%2Fcategories&post=18137"},{"taxonomy":"post_tag","embeddable":true,"href":"https:\/\/www.frankensicht.de\/index.php?rest_route=%2Fwp%2Fv2%2Ftags&post=18137"}],"curies":[{"name":"wp","href":"https:\/\/api.w.org\/{rel}","templated":true}]}}