{"id":18135,"date":"2026-01-03T08:51:19","date_gmt":"2026-01-03T07:51:19","guid":{"rendered":"https:\/\/www.frankensicht.de\/?p=18135"},"modified":"2026-01-03T08:51:19","modified_gmt":"2026-01-03T07:51:19","slug":"kulmbach-ausgabe-januar-2026-im-ueberblick","status":"publish","type":"post","link":"https:\/\/www.frankensicht.de\/?p=18135","title":{"rendered":"Kulmbach: AUSGABE JANUAR 2026 IM \u00dcBERBLICK"},"content":{"rendered":"<p><span style=\"color: #ff0000;\">Kulmbach:<\/span><\/p>\n<p>Liebe Kulmbacherinnen und Kulmbacher,<br \/>\nliebe Freunde unserer Stadt,<\/p>\n<p>mit unserem monatlichen Newsletter m\u00f6chten wir Sie \u00fcber alle anstehenden Events und Veranstaltungstipps informieren. Das ganze Jahr \u00fcber hat unsere Stadt ein vielf\u00e4ltiges Angebot an Kunst und Kultur zu bieten. Kulmbach macht nicht nur die gro\u00dfen, \u00fcberregional bekannten Gro\u00dfveranstaltungen wie die Bierwoche oder das Altstadtfest aus &#8211; es sind auch viele kleine Feste und Projekte, die das kulturelle Leben vor Ort enorm bereichern. An dieser Stelle m\u00f6chte ich mich bei allen Initiatoren und Organisatoren bedanken, die es sich immer wieder zur Aufgabe machen, unsere sch\u00f6ne Stadt mit eindrucksvollen Veranstaltungen zu beleben. Sie, liebe Kulmbacher und liebe G\u00e4ste, darf ich herzlich einladen, Teil des Kulmbacher Veranstaltungslebens zu werden. Mit unserem Newsletter sind Sie immer wieder hervorragend informiert und k\u00f6nnen sich bereits im Vorfeld alle f\u00fcr Sie interessanten Veranstaltungen vormerken. Ich w\u00fcnsche Ihnen viel Freude bei allen Veranstaltungen und eine tolle Zeit in unserer sch\u00f6nen Stadt!<\/p>\n<p>Mit herzlichen Gr\u00fc\u00dfen<\/p>\n<p>Ingo Lehmann<br \/>\nOberb\u00fcrgermeister der Stadt Kulmbach<\/p>\n<p>AUSGABE JANUAR 2026 IM \u00dcBERBLICK<\/p>\n<p><a href=\"https:\/\/www.frankensicht.de\/?attachment_id=189\" rel=\"attachment wp-att-189\"><img loading=\"lazy\" decoding=\"async\" class=\"alignnone size-full wp-image-189\" src=\"https:\/\/www.frankensicht.de\/wp-content\/uploads\/wappen.png\" alt=\"\" width=\"220\" height=\"254\" \/><\/a><br \/>\n================================<\/p>\n<p>\u2022 F\u00fchrungsvielfalt 2026<br \/>\n\u2022 Neujahrskonzert der Hofer Symphoniker<br \/>\n\u2022 Henkerf\u00fchrung mit Henkersmahlzeit 2026<br \/>\n\u2022 Melodientr\u00e4ume \u2013 Die Neujahrsgala<br \/>\n\u2022 Sonderausstellung \u201eDie Schl\u00fcmpfe\u201c<br \/>\n\u2022 Ausstellung &#8222;Come Together&#8220;<\/p>\n<p>F\u00fcHRUNGSVIELFALT 2026<br \/>\n=====================<\/p>\n<p>Die Stadt Kulmbach pr\u00e4sentiert f\u00fcr das Jahr 2026 ein neues und vielseitiges F\u00fchrungsprogramm f\u00fcr Gro\u00df und Klein!<\/p>\n<p>Auch im kommenden Jahr erwartet G\u00e4ste und Einheimische eine breite Auswahl an Stadt- und Themenf\u00fchrungen, die Kulmbach aus unterschiedlichen Blickwinkeln erlebbar machen. Ob historische Themen, unterhaltsame Rundg\u00e4nge oder spezielle Entdeckungstouren \u2013 unsere engagierten G\u00e4stef\u00fchrer bieten wieder ein abwechslungsreiches Programm, das unsere sch\u00f6ne Markgrafenstadt Kulmbach von ihrer spannendsten Seite zeigt.<\/p>\n<p>Die neuen Termine sind ab sofort auf der st\u00e4dtischen Homepage www.kulmbach.de (http:\/\/www.kulmbach.de) sowie im aktuellen F\u00fchrungsflyer 2026 einsehbar.<\/p>\n<p>Besonders attraktiv: Alle F\u00fchrungen k\u00f6nnen auch individuell zu einem Wunschtermin gebucht werden \u2013 ideal f\u00fcr Gruppen, Vereine oder Familien!<\/p>\n<p>F\u00fcr Buchungen oder weitere Informationen steht die Tourist Information Kulmbach, Buchbindergasse 5, gerne zur Verf\u00fcgung. Tel: 09221 95880 \/ E-Mail: touristinfo@stadt-kulmbach.de (mailto:touristinfo@stadt-kulmbach.de).<\/p>\n<p>NEUJAHRSKONZERT DER HOFER SYMPHONIKER<br \/>\n=====================================<\/p>\n<p>Ein Fest der Leidenschaft und Lebensfreude feiern die Hofer Symphoniker in ihrem diesj\u00e4hrigen Neujahrskonzert. Unter dem Motto \u201eHola 2026!\u201c begr\u00fc\u00dfen die Musikerinnen und Musiker am Montag, 5. Januar 2026 in der Dr.-Stammberger-Halle in Kulmbach das neue Jahr mit temperamentvoller Musik aus Spanien.<\/p>\n<p>Die gefeierte spanische Sopranistin Leonor Bonilla und der chilenische Dirigent Luis Toro Araya haben ein einzigartiges musikalisches Feuerwerk vorbereitet!<\/p>\n<p>Mit wunderbaren Melodien und schwungvollen Rhythmen verzaubern sie das Publikum. Zu erleben sind beispielsweise die Energie und das Flair aus Federico Chuecas \u201eLa Gran V\u00eda\u201c, das ausdrucksstarke Orchesterst\u00fcck \u201eLa oraci\u00f3n del torero\u201c von Joaqu\u00edn Turina und die dramatischen Kl\u00e4nge aus \u201eEl amor brujo\u201c von Manuel de Falla. Nat\u00fcrlich d\u00fcrfen Ausschnitte aus Georges Bizets weltber\u00fchmter Oper \u201eCarmen\u201c bei diesem Ausflug ins s\u00fcdliche Gefilde nicht fehlen.<\/p>\n<p>Tickets sind im Vorverkauf in der Tourist-Information, Buchbindergasse 5, Tel. 09221 95880 oder online unter www.eventim.de (http:\/\/www.eventim.de) erh\u00e4ltlich.<\/p>\n<p>SONDERAUSSTELLUNG \u201eDIE SCHL\u00fcMPFE\u201c &#8211; LETZTE CHANCE!<br \/>\n==================================================<\/p>\n<p>Die Plassenburg erlebt derzeit ihr blaues Wunder &#8230; Aber nicht mehr lange!<\/p>\n<p>Nur noch bis zum 22. Februar 2026 ist die gr\u00f6\u00dfte Schl\u00fcmpfesammlung Deutschlands im Sonderausstellungsbereich im 5. OG des Zinnfigurenmuseums aufgestellt! \u00dcber 9000 Schl\u00fcmpfe nennt Andy Scharf &#8211; der gerne auch auf Papa Schlumpf h\u00f6rt &#8211; sein Eigen! Kein Wunder, dass nun jede einzelne Vitrine einem Schlumpf Wimmelbild gleicht!<\/p>\n<p>Besucht werden kann die Ausstellung zu den geltenden Winter\u00f6ffnungszeiten der Plassenburg (Dienstag &#8211; Sonntag von 10.00 &#8211; 16.00 Uhr). Die Eintrittspreise lauten wie folgt: 4,00\u20ac\/Erwachsener und 3,00\u20ac\/Erm\u00e4\u00dfigt \u2013 Kinder bis 18 Jahre haben kostenfreien Eintritt. Weitere Informationen unter www.plassenburg.de (http:\/\/www.plassenburg.de).<\/p>\n<p>Wer die besondere Ausstellung noch nicht gesehen hat, sollte sich dieses sehenswerte Schauspiel nicht entgehen lassen und einen Schritt in das blaue Wimmelbild wagen!<\/p>\n<p>AUSSTELLUNG &#8222;COME TOGETHER&#8220;<br \/>\n===========================<\/p>\n<p>Unter dem Titel \u201eCome Together\u201c \u2013 Teil I widmet der Kunstverein Kulmbach das Jahr 2026 dem Gedanken des Zusammenkommens. Was bedeutet es, miteinander in Kontakt zu treten \u2013 freiwillig oder vorbestimmt? Wie viel N\u00e4he m\u00f6chten wir zulassen? Und wieviel Konflikt und Reibung geh\u00f6ren zum gemeinsamen Weg dazu? Die Frage, in welcher Gesellschaft wir leben wollen, begleitet dieses k\u00fcnstlerische Jahr. \u201eCome Together\u201c versteht sich als Einladung an das Publikum und als k\u00fcnstlerische Forschungsreise unserer Mitglieder und G\u00e4ste: ein Jahr voller Begegnungen, Positionen und Perspektiven \u2013 offen, dialogisch und gesellschaftlich wach.<\/p>\n<p>Den Auftakt bildet die Vernissage am 17. Januar 2026 um 11.00 Uhr im Historischen Badhaus Kulmbach.<\/p>\n<p>Die Ausstellung ist anschlie\u00dfend ge\u00f6ffnet vom 17. Januar 2026 bis 08. M\u00e4rz 2026 im Historischen Badhaus, Oberhacken 34 (Fr.\/Sa.\/So. 13.00 &#8211; 17.00 Uhr) und in der Pop-Up Kunstgalerie, Spitalgasse 1 (Sa.\/So. 13.00 &#8211; 16.00 Uhr).<\/p>\n<p>Quelle:tourismus-kulmbach.de<\/p>\n<p>&nbsp;<\/p>\n","protected":false},"excerpt":{"rendered":"<p>Kulmbach: Liebe Kulmbacherinnen und Kulmbacher, liebe Freunde unserer Stadt, mit unserem monatlichen Newsletter m\u00f6chten wir Sie \u00fcber alle anstehenden Events und Veranstaltungstipps informieren. Das ganze Jahr \u00fcber hat unsere Stadt ein vielf\u00e4ltiges Angebot an Kunst und Kultur zu bieten. Kulmbach macht nicht nur die gro\u00dfen, \u00fcberregional bekannten Gro\u00dfveranstaltungen wie die Bierwoche oder das Altstadtfest aus [&hellip;]<\/p>\n","protected":false},"author":7,"featured_media":189,"comment_status":"closed","ping_status":"open","sticky":false,"template":"","format":"standard","meta":{"footnotes":""},"categories":[78,95,71,83],"tags":[899],"class_list":["post-18135","post","type-post","status-publish","format-standard","has-post-thumbnail","hentry","category-bayern","category-kulmbach-oberfranken","category-menue","category-oberfranken","tag-kulmbach"],"_links":{"self":[{"href":"https:\/\/www.frankensicht.de\/index.php?rest_route=\/wp\/v2\/posts\/18135","targetHints":{"allow":["GET"]}}],"collection":[{"href":"https:\/\/www.frankensicht.de\/index.php?rest_route=\/wp\/v2\/posts"}],"about":[{"href":"https:\/\/www.frankensicht.de\/index.php?rest_route=\/wp\/v2\/types\/post"}],"author":[{"embeddable":true,"href":"https:\/\/www.frankensicht.de\/index.php?rest_route=\/wp\/v2\/users\/7"}],"replies":[{"embeddable":true,"href":"https:\/\/www.frankensicht.de\/index.php?rest_route=%2Fwp%2Fv2%2Fcomments&post=18135"}],"version-history":[{"count":1,"href":"https:\/\/www.frankensicht.de\/index.php?rest_route=\/wp\/v2\/posts\/18135\/revisions"}],"predecessor-version":[{"id":18136,"href":"https:\/\/www.frankensicht.de\/index.php?rest_route=\/wp\/v2\/posts\/18135\/revisions\/18136"}],"wp:featuredmedia":[{"embeddable":true,"href":"https:\/\/www.frankensicht.de\/index.php?rest_route=\/wp\/v2\/media\/189"}],"wp:attachment":[{"href":"https:\/\/www.frankensicht.de\/index.php?rest_route=%2Fwp%2Fv2%2Fmedia&parent=18135"}],"wp:term":[{"taxonomy":"category","embeddable":true,"href":"https:\/\/www.frankensicht.de\/index.php?rest_route=%2Fwp%2Fv2%2Fcategories&post=18135"},{"taxonomy":"post_tag","embeddable":true,"href":"https:\/\/www.frankensicht.de\/index.php?rest_route=%2Fwp%2Fv2%2Ftags&post=18135"}],"curies":[{"name":"wp","href":"https:\/\/api.w.org\/{rel}","templated":true}]}}