{"id":18118,"date":"2025-12-24T08:48:55","date_gmt":"2025-12-24T07:48:55","guid":{"rendered":"https:\/\/www.frankensicht.de\/?p=18118"},"modified":"2025-12-24T08:48:55","modified_gmt":"2025-12-24T07:48:55","slug":"bmleh-foerdert-die-entwicklung-und-erprobung-eines-emissionsfreien-und-multifunktionalen-nordsee-fischkutters-mit-10-millionen-euro","status":"publish","type":"post","link":"https:\/\/www.frankensicht.de\/?p=18118","title":{"rendered":"BMLEH f\u00f6rdert die Entwicklung und Erprobung eines emissionsfreien und multifunktionalen Nordsee-Fischkutters mit 10 Millionen Euro"},"content":{"rendered":"<p><span style=\"color: #ff0000;\">Berlin:<\/span><\/p>\n<p>Pressemitteilung des Bundesministeriums f\u00fcr Landwirtschaft, Ern\u00e4hrung und Heimat<\/p>\n<p>BMLEH f\u00f6rdert die Entwicklung und Erprobung eines emissionsfreien und multifunktionalen Nordsee-Fischkutters mit 10 Millionen Euro<\/p>\n<p>Seefischerei ist ein energieintensiver Wirtschaftszweig &#8211; die Energiekosten beim Betrieb der Fischkutter sind einer der gr\u00f6\u00dften Kostenfaktoren f\u00fcr die Fischereibetriebe. Damit die Fischerei in Zukunft auch klimaneutral wirtschaften kann, muss sie energieeffizienter werden und auf erneuerbare Energietr\u00e4ger umstellen. Um die Fischerei an der Nordseek\u00fcste zukunftsfest aufzustellen, f\u00f6rdert das Bundesministerium f\u00fcr Landwirtschaft, Ern\u00e4hrung und Heimat (BMLEH) daher im Rahmen eines f\u00fcnfj\u00e4hrigen Projektes die Entwicklung, den Bau sowie die Erprobung eines klimaneutralen, multifunktional einsetzbaren Nordsee-Fischkutters. Ziel des Projekts &#8222;Zukunftskutter Nordsee&#8220; (KUNO) ist ein Prototyp f\u00fcr ein modernes, zukunftsorientiertes und emissionsfreies Fischereifahrzeug. Die Parlamentarische Staatssekret\u00e4rin beim Bundesminister f\u00fcr Landwirtschaft, Ern\u00e4hrung und Heimat, Silvia Breher, hat heute in der Hochschule Emden\/Leer die F\u00f6rderbescheide f\u00fcr das Verbundprojekt an den Projektkoordinator Herrn Professor Strybny von der Hochschule Emden\/Leer sowie an die Projektpartner Herrn Dr. Kraus vom Th\u00fcnen-Institut f\u00fcr Seefischerei und Herrn S\u00fcdbeck von der Nationalparkverwaltung Nieders\u00e4chsisches Wattenmeer \u00fcbergeben.<\/p>\n<p><a href=\"https:\/\/www.frankensicht.de\/?attachment_id=14423\" rel=\"attachment wp-att-14423\"><img loading=\"lazy\" decoding=\"async\" class=\"alignnone size-medium wp-image-14423\" src=\"https:\/\/www.frankensicht.de\/wp-content\/uploads\/2021\/06\/P1000075-300x225.jpg\" alt=\"\" width=\"300\" height=\"225\" srcset=\"https:\/\/www.frankensicht.de\/wp-content\/uploads\/2021\/06\/P1000075-300x225.jpg 300w, https:\/\/www.frankensicht.de\/wp-content\/uploads\/2021\/06\/P1000075.jpg 600w\" sizes=\"auto, (max-width: 300px) 100vw, 300px\" \/><\/a><\/p>\n<p>Dazu sagt Parlamentarische Staatssekret\u00e4rin Breher: &#8222;Unsere K\u00fcstenfischerei lebt von engagierten Familienbetrieben, die seit Generationen die Region pr\u00e4gen &#8211; und gerade sie sp\u00fcren die massiv gestiegenen Energiekosten und die sich ver\u00e4ndernden Rahmenbedingungen besonders deutlich. Mit dem Leuchtturmprojekt KUNO setzen wir genau hier an: Wir unterst\u00fctzen die Entwicklung eines klimaneutralen, multifunktionalen Fischkutters, der den Energieverbrauch senken kann, aber auch neue Einsatzm\u00f6glichkeiten schafft. Die Ma\u00dfnahme geht Hand in Hand mit der F\u00f6rderung der Strukturanpassung in der Fischereiflotte, die wir vor Kurzem auf den Weg gebracht haben. So sichern wir die Zukunft einer modernen K\u00fcstenfischerei an der Nordsee und st\u00e4rken die l\u00e4ndlichen K\u00fcstenregionen.&#8220;<\/p>\n<p>Das Verbundvorhaben wird von der Hochschule Emden\/Leer zusammen mit dem Th\u00fcnen-Institut f\u00fcr Seefischerei sowie der Nationalparkverwaltung Nieders\u00e4chsisches Wattenmeer umgesetzt. Die Projektarbeiten sind eng verkn\u00fcpft mit fischereitechnischer, fischerei\u00f6konomischer und \u00f6kologischer Begleitforschung. Mit dem Projekt wird eine weitere wesentliche Empfehlung der Zukunftskommission Fischerei (ZKF) umgesetzt. Die Finanzierung des Projektes erfolgt mit Mitteln der Fischereikomponente des Windenergie-auf-See-Gesetzes. Alle interessierten Fischereibetriebe werden in einem intensiven Beteiligungsprozess in das Projekt eingebunden. Das Projekt beruht auf dem Vorg\u00e4ngerprojekt &#8222;Energieeffiziente zukunftsweisende K\u00fcstenfischerei&#8220;, das von dem Land Niedersachsen mit Mitteln aus der &#8222;Europ\u00e4ischer Meeres- und Fischereifonds (EMFF)&#8220; gef\u00f6rdert wurde.<\/p>\n<p>Fischerei ist ein wichtiger Wirtschaftsfaktor in den l\u00e4ndlichen K\u00fcstenregionen und auch f\u00fcr den Tourismus von gro\u00dfer Bedeutung. Die Fischerei an der deutschen Nordseek\u00fcste besteht zum gr\u00f6\u00dften Teil aus familiengef\u00fchrten Betrieben, die vor allem &#8222;Nordseekrabben&#8220; fischen.<\/p>\n<p>Quelle:bmleh.bund.de<\/p>\n","protected":false},"excerpt":{"rendered":"<p>Berlin: Pressemitteilung des Bundesministeriums f\u00fcr Landwirtschaft, Ern\u00e4hrung und Heimat BMLEH f\u00f6rdert die Entwicklung und Erprobung eines emissionsfreien und multifunktionalen Nordsee-Fischkutters mit 10 Millionen Euro Seefischerei ist ein energieintensiver Wirtschaftszweig &#8211; die Energiekosten beim Betrieb der Fischkutter sind einer der gr\u00f6\u00dften Kostenfaktoren f\u00fcr die Fischereibetriebe. Damit die Fischerei in Zukunft auch klimaneutral wirtschaften kann, muss sie [&hellip;]<\/p>\n","protected":false},"author":7,"featured_media":14423,"comment_status":"closed","ping_status":"open","sticky":false,"template":"","format":"standard","meta":{"footnotes":""},"categories":[44,3],"tags":[4733],"class_list":["post-18118","post","type-post","status-publish","format-standard","has-post-thumbnail","hentry","category-deutschland-2","category-news","tag-emissionsfreie-kutter"],"_links":{"self":[{"href":"https:\/\/www.frankensicht.de\/index.php?rest_route=\/wp\/v2\/posts\/18118","targetHints":{"allow":["GET"]}}],"collection":[{"href":"https:\/\/www.frankensicht.de\/index.php?rest_route=\/wp\/v2\/posts"}],"about":[{"href":"https:\/\/www.frankensicht.de\/index.php?rest_route=\/wp\/v2\/types\/post"}],"author":[{"embeddable":true,"href":"https:\/\/www.frankensicht.de\/index.php?rest_route=\/wp\/v2\/users\/7"}],"replies":[{"embeddable":true,"href":"https:\/\/www.frankensicht.de\/index.php?rest_route=%2Fwp%2Fv2%2Fcomments&post=18118"}],"version-history":[{"count":1,"href":"https:\/\/www.frankensicht.de\/index.php?rest_route=\/wp\/v2\/posts\/18118\/revisions"}],"predecessor-version":[{"id":18119,"href":"https:\/\/www.frankensicht.de\/index.php?rest_route=\/wp\/v2\/posts\/18118\/revisions\/18119"}],"wp:featuredmedia":[{"embeddable":true,"href":"https:\/\/www.frankensicht.de\/index.php?rest_route=\/wp\/v2\/media\/14423"}],"wp:attachment":[{"href":"https:\/\/www.frankensicht.de\/index.php?rest_route=%2Fwp%2Fv2%2Fmedia&parent=18118"}],"wp:term":[{"taxonomy":"category","embeddable":true,"href":"https:\/\/www.frankensicht.de\/index.php?rest_route=%2Fwp%2Fv2%2Fcategories&post=18118"},{"taxonomy":"post_tag","embeddable":true,"href":"https:\/\/www.frankensicht.de\/index.php?rest_route=%2Fwp%2Fv2%2Ftags&post=18118"}],"curies":[{"name":"wp","href":"https:\/\/api.w.org\/{rel}","templated":true}]}}