{"id":18106,"date":"2025-12-20T08:37:53","date_gmt":"2025-12-20T07:37:53","guid":{"rendered":"https:\/\/www.frankensicht.de\/?p=18106"},"modified":"2025-12-20T08:37:53","modified_gmt":"2025-12-20T07:37:53","slug":"bayern-1000-windraeder-im-genehmigungsverfahren-windkuemmerer-unterstuetzen","status":"publish","type":"post","link":"https:\/\/www.frankensicht.de\/?p=18106","title":{"rendered":"Bayern: 1000 Windr\u00e4der im Genehmigungsverfahren &#8211; Windk\u00fcmmerer unterst\u00fctzen"},"content":{"rendered":"<p><span style=\"color: #ff0000;\">M\u00fcnchen:<\/span><\/p>\n<p>Bayern: 1000 Windr\u00e4der im Genehmigungsverfahren &#8211; Windk\u00fcmmerer unterst\u00fctzen<\/p>\n<p>Aiwanger: &#8222;Der Ausbau der Windenergie funktioniert, wenn wir die Menschen vor Ort mitnehmen. Rund 1000 Windr\u00e4der im Genehmigungsverfahren&#8220; M\u00dcNCHEN\u00a0\u00a0Das Bayerische Wirtschaftsministerium st\u00e4rkt den Ausbau der Windenergie im Freistaat und startet zum Januar 2026 das Nachfolgeprogramm Windk\u00fcmmerer 3. Wirtschafts- und Energieminister Hubert Aiwanger betont die hohe Bedeutung des Programms f\u00fcr die bayerische Energiewende: &#8222;Der Ausbau der Windenergie funktioniert, wenn wir die Menschen vor Ort mitnehmen. Der Erfolg gibt uns recht: aktuell sind in Bayern rund 1000 Windr\u00e4der im Genehmigungsverfahren, 150 davon sind schon genehmigt.<\/p>\n<p><a href=\"https:\/\/www.frankensicht.de\/?attachment_id=15391\" rel=\"attachment wp-att-15391\"><img loading=\"lazy\" decoding=\"async\" class=\"alignnone size-medium wp-image-15391\" src=\"https:\/\/www.frankensicht.de\/wp-content\/uploads\/2022\/11\/P1040775-300x225.jpg\" alt=\"\" width=\"300\" height=\"225\" srcset=\"https:\/\/www.frankensicht.de\/wp-content\/uploads\/2022\/11\/P1040775-300x225.jpg 300w, https:\/\/www.frankensicht.de\/wp-content\/uploads\/2022\/11\/P1040775-1024x768.jpg 1024w, https:\/\/www.frankensicht.de\/wp-content\/uploads\/2022\/11\/P1040775-768x576.jpg 768w, https:\/\/www.frankensicht.de\/wp-content\/uploads\/2022\/11\/P1040775-1536x1152.jpg 1536w, https:\/\/www.frankensicht.de\/wp-content\/uploads\/2022\/11\/P1040775-2048x1536.jpg 2048w\" sizes=\"auto, (max-width: 300px) 100vw, 300px\" \/><\/a><\/p>\n<p>Die Windk\u00fcmmerer\u00a0machen genau das. Sie sind fachkundige Personen, die\u00a0mit den Leuten vor Ort ins Gespr\u00e4ch kommen und gemeinsam mit ihnen einen Mehrwert f\u00fcr die Region schaffen. Diesen Weg gehen wir konsequent weiter.&#8220;\u00a0 \u00a0 Das Windk\u00fcmmerer-Programm unterst\u00fctzt Kommunen und Landkreise durch neutrale\u00a0Ansprechpartner vor Ort. Sie bieten bedarfsgerechte Beratung bei Bestands- und Potenzialanalysen, unterst\u00fctzen bei der Fl\u00e4chensicherung, bei der Bauleitplanung und dem Aufstellen von Fl\u00e4chennutzungspl\u00e4nen und wirken flankierend im Bereich der \u00d6ffentlichkeitsarbeit. Das Programm ist Teil der Windenergieoffensive \u201eAUFWIND\u201c des Bayerischen Wirtschaftsministeriums, die Ausbauhemmnisse abbauen und die Akzeptanz f\u00fcr Windenergieanlagen erh\u00f6hen soll. \u00a0 \u201eDer Ausbau der Windenergie in Bayern gewinnt weiter an Fahrt.\u00a0Mit der Neuauflage des Programms stellen wir sicher, dass unsere Kommunen und Landkreise weiterhin starke Partner an ihrer Seite haben. Bis Anfang Dezember 2025 wurden im Programm Windk\u00fcmmerer\u00a02.0 \u00fcber 370 Antr\u00e4ge auf Betreuung durch die Windk\u00fcmmerer gestellt. 350 Antragsteller wurden aktiv betreut, 168 Betreuungen sind abgeschlossen. Daran wollen wir ankn\u00fcpfen\u201c, so der Minister weiter. \u00a0 Bayern startet beim Thema Windenergie durch. Seit Anfang des Jahres wurden 150 Anlagen genehmigt. Weitere 840 Anlagen befinden sich im Genehmigungsverfahren. Windkraft spielt eine zentrale Rolle in der Energiewende und punktet insbesondere mit einer hohen Fl\u00e4cheneffizienz sowie der tages- und jahreszeitunabh\u00e4ngigen Verf\u00fcgbarkeit. Besonders im Winter und nachts tr\u00e4gt sie wesentlich zur Stromversorgung bei und erg\u00e4nzt die vielerorts bereits stark ausgebaute Solarenergie. Aiwanger: \u201eWichtig ist nun, verl\u00e4ssliche Rahmenbedingungen f\u00fcr den Ausbau der Windenergie zu gew\u00e4hrleisten. Dazu muss der Bund umgehend f\u00fcr Klarheit bei den Windenergie-Fl\u00e4chenzielen bis 2032 sorgen und sich zum Referenzertragsmodell mit den aktuell geltenden Faktoren f\u00fcr die S\u00fcdregion bekennen.\u201c Interessierte Kommunen und Landkreise k\u00f6nnen sich bereits auf der Website der Landesagentur f\u00fcr Energie und Klimaschutz (LENK) f\u00fcr die Betreuung durch einen Windk\u00fcmmerer\u00a0bewerben.<\/p>\n<p>Quelle:stmwi.bayern.de<\/p>\n","protected":false},"excerpt":{"rendered":"<p>M\u00fcnchen: Bayern: 1000 Windr\u00e4der im Genehmigungsverfahren &#8211; Windk\u00fcmmerer unterst\u00fctzen Aiwanger: &#8222;Der Ausbau der Windenergie funktioniert, wenn wir die Menschen vor Ort mitnehmen. Rund 1000 Windr\u00e4der im Genehmigungsverfahren&#8220; M\u00dcNCHEN\u00a0\u00a0Das Bayerische Wirtschaftsministerium st\u00e4rkt den Ausbau der Windenergie im Freistaat und startet zum Januar 2026 das Nachfolgeprogramm Windk\u00fcmmerer 3. Wirtschafts- und Energieminister Hubert Aiwanger betont die hohe Bedeutung [&hellip;]<\/p>\n","protected":false},"author":7,"featured_media":15391,"comment_status":"closed","ping_status":"open","sticky":false,"template":"","format":"standard","meta":{"footnotes":""},"categories":[78,71],"tags":[4729],"class_list":["post-18106","post","type-post","status-publish","format-standard","has-post-thumbnail","hentry","category-bayern","category-menue","tag-windkuemmerer"],"_links":{"self":[{"href":"https:\/\/www.frankensicht.de\/index.php?rest_route=\/wp\/v2\/posts\/18106","targetHints":{"allow":["GET"]}}],"collection":[{"href":"https:\/\/www.frankensicht.de\/index.php?rest_route=\/wp\/v2\/posts"}],"about":[{"href":"https:\/\/www.frankensicht.de\/index.php?rest_route=\/wp\/v2\/types\/post"}],"author":[{"embeddable":true,"href":"https:\/\/www.frankensicht.de\/index.php?rest_route=\/wp\/v2\/users\/7"}],"replies":[{"embeddable":true,"href":"https:\/\/www.frankensicht.de\/index.php?rest_route=%2Fwp%2Fv2%2Fcomments&post=18106"}],"version-history":[{"count":1,"href":"https:\/\/www.frankensicht.de\/index.php?rest_route=\/wp\/v2\/posts\/18106\/revisions"}],"predecessor-version":[{"id":18107,"href":"https:\/\/www.frankensicht.de\/index.php?rest_route=\/wp\/v2\/posts\/18106\/revisions\/18107"}],"wp:featuredmedia":[{"embeddable":true,"href":"https:\/\/www.frankensicht.de\/index.php?rest_route=\/wp\/v2\/media\/15391"}],"wp:attachment":[{"href":"https:\/\/www.frankensicht.de\/index.php?rest_route=%2Fwp%2Fv2%2Fmedia&parent=18106"}],"wp:term":[{"taxonomy":"category","embeddable":true,"href":"https:\/\/www.frankensicht.de\/index.php?rest_route=%2Fwp%2Fv2%2Fcategories&post=18106"},{"taxonomy":"post_tag","embeddable":true,"href":"https:\/\/www.frankensicht.de\/index.php?rest_route=%2Fwp%2Fv2%2Ftags&post=18106"}],"curies":[{"name":"wp","href":"https:\/\/api.w.org\/{rel}","templated":true}]}}