{"id":17862,"date":"2025-09-17T08:42:37","date_gmt":"2025-09-17T06:42:37","guid":{"rendered":"https:\/\/www.frankensicht.de\/?p=17862"},"modified":"2025-09-17T08:42:37","modified_gmt":"2025-09-17T06:42:37","slug":"bescheid-zum-planfeststellungsbeschluss-fuer-das-pumpspeicherwerk-riedl-landkreis-passau-uebergeben","status":"publish","type":"post","link":"https:\/\/www.frankensicht.de\/?p=17862","title":{"rendered":"Bescheid zum Planfeststellungsbeschluss f\u00fcr das Pumpspeicherwerk Riedl (Landkreis Passau) \u00fcbergeben"},"content":{"rendered":"<p><span style=\"color: #ff0000;\">M\u00fcnchen Riedl:<\/span><\/p>\n<p>Bescheid zum Planfeststellungsbeschluss f\u00fcr das Pumpspeicherwerk Riedl (Landkreis Passau) \u00fcbergeben<\/p>\n<p>Aiwanger: &#8222;Pumpspeicher Riedl wird ein zentraler Baustein unseres Stromsystems. Ich habe mich wiederholt f\u00fcr einen raschen Baustart eingesetzt&#8220; Von rechts: Wirtschaftsminister Hubert Aiwanger, der Passauer Landrat Raimund Kneidinger, Ministerpr\u00e4sident Dr. Markus S\u00f6der, der Vorstandsvorsitzende der Verbund AG, Michael Strugl und Umweltminister Thorsten Glauber bei der Pr\u00e4sentation des Bescheides zum Planfeststellungsbeschluss f\u00fcr das Pumpspeicherwerk Riedl.<\/p>\n<p><a href=\"https:\/\/www.frankensicht.de\/?attachment_id=17863\" rel=\"attachment wp-att-17863\"><img loading=\"lazy\" decoding=\"async\" class=\"alignnone size-medium wp-image-17863\" src=\"https:\/\/www.frankensicht.de\/wp-content\/uploads\/2025\/09\/101877_o-300x268.jpg\" alt=\"\" width=\"300\" height=\"268\" srcset=\"https:\/\/www.frankensicht.de\/wp-content\/uploads\/2025\/09\/101877_o-300x268.jpg 300w, https:\/\/www.frankensicht.de\/wp-content\/uploads\/2025\/09\/101877_o.jpg 600w\" sizes=\"auto, (max-width: 300px) 100vw, 300px\" \/><\/a>@stmwi.bayern.de<\/p>\n<p>Bayerns Wirtschafts- und Energieminister Hubert Aiwanger hat die \u00dcbergabe des Bescheides zum Planfeststellungsbeschluss f\u00fcr das Pumpspeicherwerk Riedl (Landkreis Passau) begr\u00fc\u00dft. Der Antragsteller VERBUND AG will das gr\u00f6\u00dfte Speicherkraftwerk Bayerns bis 2031\/2032 fertigstellen. \u00a0 Aiwanger: &#8222;Ich habe mich wiederholt im Landkreis Passau f\u00fcr einen raschen Baustart eingesetzt und auch einen runden Tisch mit allen Beteiligten initiiert, um den Panfeststellungsbeschluss zu beschleunigen. Speicher sind f\u00fcr die Energiewende genauso wichtig wie der Ausbau von Photovoltaik und Windkraft. Mit 300 Megawatt (MW) und einer Speicherkapazit\u00e4t von 3,5 Millionen Kilowattstunden wird Riedl zu einem zentralen Baustein unseres Stromsystems. Schon heute erzeugen \u00fcber eine Million PV-Anlagen in Bayern zur Mittagszeit oft mehr Strom, als gebraucht wird. Statt Anlagen in Spitzenzeiten abzuregeln, kann dieser \u00dcberschuss k\u00fcnftig zwischengespeichert und dann wieder eingespeist werden, wenn der Bedarf an Strom hoch und das Angebot knapp ist.&#8220; \u00a0 Die \u00f6sterreichische Energieunternehmen VERBUND AG wird mehr als 400 Millionen Euro in das Energiewende-Projekt investieren. &#8222;Der Pumpspeicher Riedl wird voraussichtlich j\u00e4hrlich \u00fcber 100.000 Tonnen CO2 einsparen, nutzt einheimische Ressourcen und st\u00e4rkt die bayerische Wirtschaft. In Zukunft kann insbesondere auch das Chemiedreieck mit diesem Strom versorgt werden. Mein Dank gilt allen Beteiligten bei VERBUND, dem Landratsamt Passau sowie der Regierung von Niederbayern und dem Wirtschafts- und Umweltministerium, die dieses komplexe Verfahren nun zu einem erfolgreichen Abschluss gebracht haben&#8220;, erkl\u00e4rte Staatsminister Aiwanger.<\/p>\n<p>Quelle:stmwi.bayern.de<\/p>\n","protected":false},"excerpt":{"rendered":"<p>M\u00fcnchen Riedl: Bescheid zum Planfeststellungsbeschluss f\u00fcr das Pumpspeicherwerk Riedl (Landkreis Passau) \u00fcbergeben Aiwanger: &#8222;Pumpspeicher Riedl wird ein zentraler Baustein unseres Stromsystems. Ich habe mich wiederholt f\u00fcr einen raschen Baustart eingesetzt&#8220; Von rechts: Wirtschaftsminister Hubert Aiwanger, der Passauer Landrat Raimund Kneidinger, Ministerpr\u00e4sident Dr. Markus S\u00f6der, der Vorstandsvorsitzende der Verbund AG, Michael Strugl und Umweltminister Thorsten Glauber [&hellip;]<\/p>\n","protected":false},"author":7,"featured_media":17863,"comment_status":"closed","ping_status":"open","sticky":false,"template":"","format":"standard","meta":{"footnotes":""},"categories":[78,383,71],"tags":[4126],"class_list":["post-17862","post","type-post","status-publish","format-standard","has-post-thumbnail","hentry","category-bayern","category-energie","category-menue","tag-pumpspeicherkraftwerk"],"_links":{"self":[{"href":"https:\/\/www.frankensicht.de\/index.php?rest_route=\/wp\/v2\/posts\/17862","targetHints":{"allow":["GET"]}}],"collection":[{"href":"https:\/\/www.frankensicht.de\/index.php?rest_route=\/wp\/v2\/posts"}],"about":[{"href":"https:\/\/www.frankensicht.de\/index.php?rest_route=\/wp\/v2\/types\/post"}],"author":[{"embeddable":true,"href":"https:\/\/www.frankensicht.de\/index.php?rest_route=\/wp\/v2\/users\/7"}],"replies":[{"embeddable":true,"href":"https:\/\/www.frankensicht.de\/index.php?rest_route=%2Fwp%2Fv2%2Fcomments&post=17862"}],"version-history":[{"count":1,"href":"https:\/\/www.frankensicht.de\/index.php?rest_route=\/wp\/v2\/posts\/17862\/revisions"}],"predecessor-version":[{"id":17864,"href":"https:\/\/www.frankensicht.de\/index.php?rest_route=\/wp\/v2\/posts\/17862\/revisions\/17864"}],"wp:featuredmedia":[{"embeddable":true,"href":"https:\/\/www.frankensicht.de\/index.php?rest_route=\/wp\/v2\/media\/17863"}],"wp:attachment":[{"href":"https:\/\/www.frankensicht.de\/index.php?rest_route=%2Fwp%2Fv2%2Fmedia&parent=17862"}],"wp:term":[{"taxonomy":"category","embeddable":true,"href":"https:\/\/www.frankensicht.de\/index.php?rest_route=%2Fwp%2Fv2%2Fcategories&post=17862"},{"taxonomy":"post_tag","embeddable":true,"href":"https:\/\/www.frankensicht.de\/index.php?rest_route=%2Fwp%2Fv2%2Ftags&post=17862"}],"curies":[{"name":"wp","href":"https:\/\/api.w.org\/{rel}","templated":true}]}}