{"id":17844,"date":"2025-09-10T08:42:46","date_gmt":"2025-09-10T06:42:46","guid":{"rendered":"https:\/\/www.frankensicht.de\/?p=17844"},"modified":"2025-09-11T08:34:37","modified_gmt":"2025-09-11T06:34:37","slug":"bayerns-wirtschaftsminister-fordert-schnellstmoeglich-ende-des-verbrenner-aus","status":"publish","type":"post","link":"https:\/\/www.frankensicht.de\/?p=17844","title":{"rendered":"Bayerns Wirtschaftsminister fordert schnellstm\u00f6glich Ende des Verbrenner-Aus"},"content":{"rendered":"<p><span style=\"color: #ff0000;\">M\u00fcnchen:<\/span><\/p>\n<p>Bayerns Wirtschaftsminister fordert schnellstm\u00f6glich Ende des Verbrenner-Aus<\/p>\n<p>Aiwanger: &#8222;Das Verbrenner-Aus ab 2035 ist ein Irrweg. Es gef\u00e4hrdet Arbeitspl\u00e4tze, schw\u00e4cht den Mittelstand und trifft unsere Schl\u00fcsselindustrie ins Mark&#8220;<\/p>\n<p><a href=\"https:\/\/www.frankensicht.de\/?attachment_id=7521\" rel=\"attachment wp-att-7521\"><img loading=\"lazy\" decoding=\"async\" class=\"alignnone size-medium wp-image-7521\" src=\"https:\/\/www.frankensicht.de\/wp-content\/uploads\/2014\/08\/autobahn-300x225.jpg\" alt=\"\" width=\"300\" height=\"225\" srcset=\"https:\/\/www.frankensicht.de\/wp-content\/uploads\/2014\/08\/autobahn-300x225.jpg 300w, https:\/\/www.frankensicht.de\/wp-content\/uploads\/2014\/08\/autobahn.jpg 640w\" sizes=\"auto, (max-width: 300px) 100vw, 300px\" \/><\/a><\/p>\n<p>Nach den j\u00fcngsten Diskussionen um das geplante EU-weite Aus f\u00fcr Verbrennungsmotoren ab 2035 forderte Bayerns Wirtschaftsminister Hubert Aiwanger: \u201eDas Verbrenner-Aus ab 2035 ist ein Irrweg. Es gef\u00e4hrdet Arbeitspl\u00e4tze, schw\u00e4cht den Mittelstand und trifft unsere Schl\u00fcsselindustrie ins Mark. Wir d\u00fcrfen nicht ideologisch nur auf Batterie setzen. Technologieoffenheit ist das Gebot der Stunde. Wer den Verbrenner verbietet, zerst\u00f6rt bew\u00e4hrtes Know-how und treibt die Industrie in andere Weltregionen.\u201c \u00a0 Aiwanger appellierte an Bundeskanzler Friedrich Merz und die EU-Kommissionspr\u00e4sidentin Ursula von der Leyen, schnellstm\u00f6glich das Ende des Verbrenner-Verbots einzuleiten: \u201eEs braucht jetzt ein klares Signal, dass Deutschland auf Zukunft setzt \u2013 und Zukunft hei\u00dft Technologieoffenheit, bei der auch der Verbrenner weiterhin eine wichtige Rolle spielen wird.\u201c \u00a0 Der Wirtschaftsminister k\u00fcndigte an, sich auch weiterhin mit Nachdruck f\u00fcr einen Kurswechsel einzusetzen: \u201eBayern wird weiter Druck machen, damit Vernunft in die europ\u00e4ische Industriepolitik zur\u00fcckkehrt. Klimaschutz funktioniert nur mit einer starken Wirtschaft und sicheren Arbeitspl\u00e4tzen \u2013 nicht gegen sie.\u201c<\/p>\n<p>Quelle:stmwi.bayern.de<\/p>\n","protected":false},"excerpt":{"rendered":"<p>M\u00fcnchen: Bayerns Wirtschaftsminister fordert schnellstm\u00f6glich Ende des Verbrenner-Aus Aiwanger: &#8222;Das Verbrenner-Aus ab 2035 ist ein Irrweg. Es gef\u00e4hrdet Arbeitspl\u00e4tze, schw\u00e4cht den Mittelstand und trifft unsere Schl\u00fcsselindustrie ins Mark&#8220; Nach den j\u00fcngsten Diskussionen um das geplante EU-weite Aus f\u00fcr Verbrennungsmotoren ab 2035 forderte Bayerns Wirtschaftsminister Hubert Aiwanger: \u201eDas Verbrenner-Aus ab 2035 ist ein Irrweg. Es gef\u00e4hrdet [&hellip;]<\/p>\n","protected":false},"author":7,"featured_media":7521,"comment_status":"closed","ping_status":"open","sticky":false,"template":"","format":"standard","meta":{"footnotes":""},"categories":[20,78,71],"tags":[4652],"class_list":["post-17844","post","type-post","status-publish","format-standard","has-post-thumbnail","hentry","category-auto","category-bayern","category-menue","tag-verbrenner-aus"],"_links":{"self":[{"href":"https:\/\/www.frankensicht.de\/index.php?rest_route=\/wp\/v2\/posts\/17844","targetHints":{"allow":["GET"]}}],"collection":[{"href":"https:\/\/www.frankensicht.de\/index.php?rest_route=\/wp\/v2\/posts"}],"about":[{"href":"https:\/\/www.frankensicht.de\/index.php?rest_route=\/wp\/v2\/types\/post"}],"author":[{"embeddable":true,"href":"https:\/\/www.frankensicht.de\/index.php?rest_route=\/wp\/v2\/users\/7"}],"replies":[{"embeddable":true,"href":"https:\/\/www.frankensicht.de\/index.php?rest_route=%2Fwp%2Fv2%2Fcomments&post=17844"}],"version-history":[{"count":1,"href":"https:\/\/www.frankensicht.de\/index.php?rest_route=\/wp\/v2\/posts\/17844\/revisions"}],"predecessor-version":[{"id":17845,"href":"https:\/\/www.frankensicht.de\/index.php?rest_route=\/wp\/v2\/posts\/17844\/revisions\/17845"}],"wp:featuredmedia":[{"embeddable":true,"href":"https:\/\/www.frankensicht.de\/index.php?rest_route=\/wp\/v2\/media\/7521"}],"wp:attachment":[{"href":"https:\/\/www.frankensicht.de\/index.php?rest_route=%2Fwp%2Fv2%2Fmedia&parent=17844"}],"wp:term":[{"taxonomy":"category","embeddable":true,"href":"https:\/\/www.frankensicht.de\/index.php?rest_route=%2Fwp%2Fv2%2Fcategories&post=17844"},{"taxonomy":"post_tag","embeddable":true,"href":"https:\/\/www.frankensicht.de\/index.php?rest_route=%2Fwp%2Fv2%2Ftags&post=17844"}],"curies":[{"name":"wp","href":"https:\/\/api.w.org\/{rel}","templated":true}]}}