{"id":17841,"date":"2025-09-09T08:27:20","date_gmt":"2025-09-09T06:27:20","guid":{"rendered":"https:\/\/www.frankensicht.de\/?p=17841"},"modified":"2025-09-09T08:27:41","modified_gmt":"2025-09-09T06:27:41","slug":"dritter-foerderaufruf-im-ladeinfrastrukturprogramm-fuer-den-e-strassengueterverkehr","status":"publish","type":"post","link":"https:\/\/www.frankensicht.de\/?p=17841","title":{"rendered":"Dritter F\u00f6rderaufruf im Ladeinfrastrukturprogramm f\u00fcr den E-Stra\u00dfeng\u00fcterverkehr"},"content":{"rendered":"<p>M\u00fcnchen:<\/p>\n<p>Dritter F\u00f6rderaufruf im Ladeinfrastrukturprogramm f\u00fcr den E-Stra\u00dfeng\u00fcterverkehr<\/p>\n<p>Aiwanger: &#8222;Wir investieren in die Elektromobilit\u00e4t: Unsere erfolgreiche F\u00f6rderung von nicht \u00f6ffentlich zug\u00e4nglichen Ladepunkten f\u00fcr den E-Stra\u00dfeng\u00fcterverkehr geht in die dritte Runde&#8220;<\/p>\n<p>Die Staatsregierung investiert weiter kr\u00e4ftig in den Ausbau der Ladeinfrastruktur im Freistaat. Voraussichtlich am 29. September 2025 startet der dritte F\u00f6rderaufruf im Rahmen der F\u00f6rderrichtlinie \u201eNicht \u00f6ffentlich zug\u00e4ngliche Ladeinfrastruktur f\u00fcr den E-Stra\u00dfeng\u00fcterverkehr in Bayern\u201c. \u00a0 Bayerns Wirtschaftsminister Hubert Aiwanger betont: \u201eDie Elektromobilit\u00e4t leistet einen zentralen Beitrag f\u00fcr den Wandel zu klimaneutraler Mobilit\u00e4t. Aufgrund steigender G\u00fcterverkehrsleistung wird dabei auch die Elektrifizierung des Stra\u00dfeng\u00fcterverkehrs immer wichtiger. Daher f\u00f6rdern wir in unserem Programm den Aufbau von nicht \u00f6ffentlich zug\u00e4nglichen Ladepunkten f\u00fcr E-G\u00fctertransportfahrzeuge. Wir investieren hierf\u00fcr im dritten F\u00f6rderaufruf 2,5 Millionen Euro. Wir sind damit bestm\u00f6glich aufgestellt f\u00fcr die Umsetzung einer technologieoffenen, klimafreundlichen Mobilit\u00e4t\u201c. \u00a0 Gef\u00f6rdert wird im dritten, bis 31. Oktober 2025 offenen Aufruf die Beschaffung und Errichtung von station\u00e4ren, nicht \u00f6ffentlich zug\u00e4nglichen konduktiven DC-Schnell-Ladepunkten mit CCS-Steckern (DIN EN 62196-3 bzw. Combo f\u00fcr DC-Laden) oder leistungsst\u00e4rkeren Steckerstandards mit EU-Norm (z. B. MCS f\u00fcr \u201eMegawatt-Laden\u201c) in Bayern. Aiwanger: \u201eF\u00fcr bayerische Unternehmen, die im Bereich G\u00fctertransport t\u00e4tig sind, schaffen wir damit einen starken Anreiz zur Elektrifizierung ihrer Fahrzeugflotten.\u201c<\/p>\n<p><a href=\"https:\/\/www.frankensicht.de\/?attachment_id=12051\" rel=\"attachment wp-att-12051\"><img loading=\"lazy\" decoding=\"async\" class=\"alignnone size-medium wp-image-12051\" src=\"https:\/\/www.frankensicht.de\/wp-content\/uploads\/2018\/11\/etankstelle-300x225.jpg\" alt=\"\" width=\"300\" height=\"225\" srcset=\"https:\/\/www.frankensicht.de\/wp-content\/uploads\/2018\/11\/etankstelle-300x225.jpg 300w, https:\/\/www.frankensicht.de\/wp-content\/uploads\/2018\/11\/etankstelle.jpg 640w\" sizes=\"auto, (max-width: 300px) 100vw, 300px\" \/><\/a><\/p>\n<p>Betreut wird das F\u00f6rderprogramm \u201eNicht \u00f6ffentlich zug\u00e4ngliche Ladeinfrastruktur f\u00fcr den E-Stra\u00dfeng\u00fcterverkehr in Bayern\u201c von der Kompetenzstelle Elektromobilit\u00e4t bei der Bayern Innovativ GmbH.\u00a0 \u00a0 Detaillierte Informationen \u00fcber das Programm und den aktuellen F\u00f6rderaufruf finden Sie unter https:\/\/www.bayern-innovativ.de\/de\/foerderprogramme-elektromobilitaet\/seite\/foerderprogramm-e-strassengueterverkehr<\/p>\n<p>Quelle:stmwi.bayern.de<\/p>\n","protected":false},"excerpt":{"rendered":"<p>M\u00fcnchen: Dritter F\u00f6rderaufruf im Ladeinfrastrukturprogramm f\u00fcr den E-Stra\u00dfeng\u00fcterverkehr Aiwanger: &#8222;Wir investieren in die Elektromobilit\u00e4t: Unsere erfolgreiche F\u00f6rderung von nicht \u00f6ffentlich zug\u00e4nglichen Ladepunkten f\u00fcr den E-Stra\u00dfeng\u00fcterverkehr geht in die dritte Runde&#8220; Die Staatsregierung investiert weiter kr\u00e4ftig in den Ausbau der Ladeinfrastruktur im Freistaat. Voraussichtlich am 29. September 2025 startet der dritte F\u00f6rderaufruf im Rahmen der F\u00f6rderrichtlinie [&hellip;]<\/p>\n","protected":false},"author":7,"featured_media":12051,"comment_status":"closed","ping_status":"open","sticky":false,"template":"","format":"standard","meta":{"footnotes":""},"categories":[20,78,71],"tags":[3704],"class_list":["post-17841","post","type-post","status-publish","format-standard","has-post-thumbnail","hentry","category-auto","category-bayern","category-menue","tag-ladeinfrastruktur"],"_links":{"self":[{"href":"https:\/\/www.frankensicht.de\/index.php?rest_route=\/wp\/v2\/posts\/17841","targetHints":{"allow":["GET"]}}],"collection":[{"href":"https:\/\/www.frankensicht.de\/index.php?rest_route=\/wp\/v2\/posts"}],"about":[{"href":"https:\/\/www.frankensicht.de\/index.php?rest_route=\/wp\/v2\/types\/post"}],"author":[{"embeddable":true,"href":"https:\/\/www.frankensicht.de\/index.php?rest_route=\/wp\/v2\/users\/7"}],"replies":[{"embeddable":true,"href":"https:\/\/www.frankensicht.de\/index.php?rest_route=%2Fwp%2Fv2%2Fcomments&post=17841"}],"version-history":[{"count":2,"href":"https:\/\/www.frankensicht.de\/index.php?rest_route=\/wp\/v2\/posts\/17841\/revisions"}],"predecessor-version":[{"id":17843,"href":"https:\/\/www.frankensicht.de\/index.php?rest_route=\/wp\/v2\/posts\/17841\/revisions\/17843"}],"wp:featuredmedia":[{"embeddable":true,"href":"https:\/\/www.frankensicht.de\/index.php?rest_route=\/wp\/v2\/media\/12051"}],"wp:attachment":[{"href":"https:\/\/www.frankensicht.de\/index.php?rest_route=%2Fwp%2Fv2%2Fmedia&parent=17841"}],"wp:term":[{"taxonomy":"category","embeddable":true,"href":"https:\/\/www.frankensicht.de\/index.php?rest_route=%2Fwp%2Fv2%2Fcategories&post=17841"},{"taxonomy":"post_tag","embeddable":true,"href":"https:\/\/www.frankensicht.de\/index.php?rest_route=%2Fwp%2Fv2%2Ftags&post=17841"}],"curies":[{"name":"wp","href":"https:\/\/api.w.org\/{rel}","templated":true}]}}