{"id":17806,"date":"2025-08-31T08:51:32","date_gmt":"2025-08-31T06:51:32","guid":{"rendered":"https:\/\/www.frankensicht.de\/?p=17806"},"modified":"2025-08-31T08:51:32","modified_gmt":"2025-08-31T06:51:32","slug":"konjunktur-grafiken-und-tabellen-3","status":"publish","type":"post","link":"https:\/\/www.frankensicht.de\/?p=17806","title":{"rendered":"Konjunktur \u2013 Grafiken und Tabellen"},"content":{"rendered":"<p><span style=\"color: #ff0000;\">Berlin:<\/span><\/p>\n<p>Schlaglichter der Wirtschaftspolitik<\/p>\n<p>Konjunktur \u2013 Grafiken und Tabellen<br \/>\nIm Fokus der September-Ausgabe der Schlaglichter der Wirtschaftspolitik steht der deutsche<br \/>\nmittelfristige finanzpolitisch-strukturelle Plan (FSP), den das Bundeskabinett am 16. Juli f\u00fcr die<br \/>\nJahre 2025 bis 2029 beschlossen hat. Mit dem FSP legt die Bundesregierung erstmals einen<br \/>\nverbindlichen mehrj\u00e4hrigen Pfad f\u00fcr das Wachstum der gesamtstaatlichen Ausgaben fest. Der FSP ist<br \/>\nKernelement der neuen Fiskalregeln der EU und ist von jedem Mitgliedstaat individuell in<br \/>\nAbh\u00e4ngigkeit von der jeweiligen fiskalischen und wirtschaftlichen Lage zu erstellen. Anhand des<br \/>\njeweiligen FSP wird die Einhaltung der neuen EU-Fiskalregeln f\u00fcr jeden Mitgliedstaat \u00fcberpr\u00fcft.<br \/>\nMit dem 4. Omnibus-Paket, einem gr\u00f6\u00dferen Gesetzespaket, will die EU-Kommission Unternehmen<br \/>\nb\u00fcrokratisch entlasten. Mit dem Vorschlag einer neuen Unternehmenskategorie f\u00fcr sogenannte \u201eSmall<br \/>\nMid-Caps\u201c sollen Unternehmen mittlerer Gr\u00f6\u00dfe gest\u00e4rkt werden. Der Vorsto\u00df ist ein wichtiger Beitrag<br \/>\nzur Verbesserung der Wettbewerbsf\u00e4higkeit der europ\u00e4ischen Wirtschaft. Denn Small Mid-Caps gelten<br \/>\nals besonders innovativ und wachstumsstark und sind h\u00e4ufig in Schl\u00fcsselindustrien t\u00e4tig. Wir<br \/>\nberichten.<\/p>\n<p><a href=\"https:\/\/www.frankensicht.de\/?attachment_id=1457\" rel=\"attachment wp-att-1457\"><img loading=\"lazy\" decoding=\"async\" class=\"alignnone size-full wp-image-1457\" src=\"https:\/\/www.frankensicht.de\/wp-content\/uploads\/2012\/05\/StatPressCN-\u2039-frankensicht.de-\u2014-WordPress_1336737358340.jpeg\" alt=\"\" width=\"235\" height=\"119\" \/><\/a><br \/>\nUm die Digitalisierung und Innovation im Mittelstand zu f\u00f6rdern, hat das BMWE gemeinsam mit der KfW<br \/>\nund dem BMF zwei neue Kreditprogramme ins Leben gerufen. Seit Juli 2025 stehen die Programme<br \/>\n\u201eERP-F\u00f6rderkredit Digitalisierung\u201c und \u201eERP-F\u00f6rderkredit Innovation\u201c zur Verf\u00fcgung. Mehr dazu in<br \/>\ndieser Ausgabe.<br \/>\nWie \u00fcblich enth\u00e4lt die Ausgabe auch eine ausf\u00fchrliche Berichterstattung zur Konjunkturlage.<br \/>\nWir w\u00fcnschen Ihnen eine anregende Lekt\u00fcre.<\/p>\n<p>https:\/\/www.bundeswirtschaftsministerium.de\/Redaktion\/DE\/Publikationen\/Schlaglichter-der-Wirtschaftspolitik\/2025\/schlaglichter-der-wirtschaftspolitik-2025-09.html<\/p>\n<p>Quelle:bundesfinanzministerium.de<\/p>\n","protected":false},"excerpt":{"rendered":"<p>Berlin: Schlaglichter der Wirtschaftspolitik Konjunktur \u2013 Grafiken und Tabellen Im Fokus der September-Ausgabe der Schlaglichter der Wirtschaftspolitik steht der deutsche mittelfristige finanzpolitisch-strukturelle Plan (FSP), den das Bundeskabinett am 16. Juli f\u00fcr die Jahre 2025 bis 2029 beschlossen hat. Mit dem FSP legt die Bundesregierung erstmals einen verbindlichen mehrj\u00e4hrigen Pfad f\u00fcr das Wachstum der gesamtstaatlichen Ausgaben [&hellip;]<\/p>\n","protected":false},"author":7,"featured_media":1457,"comment_status":"closed","ping_status":"open","sticky":false,"template":"","format":"standard","meta":{"footnotes":""},"categories":[44,3,16],"tags":[4640],"class_list":["post-17806","post","type-post","status-publish","format-standard","has-post-thumbnail","hentry","category-deutschland-2","category-news","category-wirtschaft","tag-wirtschaftspolitik"],"_links":{"self":[{"href":"https:\/\/www.frankensicht.de\/index.php?rest_route=\/wp\/v2\/posts\/17806","targetHints":{"allow":["GET"]}}],"collection":[{"href":"https:\/\/www.frankensicht.de\/index.php?rest_route=\/wp\/v2\/posts"}],"about":[{"href":"https:\/\/www.frankensicht.de\/index.php?rest_route=\/wp\/v2\/types\/post"}],"author":[{"embeddable":true,"href":"https:\/\/www.frankensicht.de\/index.php?rest_route=\/wp\/v2\/users\/7"}],"replies":[{"embeddable":true,"href":"https:\/\/www.frankensicht.de\/index.php?rest_route=%2Fwp%2Fv2%2Fcomments&post=17806"}],"version-history":[{"count":1,"href":"https:\/\/www.frankensicht.de\/index.php?rest_route=\/wp\/v2\/posts\/17806\/revisions"}],"predecessor-version":[{"id":17807,"href":"https:\/\/www.frankensicht.de\/index.php?rest_route=\/wp\/v2\/posts\/17806\/revisions\/17807"}],"wp:featuredmedia":[{"embeddable":true,"href":"https:\/\/www.frankensicht.de\/index.php?rest_route=\/wp\/v2\/media\/1457"}],"wp:attachment":[{"href":"https:\/\/www.frankensicht.de\/index.php?rest_route=%2Fwp%2Fv2%2Fmedia&parent=17806"}],"wp:term":[{"taxonomy":"category","embeddable":true,"href":"https:\/\/www.frankensicht.de\/index.php?rest_route=%2Fwp%2Fv2%2Fcategories&post=17806"},{"taxonomy":"post_tag","embeddable":true,"href":"https:\/\/www.frankensicht.de\/index.php?rest_route=%2Fwp%2Fv2%2Ftags&post=17806"}],"curies":[{"name":"wp","href":"https:\/\/api.w.org\/{rel}","templated":true}]}}