{"id":17796,"date":"2025-08-22T08:23:19","date_gmt":"2025-08-22T06:23:19","guid":{"rendered":"https:\/\/www.frankensicht.de\/?p=17796"},"modified":"2025-08-22T08:23:19","modified_gmt":"2025-08-22T06:23:19","slug":"beauftragter-der-bundesregierung-fuer-religions-und-weltanschauungsfreiheit-zum-internationalen-tag-des-gedenkens-an-die-opfer-von-gewalthandlungen-aufgrund-der-religion-oder-der-weltanschauung","status":"publish","type":"post","link":"https:\/\/www.frankensicht.de\/?p=17796","title":{"rendered":"Beauftragter der Bundesregierung f\u00fcr Religions- und Weltanschauungsfreiheit zum Internationalen Tag des Gedenkens an die Opfer von Gewalthandlungen aufgrund der Religion oder der Weltanschauung"},"content":{"rendered":"<p><span style=\"color: #ff0000;\">Berlin:<\/span><\/p>\n<p>Beauftragter der Bundesregierung f\u00fcr Religions- und Weltanschauungsfreiheit zum Internationalen Tag des Gedenkens an die Opfer von Gewalthandlungen aufgrund der Religion oder der Weltanschauung<\/p>\n<p>Zum Internationalen Tag des Gedenkens an die Opfer von Gewalthandlungen aufgrund der Religion oder der Weltanschauung erkl\u00e4rte Thomas Rachel, Beauftragter der Bundesregierung f\u00fcr Religions- und Weltanschauungsfreiheit, heute (22.08.2025):<br \/>\n&#8222;Die Religions- und Weltanschauungsfreiheit steht weltweit unter Druck. Immer wieder kommt es zu gewaltsamen \u00dcbergriffen und Anschl\u00e4gen auf Gl\u00e4ubige verschiedener Religionen und Weltanschauungen. Der heutige Gedenktag erinnert uns daran, dass Religions- und Weltanschauungsfreiheit kein abstraktes Prinzip ist, sondern eine Frage von Leben oder Tod sein kann.<\/p>\n<p><a href=\"https:\/\/www.frankensicht.de\/?attachment_id=1235\" rel=\"attachment wp-att-1235\"><img loading=\"lazy\" decoding=\"async\" class=\"alignnone size-full wp-image-1235\" src=\"https:\/\/www.frankensicht.de\/wp-content\/uploads\/2012\/05\/stop.png\" alt=\"\" width=\"274\" height=\"258\" \/><\/a><br \/>\nIn zahlreichen L\u00e4ndern erfahren Menschen nur aufgrund ihrer Religion und Weltanschauung Gewalt und Verfolgungen, willk\u00fcrliche Inhaftierungen, Diskriminierung, Hass und administrative Schikanen. Alle Staaten stehen in der dringenden Verantwortung, religi\u00f6se Minderheiten uneingeschr\u00e4nkt zu sch\u00fctzen und die Verantwortlichen von Diskriminierung und Gewalt zur Verantwortung zu ziehen.<br \/>\nDar\u00fcber hinaus k\u00f6nnen auch Religionsgemeinschaften und die Zivilgesellschaft einen wichtigen Beitrag zur St\u00e4rkung der Religions- und Weltanschauungsfreiheit leisten und somit ein friedliches Zusammenleben f\u00f6rdern.<br \/>\nAls Beauftragter der Bundesregierung trete ich f\u00fcr das Recht eines jeden Menschen ein, Religion und Weltanschauung allein oder in Gemeinschaft mit anderen zu leben oder zu wechseln. Gerade in Zeiten zunehmender autokratischer Tendenzen und gesellschaftlicher Polarisierung m\u00fcssen wir Demokratie und Rechtsstaatlichkeit sowie Empathie, Mitmenschlichkeit und gesellschaftlichen Austausch in besonderem Ma\u00dfe sch\u00fctzen und mit Leben f\u00fcllen.&#8220;<\/p>\n<p>Quelle:auswaertiges-amt.de<\/p>\n","protected":false},"excerpt":{"rendered":"<p>Berlin: Beauftragter der Bundesregierung f\u00fcr Religions- und Weltanschauungsfreiheit zum Internationalen Tag des Gedenkens an die Opfer von Gewalthandlungen aufgrund der Religion oder der Weltanschauung Zum Internationalen Tag des Gedenkens an die Opfer von Gewalthandlungen aufgrund der Religion oder der Weltanschauung erkl\u00e4rte Thomas Rachel, Beauftragter der Bundesregierung f\u00fcr Religions- und Weltanschauungsfreiheit, heute (22.08.2025): &#8222;Die Religions- und [&hellip;]<\/p>\n","protected":false},"author":7,"featured_media":1235,"comment_status":"closed","ping_status":"open","sticky":false,"template":"","format":"standard","meta":{"footnotes":""},"categories":[44,3,30],"tags":[4635],"class_list":["post-17796","post","type-post","status-publish","format-standard","has-post-thumbnail","hentry","category-deutschland-2","category-news","category-welt","tag-weltanschauungsfreiheit"],"_links":{"self":[{"href":"https:\/\/www.frankensicht.de\/index.php?rest_route=\/wp\/v2\/posts\/17796","targetHints":{"allow":["GET"]}}],"collection":[{"href":"https:\/\/www.frankensicht.de\/index.php?rest_route=\/wp\/v2\/posts"}],"about":[{"href":"https:\/\/www.frankensicht.de\/index.php?rest_route=\/wp\/v2\/types\/post"}],"author":[{"embeddable":true,"href":"https:\/\/www.frankensicht.de\/index.php?rest_route=\/wp\/v2\/users\/7"}],"replies":[{"embeddable":true,"href":"https:\/\/www.frankensicht.de\/index.php?rest_route=%2Fwp%2Fv2%2Fcomments&post=17796"}],"version-history":[{"count":1,"href":"https:\/\/www.frankensicht.de\/index.php?rest_route=\/wp\/v2\/posts\/17796\/revisions"}],"predecessor-version":[{"id":17797,"href":"https:\/\/www.frankensicht.de\/index.php?rest_route=\/wp\/v2\/posts\/17796\/revisions\/17797"}],"wp:featuredmedia":[{"embeddable":true,"href":"https:\/\/www.frankensicht.de\/index.php?rest_route=\/wp\/v2\/media\/1235"}],"wp:attachment":[{"href":"https:\/\/www.frankensicht.de\/index.php?rest_route=%2Fwp%2Fv2%2Fmedia&parent=17796"}],"wp:term":[{"taxonomy":"category","embeddable":true,"href":"https:\/\/www.frankensicht.de\/index.php?rest_route=%2Fwp%2Fv2%2Fcategories&post=17796"},{"taxonomy":"post_tag","embeddable":true,"href":"https:\/\/www.frankensicht.de\/index.php?rest_route=%2Fwp%2Fv2%2Ftags&post=17796"}],"curies":[{"name":"wp","href":"https:\/\/api.w.org\/{rel}","templated":true}]}}