{"id":17714,"date":"2025-07-21T08:32:40","date_gmt":"2025-07-21T06:32:40","guid":{"rendered":"https:\/\/www.frankensicht.de\/?p=17714"},"modified":"2025-07-21T08:32:40","modified_gmt":"2025-07-21T06:32:40","slug":"kluge-koepfe-fuer-die-energiewende","status":"publish","type":"post","link":"https:\/\/www.frankensicht.de\/?p=17714","title":{"rendered":"KLUGE K\u00d6PFE F\u00dcR DIE ENERGIEWENDE"},"content":{"rendered":"<p><span style=\"color: #ff0000;\">Berlin:<\/span><\/p>\n<p>KLUGE K\u00d6PFE F\u00dcR DIE ENERGIEWENDE<\/p>\n<p>Das BMWE hat 40 Preistr\u00e4gerinnen und Preistr\u00e4ger des Jugend-forscht-Sonderpreises \u201eEnergiewende und Klimaschutz\u201c nach Berlin eingeladen. Sie stellten ihre Ideen vor und lernten Karrierem\u00f6glichkeiten in der Energieforschung kennen.<\/p>\n<p>Mehr: &lt;https:\/\/energiewende.bundeswirtschaftsministerium.de\/EWD\/Redaktion\/Newsletter\/2025\/07\/Meldung\/topthema.html&gt;<\/p>\n<p><a href=\"https:\/\/www.frankensicht.de\/?attachment_id=15391\" rel=\"attachment wp-att-15391\"><img loading=\"lazy\" decoding=\"async\" class=\"alignnone size-medium wp-image-15391\" src=\"https:\/\/www.frankensicht.de\/wp-content\/uploads\/2022\/11\/P1040775-300x225.jpg\" alt=\"\" width=\"300\" height=\"225\" srcset=\"https:\/\/www.frankensicht.de\/wp-content\/uploads\/2022\/11\/P1040775-300x225.jpg 300w, https:\/\/www.frankensicht.de\/wp-content\/uploads\/2022\/11\/P1040775-1024x768.jpg 1024w, https:\/\/www.frankensicht.de\/wp-content\/uploads\/2022\/11\/P1040775-768x576.jpg 768w, https:\/\/www.frankensicht.de\/wp-content\/uploads\/2022\/11\/P1040775-1536x1152.jpg 1536w, https:\/\/www.frankensicht.de\/wp-content\/uploads\/2022\/11\/P1040775-2048x1536.jpg 2048w\" sizes=\"auto, (max-width: 300px) 100vw, 300px\" \/><\/a><\/p>\n<p>&#8212;&#8212;&#8212;&#8212;&#8212;&#8212;&#8212;&#8212;&#8212;&#8212;&#8212;&#8212;&#8212;&#8212;&#8212;&#8212;&#8212;&#8212;&#8212;&#8212;&#8212;&#8212;&#8212;&#8212;&#8212;&#8212;&#8212;&#8212;&#8212;&#8212;&#8212;&#8212;&#8212;-<\/p>\n<p>Erfolgreiche Tests bei Geothermie-Bohrung in Niedersachsen Mehr als 1.000 Kubikmeter kochend hei\u00dfes Thermalwasser haben Forschende in Niedersachsen nahe Celle<br \/>\naus rund zweieinhalb Kilometer Tiefe gef\u00f6rdert. Das sind vielversprechende Ergebnisse f\u00fcr die<br \/>\nzuk\u00fcnftige Nutzung von Erdw\u00e4rme. Mehr: &lt;https:\/\/energiewende.bundeswirtschaftsministerium.de\/EWD\/Redaktion\/Newsletter\/2025\/07\/Meldung\/News1.html&gt;<br \/>\n&#8212;&#8212;&#8212;&#8212;&#8212;&#8212;&#8212;&#8212;&#8212;&#8212;&#8212;&#8212;&#8212;&#8212;&#8212;&#8212;&#8212;&#8212;&#8212;&#8212;&#8212;&#8212;&#8212;&#8212;&#8212;&#8212;&#8212;&#8212;&#8212;&#8212;&#8212;&#8212;&#8212;-<\/p>\n<p>Wie Rechenzentren unseren Energiebedarf antreiben Der Energiebedarf von Rechenzentren k\u00f6nnte sich bis 2030 verdoppeln. Das zeigt eine Prognose der<br \/>\nInternationalen Energieagentur (IEA). Vor allem rechenintensive Aufgaben wie k\u00fcnstliche<br \/>\nIntelligenzen lassen den Stromhunger steigen. Doch was hei\u00dft das f\u00fcr unsere Energieversorgung? Mehr: &lt;https:\/\/energiewende.bundeswirtschaftsministerium.de\/EWD\/Redaktion\/Newsletter\/2025\/07\/Meldung\/direkt-erfasst.html&gt;<br \/>\n&#8212;&#8212;&#8212;&#8212;&#8212;&#8212;&#8212;&#8212;&#8212;&#8212;&#8212;&#8212;&#8212;&#8212;&#8212;&#8212;&#8212;&#8212;&#8212;&#8212;&#8212;&#8212;&#8212;&#8212;&#8212;&#8212;&#8212;&#8212;&#8212;&#8212;&#8212;&#8212;&#8212;-<\/p>\n<p>Gro\u00dfe Konferenz zur kommunalen W\u00e4rmewende: Erfolg durch Vielfalt Zum dritten Mal bot das Kompetenzzentrum Kommunale W\u00e4rmewende (KWW) mit der Gro\u00dfen KWW-Konferenz in<br \/>\nHalle (Saale) am 26. Juni 2025 eine Plattform f\u00fcr Austausch, Inspiration und anwendungsorientiertes<br \/>\nWissen. Jetzt online nachschauen und nachlesen. Mehr: &lt;https:\/\/energiewende.bundeswirtschaftsministerium.de\/EWD\/Redaktion\/Newsletter\/2025\/07\/Meldung\/news2.html&gt;<br \/>\n&#8212;&#8212;&#8212;&#8212;&#8212;&#8212;&#8212;&#8212;&#8212;&#8212;&#8212;&#8212;&#8212;&#8212;&#8212;&#8212;&#8212;&#8212;&#8212;&#8212;&#8212;&#8212;&#8212;&#8212;&#8212;&#8212;&#8212;&#8212;&#8212;&#8212;&#8212;&#8212;&#8212;-<\/p>\n<p>Was sind eigentlich die wichtigsten Technologien f\u00fcr die W\u00e4rmewende? Ohne W\u00e4rmewende keine Energiewende. Was Gro\u00dfw\u00e4rmepumpen, W\u00e4rmespeicher und W\u00e4rmenetze dabei so<br \/>\nalles leisten k\u00f6nnen? Hier entlang f\u00fcr einen kleinen Ausflug in die Welt der W\u00e4rmewende. Mehr: &lt;https:\/\/energiewende.bundeswirtschaftsministerium.de\/EWD\/Redaktion\/Newsletter\/2025\/07\/Meldung\/direkt-erklaert.html&gt;<br \/>\n&#8212;&#8212;&#8212;&#8212;&#8212;&#8212;&#8212;&#8212;&#8212;&#8212;&#8212;&#8212;&#8212;&#8212;&#8212;&#8212;&#8212;&#8212;&#8212;&#8212;&#8212;&#8212;&#8212;&#8212;&#8212;&#8212;&#8212;&#8212;&#8212;&#8212;&#8212;&#8212;&#8212;-<\/p>\n<p>Der Turbo f\u00fcr klimaneutrale Schl\u00fcsseltechnologien l\u00e4uft Mit der europ\u00e4ischen Verordnung \u201eNet-Zero Industry Act\u201c sollen die Produktionskapazit\u00e4ten f\u00fcr<br \/>\nsogenannte Netto-Null-Technologien in der EU gesteigert werden. Eine Zwischenbilanz ein Jahr nach<br \/>\nInkrafttreten. Mehr: &lt;https:\/\/energiewende.bundeswirtschaftsministerium.de\/EWD\/Redaktion\/Newsletter\/2025\/07\/Meldung\/news3.html&gt;<br \/>\n&#8212;&#8212;&#8212;&#8212;&#8212;&#8212;&#8212;&#8212;&#8212;&#8212;&#8212;&#8212;&#8212;&#8212;&#8212;&#8212;&#8212;&#8212;&#8212;&#8212;&#8212;&#8212;&#8212;&#8212;&#8212;&#8212;&#8212;&#8212;&#8212;&#8212;&#8212;&#8212;&#8212;-<\/p>\n<p>Wie k\u00f6nnen Mieterinnen und Mieter Sanierungsarbeiten mitplanen? Mitentscheiden statt zur Kenntnis nehmen: Im Forschungsprojekt W\u00e4rme4Alle liefern Mieterinnen und<br \/>\nMieter gro\u00dfer Wohnkomplexe Hinweise und Ideen in Sachen Sanierung. Die Vermieter freut&#8217;s. Mehr: &lt;https:\/\/energiewende.bundeswirtschaftsministerium.de\/EWD\/Redaktion\/Newsletter\/2025\/07\/Meldung\/direkt-nachgefragt.html&gt;<br \/>\n&#8212;&#8212;&#8212;&#8212;&#8212;&#8212;&#8212;&#8212;&#8212;&#8212;&#8212;&#8212;&#8212;&#8212;&#8212;&#8212;&#8212;&#8212;&#8212;&#8212;&#8212;&#8212;&#8212;&#8212;&#8212;&#8212;&#8212;&#8212;&#8212;&#8212;&#8212;&#8212;&#8212;-<\/p>\n<p>Diesmal in den Pressestimmen: Wie sich Angebote f\u00fcr W\u00e4rmepumpen am besten vergleichen lassen und welchen Rekord-Anteil an der<br \/>\ngesamten Stromproduktion Solarstrom 2024 erreicht hat. Mehr: &lt;https:\/\/energiewende.bundeswirtschaftsministerium.de\/EWD\/Redaktion\/Newsletter\/2025\/07\/Meldung\/pressestimmen.html&gt;<br \/>\n&#8212;&#8212;&#8212;&#8212;&#8212;&#8212;&#8212;&#8212;&#8212;&#8212;&#8212;&#8212;&#8212;&#8212;&#8212;&#8212;&#8212;&#8212;&#8212;&#8212;&#8212;&#8212;&#8212;&#8212;&#8212;&#8212;&#8212;&#8212;&#8212;&#8212;&#8212;&#8212;&#8212;-<\/p>\n<p>Zitat der Woche &#8222;Wir stehen vor gro\u00dfen Herausforderungen, um die nachhaltige Transformation des Energiesystems zu<br \/>\nerreichen. Daf\u00fcr m\u00fcssen wir nicht nur Geld in die Hand nehmen, sondern brauchen auch kluge Ideen.\u201c &#8211; Stefan Rouenhoff, Parlamentarischer Staatssekret\u00e4r im BMWE, zum Jugend forscht-Sonderpreis<br \/>\n\u201eEnergiewende &amp; Klimaschutz\u201c<br \/>\n&#8212;&#8212;&#8212;&#8212;&#8212;&#8212;&#8212;&#8212;&#8212;&#8212;&#8212;&#8212;&#8212;&#8212;&#8212;&#8212;&#8212;&#8212;&#8212;&#8212;&#8212;&#8212;&#8212;&#8212;&#8212;&#8212;&#8212;&#8212;&#8212;&#8212;&#8212;&#8212;&#8212;-<\/p>\n<p>6. BAFA-Energietag in Frankfurt (Main) &amp; im Live-Stream Am 2. Oktober 2025 pr\u00e4sentiert das Bundesamt f\u00fcr Wirtschaft und Ausfuhrkontrolle (BAFA) auf dem<br \/>\nBAFA-Energietag vor Ort und im Live-Stream Neuigkeiten aus seinen Energie-F\u00f6rderprogrammen,<br \/>\naktuelle Trends sowie gesetzliche Weiterentwicklungen und praxisnahe L\u00f6sungen in den Bereichen<br \/>\nIndustrie, Geb\u00e4ude und W\u00e4rme. Mehr: &lt;https:\/\/energiewende.bundeswirtschaftsministerium.de\/EWD\/Redaktion\/Newsletter\/2025\/07\/ExterneLinks\/direktgemeldet-1.html&gt;<br \/>\n&#8212;&#8212;&#8212;&#8212;&#8212;&#8212;&#8212;&#8212;&#8212;&#8212;&#8212;&#8212;&#8212;&#8212;&#8212;&#8212;&#8212;&#8212;&#8212;&#8212;&#8212;&#8212;&#8212;&#8212;&#8212;&#8212;&#8212;&#8212;&#8212;&#8212;&#8212;&#8212;&#8212;-<\/p>\n<p>Webinar zum ZEREZ-Datenregister am 23. September 2025 Das Zentrale Register f\u00fcr Einheiten- und Komponentenzertifikate ist seit dem 1. Februar 2025<br \/>\nverpflichtend im Einsatz. Ein kostenfreies Webinar bietet Infos zum aktuellen Stand, zu bisherigen<br \/>\nEntwicklungen, Tipps zum Umgang mit dem Register und einen Ausblick auf zuk\u00fcnftige Funktionen. Bis<br \/>\nzu 500 Zertifizierer, Hersteller, Netzbetreiber und Planer k\u00f6nnen teilnehmen. Mehr: &lt;https:\/\/energiewende.bundeswirtschaftsministerium.de\/EWD\/Redaktion\/Newsletter\/2025\/07\/ExterneLinks\/direktgemeldet-2.html&gt;<br \/>\n&#8212;&#8212;&#8212;&#8212;&#8212;&#8212;&#8212;&#8212;&#8212;&#8212;&#8212;&#8212;&#8212;&#8212;&#8212;&#8212;&#8212;&#8212;&#8212;&#8212;&#8212;&#8212;&#8212;&#8212;&#8212;&#8212;&#8212;&#8212;&#8212;&#8212;&#8212;&#8212;&#8212;-<\/p>\n<p>Netzbildende Wechselrichter als Schl\u00fcsseltechnologie Bislang hielten konventionelle Kraftwerke das Stromnetz stabil. Doch durch den steigenden Anteil<br \/>\nerneuerbarer Energien m\u00fcssen sie durch neue Technologien ersetzt werden. Dabei spielen netzbildende<br \/>\nWechselrichter eine entscheidende Rolle. Vom BMWE gef\u00f6rderte Forschungsprojekte suchen nach<br \/>\nL\u00f6sungen f\u00fcr offene Fragen rund um Wirtschaftlichkeit, Marktintegration und technische<br \/>\nAnforderungen. Mehr: &lt;https:\/\/energiewende.bundeswirtschaftsministerium.de\/EWD\/Redaktion\/Newsletter\/2025\/07\/ExterneLinks\/direktgemeldet-3.html&gt;<br \/>\n&#8212;&#8212;&#8212;&#8212;&#8212;&#8212;&#8212;&#8212;&#8212;&#8212;&#8212;&#8212;&#8212;&#8212;&#8212;&#8212;&#8212;&#8212;&#8212;&#8212;&#8212;&#8212;&#8212;&#8212;&#8212;&#8212;&#8212;&#8212;&#8212;&#8212;&#8212;&#8212;&#8212;-<\/p>\n<p>Pilotanlage f\u00fcr Flugkerosin aus erneuerbarem Methanol Das Forschungsteam des Projekts EwOPro entwickelt einen Prozess zur Herstellung synthetischer<br \/>\nKraftstoffe (eFuels) weiter. Die Fachleute wollen Kerosin aus erneuerbarem Methanol f\u00fcr die<br \/>\nLuftfahrtindustrie produzieren. Dazu haben sie eine Versuchsanlage errichtet, deren Testbetrieb<br \/>\njetzt begonnen hat. Mehr: &lt;https:\/\/energiewende.bundeswirtschaftsministerium.de\/EWD\/Redaktion\/Newsletter\/2025\/07\/ExterneLinks\/direktgemeldet-4.html&gt;<\/p>\n<p>Qelle: abo-bmwk.de<\/p>\n","protected":false},"excerpt":{"rendered":"<p>Berlin: KLUGE K\u00d6PFE F\u00dcR DIE ENERGIEWENDE Das BMWE hat 40 Preistr\u00e4gerinnen und Preistr\u00e4ger des Jugend-forscht-Sonderpreises \u201eEnergiewende und Klimaschutz\u201c nach Berlin eingeladen. Sie stellten ihre Ideen vor und lernten Karrierem\u00f6glichkeiten in der Energieforschung kennen. Mehr: &lt;https:\/\/energiewende.bundeswirtschaftsministerium.de\/EWD\/Redaktion\/Newsletter\/2025\/07\/Meldung\/topthema.html&gt; &#8212;&#8212;&#8212;&#8212;&#8212;&#8212;&#8212;&#8212;&#8212;&#8212;&#8212;&#8212;&#8212;&#8212;&#8212;&#8212;&#8212;&#8212;&#8212;&#8212;&#8212;&#8212;&#8212;&#8212;&#8212;&#8212;&#8212;&#8212;&#8212;&#8212;&#8212;&#8212;&#8212;- Erfolgreiche Tests bei Geothermie-Bohrung in Niedersachsen Mehr als 1.000 Kubikmeter kochend hei\u00dfes Thermalwasser haben Forschende in Niedersachsen nahe Celle [&hellip;]<\/p>\n","protected":false},"author":7,"featured_media":15391,"comment_status":"closed","ping_status":"open","sticky":false,"template":"","format":"standard","meta":{"footnotes":""},"categories":[44,383,3],"tags":[445],"class_list":["post-17714","post","type-post","status-publish","format-standard","has-post-thumbnail","hentry","category-deutschland-2","category-energie","category-news","tag-energiewende"],"_links":{"self":[{"href":"https:\/\/www.frankensicht.de\/index.php?rest_route=\/wp\/v2\/posts\/17714","targetHints":{"allow":["GET"]}}],"collection":[{"href":"https:\/\/www.frankensicht.de\/index.php?rest_route=\/wp\/v2\/posts"}],"about":[{"href":"https:\/\/www.frankensicht.de\/index.php?rest_route=\/wp\/v2\/types\/post"}],"author":[{"embeddable":true,"href":"https:\/\/www.frankensicht.de\/index.php?rest_route=\/wp\/v2\/users\/7"}],"replies":[{"embeddable":true,"href":"https:\/\/www.frankensicht.de\/index.php?rest_route=%2Fwp%2Fv2%2Fcomments&post=17714"}],"version-history":[{"count":1,"href":"https:\/\/www.frankensicht.de\/index.php?rest_route=\/wp\/v2\/posts\/17714\/revisions"}],"predecessor-version":[{"id":17715,"href":"https:\/\/www.frankensicht.de\/index.php?rest_route=\/wp\/v2\/posts\/17714\/revisions\/17715"}],"wp:featuredmedia":[{"embeddable":true,"href":"https:\/\/www.frankensicht.de\/index.php?rest_route=\/wp\/v2\/media\/15391"}],"wp:attachment":[{"href":"https:\/\/www.frankensicht.de\/index.php?rest_route=%2Fwp%2Fv2%2Fmedia&parent=17714"}],"wp:term":[{"taxonomy":"category","embeddable":true,"href":"https:\/\/www.frankensicht.de\/index.php?rest_route=%2Fwp%2Fv2%2Fcategories&post=17714"},{"taxonomy":"post_tag","embeddable":true,"href":"https:\/\/www.frankensicht.de\/index.php?rest_route=%2Fwp%2Fv2%2Ftags&post=17714"}],"curies":[{"name":"wp","href":"https:\/\/api.w.org\/{rel}","templated":true}]}}