{"id":17570,"date":"2025-05-23T08:41:20","date_gmt":"2025-05-23T06:41:20","guid":{"rendered":"https:\/\/www.frankensicht.de\/?p=17570"},"modified":"2025-05-23T08:41:20","modified_gmt":"2025-05-23T06:41:20","slug":"monatsbericht-bmf-monatsbericht-mai-2025","status":"publish","type":"post","link":"https:\/\/www.frankensicht.de\/?p=17570","title":{"rendered":"Monatsbericht BMF-Monatsbericht Mai 2025"},"content":{"rendered":"<p><span style=\"color: #ff0000;\">Berlin:<\/span><\/p>\n<p>Monatsbericht<br \/>\nBMF-Monatsbericht Mai 2025<\/p>\n<p>Investitionen und Wachstum f\u00fcr Deutschland: Die Mai-Ausgabe des BMF-Monatsberichts beleuchtet, wie der Koalitionsvertrag von CDU, CSU und SPD die Rahmenbedingungen f\u00fcr Wachstum st\u00e4rken soll. Im Interview erl\u00e4utert Bundesfinanzminister Lars Klingbeil u.\u00a0a. wie das BMF zum Investitionsministerium wird und welche Priorit\u00e4ten er in den Bundeshaushalten f\u00fcr die Jahre 2025 und 2026 setzt. Auch in dieser Ausgabe: Wie Investitionen des Bundes von 2015 bis 2024 gerade in finanzschwachen Kommunen gewirkt haben.<br \/>\nZum Monatsbericht: https:\/\/www.bundesfinanzministerium.de\/Monatsberichte\/Ausgabe\/2025\/05\/monatsbericht-05-2025.html<\/p>\n<p><a href=\"https:\/\/www.frankensicht.de\/?attachment_id=4845\" rel=\"attachment wp-att-4845\"><img loading=\"lazy\" decoding=\"async\" class=\"alignnone size-medium wp-image-4845\" src=\"https:\/\/www.frankensicht.de\/wp-content\/uploads\/2012\/12\/1euro-300x225.jpg\" alt=\"\" width=\"300\" height=\"225\" srcset=\"https:\/\/www.frankensicht.de\/wp-content\/uploads\/2012\/12\/1euro-300x225.jpg 300w, https:\/\/www.frankensicht.de\/wp-content\/uploads\/2012\/12\/1euro.jpg 640w\" sizes=\"auto, (max-width: 300px) 100vw, 300px\" \/><\/a><\/p>\n<p>Editorial: https:\/\/www.bundesfinanzministerium.de\/Monatsberichte\/Ausgabe\/2025\/05\/Kapitel\/kapitel-1-editorial.html<br \/>\nIm Fokus: Investitionen f\u00fcr Deutschland: https:\/\/www.bundesfinanzministerium.de\/Monatsberichte\/Ausgabe\/2025\/05\/Kapitel\/kapitel-2-fokus.html<br \/>\nWachstumskurs Deutschland\u00a0\u2013 der Koalitionsvertrag von CDU, CSU und SPD: https:\/\/www.bundesfinanzministerium.de\/Monatsberichte\/Ausgabe\/2025\/05\/Inhalte\/Kapitel-2b-Fokus\/koalitionsvertrag.html<\/p>\n<p>Im Interview: Lars Klingbeil, Bundesminister der\u00a0Finanzen: https:\/\/www.bundesfinanzministerium.de\/Monatsberichte\/Ausgabe\/2025\/05\/Inhalte\/Kapitel-2b-Fokus\/interview-mit-lars-klingbeil.html<\/p>\n<p>Analysen und Berichte: https:\/\/www.bundesfinanzministerium.de\/Monatsberichte\/Ausgabe\/2025\/05\/Kapitel\/kapitel-3-analysen-berichte.html<br \/>\nMehr kommunale Investitionen durch den Bund: https:\/\/www.bundesfinanzministerium.de\/Monatsberichte\/Ausgabe\/2025\/05\/Inhalte\/Kapitel-3-Analysen\/3-1-mehr-kommunale-investitionen-durch-den-bund.html<\/p>\n<p>Fr\u00fchjahrstagung des Internationalen W\u00e4hrungsfonds und der Weltbankgruppe: https:\/\/www.bundesfinanzministerium.de\/Monatsberichte\/Ausgabe\/2025\/05\/Inhalte\/Kapitel-3-Analysen\/3-2-fruehjahrstagung-iwf-und-weltbankgruppe.html<\/p>\n<p>Aktuelle Wirtschafts- und Finanzlage: https:\/\/www.bundesfinanzministerium.de\/Monatsberichte\/Ausgabe\/2025\/05\/Kapitel\/kapitel-4-wirtschafts-und-finanzlage.html<br \/>\n\u00dcberblick zur aktuellen Lage: https:\/\/www.bundesfinanzministerium.de\/Monatsberichte\/Ausgabe\/2025\/05\/Inhalte\/Kapitel-4-Wirtschafts-und-Finanzlage\/4-1-ueberblick.html<\/p>\n<p>Steuereinnahmen im April\u00a02025 und konjunkturelles Umfeld: https:\/\/www.bundesfinanzministerium.de\/Monatsberichte\/Ausgabe\/2025\/05\/Inhalte\/Kapitel-4-Wirtschafts-und-Finanzlage\/4-2-steuereinnahmen-april-2025.html<\/p>\n<p>Entwicklung des Bundeshaushalts bis einschlie\u00dflich April\u00a02025: https:\/\/www.bundesfinanzministerium.de\/Monatsberichte\/Ausgabe\/2025\/05\/Inhalte\/Kapitel-4-Wirtschafts-und-Finanzlage\/4-3-entwicklung-bundeshaushalt-april-2025.html<\/p>\n<p>Entwicklung der Kernhaushalte der L\u00e4nder bis einschlie\u00dflich M\u00e4rz\u00a02025: https:\/\/www.bundesfinanzministerium.de\/Monatsberichte\/Ausgabe\/2025\/05\/Inhalte\/Kapitel-4-Wirtschafts-und-Finanzlage\/4-4-entwicklung-laenderhaushalte-maerz-2025.html<\/p>\n<p>Kreditaufnahme des Bundes und seiner Sonderverm\u00f6gen: https:\/\/www.bundesfinanzministerium.de\/Monatsberichte\/Ausgabe\/2025\/05\/Inhalte\/Kapitel-4-Wirtschafts-und-Finanzlage\/4-5-kreditaufnahme-des-bundes.html<\/p>\n<p>Europ\u00e4ische Wirtschafts- und Finanzpolitik: https:\/\/www.bundesfinanzministerium.de\/Monatsberichte\/Ausgabe\/2025\/05\/Inhalte\/Kapitel-4-Wirtschafts-und-Finanzlage\/4-6-europaeische-wirtschafts-und-finanzpolitik.html<\/p>\n<p>Aktuelles aus dem BMF: https:\/\/www.bundesfinanzministerium.de\/Monatsberichte\/Ausgabe\/2025\/05\/Kapitel\/kapitel-5-aktuelles-aus-dem-bmf.html<br \/>\nTermine: https:\/\/www.bundesfinanzministerium.de\/Monatsberichte\/Ausgabe\/2025\/05\/Inhalte\/Kapitel-5-Aktuelles-aus-dem-BMF\/5-1-termine.html<\/p>\n<p>Veranstaltungen: https:\/\/www.bundesfinanzministerium.de\/Monatsberichte\/Ausgabe\/2025\/05\/Inhalte\/Kapitel-5-Aktuelles-aus-dem-BMF\/5-2-veranstaltungen.html<\/p>\n<p>Publikationen: https:\/\/www.bundesfinanzministerium.de\/Monatsberichte\/Ausgabe\/2025\/05\/Inhalte\/Kapitel-5-Aktuelles-aus-dem-BMF\/5-3-publikationen.html<\/p>\n<p>Statistiken und Dokumentationen: https:\/\/www.bundesfinanzministerium.de\/Monatsberichte\/Ausgabe\/2025\/05\/Kapitel\/kapitel-6-0-statistiken-dokumentationen.html<br \/>\n\u00dcbersichten zur finanzwirtschaftlichen Entwicklung: https:\/\/www.bundesfinanzministerium.de\/Monatsberichte\/Ausgabe\/2025\/05\/Kapitel\/kapitel-6-1-finanzwirtschaftliche-entwicklung.html<\/p>\n<p>\u00dcbersichten zur Entwicklung der L\u00e4nderhaushalte: https:\/\/www.bundesfinanzministerium.de\/Monatsberichte\/Ausgabe\/2025\/05\/Kapitel\/kapitel-6-2-laenderhaushalte.html<\/p>\n<p>Gesamtwirtschaftliches Produktionspotenzial und Konjunkturkomponenten des Bundes: https:\/\/www.bundesfinanzministerium.de\/Monatsberichte\/Ausgabe\/2025\/05\/Kapitel\/kapitel-6-3-produktionspotenzial-konjunkturkomponenten.html<\/p>\n<p>Kennzahlen zur gesamtwirtschaftlichen Entwicklung: https:\/\/www.bundesfinanzministerium.de\/Monatsberichte\/Ausgabe\/2025\/05\/Kapitel\/kapitel-6-4-kennzahlen.html<\/p>\n<p>English version: https:\/\/www.bundesfinanzministerium.de\/Monatsberichte\/Ausgabe\/2025\/05\/Kapitel\/kapitel-7-english-version.html<br \/>\nHinweise: https:\/\/www.bundesfinanzministerium.de\/Monatsberichte\/Ausgabe\/2025\/05\/Kapitel\/kapitel-8-hinweise.html<\/p>\n<p>____________________________________________________________________________________________________<\/p>\n<p>Mehr zum Thema<\/p>\n<p>&#8211; BMF-Monatsbericht Mai 2025: https:\/\/www.bundesfinanzministerium.de\/Monatsberichte\/Ausgabe\/2025\/05\/Downloads\/monatsbericht-2025-05.pdf?__blob=publicationFile&amp;amp;v=3 (pdf, 2MB)<\/p>\n<p>Quelle: bundesfinanzministerium.de<\/p>\n","protected":false},"excerpt":{"rendered":"<p>Berlin: Monatsbericht BMF-Monatsbericht Mai 2025 Investitionen und Wachstum f\u00fcr Deutschland: Die Mai-Ausgabe des BMF-Monatsberichts beleuchtet, wie der Koalitionsvertrag von CDU, CSU und SPD die Rahmenbedingungen f\u00fcr Wachstum st\u00e4rken soll. Im Interview erl\u00e4utert Bundesfinanzminister Lars Klingbeil u.\u00a0a. wie das BMF zum Investitionsministerium wird und welche Priorit\u00e4ten er in den Bundeshaushalten f\u00fcr die Jahre 2025 und 2026 [&hellip;]<\/p>\n","protected":false},"author":7,"featured_media":4845,"comment_status":"closed","ping_status":"open","sticky":false,"template":"","format":"standard","meta":{"footnotes":""},"categories":[44,3,16],"tags":[4561],"class_list":["post-17570","post","type-post","status-publish","format-standard","has-post-thumbnail","hentry","category-deutschland-2","category-news","category-wirtschaft","tag-mai-2025"],"_links":{"self":[{"href":"https:\/\/www.frankensicht.de\/index.php?rest_route=\/wp\/v2\/posts\/17570","targetHints":{"allow":["GET"]}}],"collection":[{"href":"https:\/\/www.frankensicht.de\/index.php?rest_route=\/wp\/v2\/posts"}],"about":[{"href":"https:\/\/www.frankensicht.de\/index.php?rest_route=\/wp\/v2\/types\/post"}],"author":[{"embeddable":true,"href":"https:\/\/www.frankensicht.de\/index.php?rest_route=\/wp\/v2\/users\/7"}],"replies":[{"embeddable":true,"href":"https:\/\/www.frankensicht.de\/index.php?rest_route=%2Fwp%2Fv2%2Fcomments&post=17570"}],"version-history":[{"count":1,"href":"https:\/\/www.frankensicht.de\/index.php?rest_route=\/wp\/v2\/posts\/17570\/revisions"}],"predecessor-version":[{"id":17571,"href":"https:\/\/www.frankensicht.de\/index.php?rest_route=\/wp\/v2\/posts\/17570\/revisions\/17571"}],"wp:featuredmedia":[{"embeddable":true,"href":"https:\/\/www.frankensicht.de\/index.php?rest_route=\/wp\/v2\/media\/4845"}],"wp:attachment":[{"href":"https:\/\/www.frankensicht.de\/index.php?rest_route=%2Fwp%2Fv2%2Fmedia&parent=17570"}],"wp:term":[{"taxonomy":"category","embeddable":true,"href":"https:\/\/www.frankensicht.de\/index.php?rest_route=%2Fwp%2Fv2%2Fcategories&post=17570"},{"taxonomy":"post_tag","embeddable":true,"href":"https:\/\/www.frankensicht.de\/index.php?rest_route=%2Fwp%2Fv2%2Ftags&post=17570"}],"curies":[{"name":"wp","href":"https:\/\/api.w.org\/{rel}","templated":true}]}}