{"id":17563,"date":"2025-05-20T08:44:30","date_gmt":"2025-05-20T06:44:30","guid":{"rendered":"https:\/\/www.frankensicht.de\/?p=17563"},"modified":"2025-05-20T08:44:30","modified_gmt":"2025-05-20T06:44:30","slug":"neuer-foerderaufruf-im-foerderprogramm-oeffentlich-zugaengliche-ladeinfrastruktur-fuer-elektrofahrzeuge-in-bayern-2-0-startet-im-fruehsommer","status":"publish","type":"post","link":"https:\/\/www.frankensicht.de\/?p=17563","title":{"rendered":"Neuer F\u00f6rderaufruf im F\u00f6rderprogramm &#8222;\u00d6ffentlich zug\u00e4ngliche Ladeinfrastruktur f\u00fcr Elektrofahrzeuge in Bayern 2.0&#8220; startet im Fr\u00fchsommer"},"content":{"rendered":"<p><span style=\"color: #ff0000;\">M\u00fcnchen:<\/span><\/p>\n<p>Neuer F\u00f6rderaufruf im F\u00f6rderprogramm &#8222;\u00d6ffentlich zug\u00e4ngliche Ladeinfrastruktur f\u00fcr Elektrofahrzeuge in Bayern 2.0&#8220; startet im Fr\u00fchsommer Aiwanger: &#8222;Erfolgreiche F\u00f6rderung von \u00f6ffentlich zug\u00e4nglicher Ladeinfrastruktur f\u00fcr E-Fahrzeuge geht in die f\u00fcnfte Runde&#8220;<\/p>\n<p><a href=\"https:\/\/www.frankensicht.de\/?attachment_id=12051\" rel=\"attachment wp-att-12051\"><img loading=\"lazy\" decoding=\"async\" class=\"alignnone size-medium wp-image-12051\" src=\"https:\/\/www.frankensicht.de\/wp-content\/uploads\/2018\/11\/etankstelle-300x225.jpg\" alt=\"\" width=\"300\" height=\"225\" srcset=\"https:\/\/www.frankensicht.de\/wp-content\/uploads\/2018\/11\/etankstelle-300x225.jpg 300w, https:\/\/www.frankensicht.de\/wp-content\/uploads\/2018\/11\/etankstelle.jpg 640w\" sizes=\"auto, (max-width: 300px) 100vw, 300px\" \/><\/a><\/p>\n<p>Das Bayerische Wirtschaftsministerium investiert mit dem f\u00fcnften Aufruf im F\u00f6rderprogramm \u201e\u00d6ffentlich zug\u00e4ngliche Ladeinfrastruktur f\u00fcr Elektrofahrzeuge in Bayern 2.0\u201c wieder kr\u00e4ftig in den Ausbau der Ladeinfrastruktur. Bayerns Wirtschaftsminister Hubert Aiwanger: \u201eDie bisherigen Aufrufe waren alle ein gro\u00dfer Erfolg. Daher stellen wir in diesem Jahr f\u00fcr die f\u00fcnfte Runde weitere zwei Millionen Euro bereit.\u201c \u00a0 Bayern liegt nach absoluten Zahlen bei der Ladeinfrastruktur im Bundesl\u00e4ndervergleich auf Platz 1. Rund jeder f\u00fcnfte \u00f6ffentliche Ladepunkt in Deutschland steht in Bayern. Aktuell gibt es im Freistaat \u00fcber 31.463 \u00f6ffentlich zug\u00e4ngliche Ladepunkte, darunter 24.343 AC-Normalladepunkte (77 Prozent) und rund 7.120 DC-Schnellladepunkte (23 Prozent). Die Anzahl der durchgef\u00fchrten Ladevorg\u00e4nge an \u00f6ffentlichen Ladepunkten in Bayern verzeichnete auch im letzten Quartal wieder einen neuen Rekordwert. \u00a0 Der neue F\u00f6rderaufruf soll vom 02. Juni 2025 bis 04. Juli 2025 ge\u00f6ffnet sein. In diesem Zeitraum k\u00f6nnen Antr\u00e4ge f\u00fcr die Beschaffung und Errichtung \u00f6ffentlich zug\u00e4nglicher Ladeinfrastruktur, einschlie\u00dflich des daf\u00fcr erforderlichen Netzanschlusses, eingereicht werden. Aiwanger betont: \u201eWir ruhen uns beim Ausbau der Ladeinfrastruktur nicht auf unseren Lorbeeren aus. Wir unterst\u00fctzen den Ausbau in Bayern weiterhin kr\u00e4ftig und fordern den Bund auf, seine F\u00f6rderma\u00dfnahmen wieder aktiv anzukurbeln.\u201c \u00a0 Antragsteller k\u00f6nnen erneut nat\u00fcrliche und juristische Personen sein. \u00c4hnlich wie beim letzten Mal sollen auch in diesem Aufruf insbesondere kleineren Kommunen Anreize f\u00fcr eine Antragstellung gegeben werden. Es sind mindestens 1 Schnell-Ladepunkt bzw. mindestens 4 Normal-Ladepunkte pro Standort aufzubauen. \u00a0 Das bayerische F\u00f6rderprogramm \u201e\u00d6ffentlich zug\u00e4ngliche Ladeinfrastruktur f\u00fcr Elektrofahrzeuge in Bayern 2.0\u201c wird von der Kompetenzstelle Elektromobilit\u00e4t bei der Bayern Innovativ GmbH betreut. Detaillierte Informationen \u00fcber das Programm sind abrufbar unter https:\/\/www.bayern-innovativ.de\/de\/seite\/foerderprogramm-ladeinfrastruktur-elektrofahrzeuge-2-0\/. N\u00e4here Informationen, wo sich Lades\u00e4ulen befinden, gibt der Ladeatlas Bayern (www.ladeatlas.bayern).<\/p>\n<p>Quelle:stmwi.bayern.de<\/p>\n","protected":false},"excerpt":{"rendered":"<p>M\u00fcnchen: Neuer F\u00f6rderaufruf im F\u00f6rderprogramm &#8222;\u00d6ffentlich zug\u00e4ngliche Ladeinfrastruktur f\u00fcr Elektrofahrzeuge in Bayern 2.0&#8220; startet im Fr\u00fchsommer Aiwanger: &#8222;Erfolgreiche F\u00f6rderung von \u00f6ffentlich zug\u00e4nglicher Ladeinfrastruktur f\u00fcr E-Fahrzeuge geht in die f\u00fcnfte Runde&#8220; Das Bayerische Wirtschaftsministerium investiert mit dem f\u00fcnften Aufruf im F\u00f6rderprogramm \u201e\u00d6ffentlich zug\u00e4ngliche Ladeinfrastruktur f\u00fcr Elektrofahrzeuge in Bayern 2.0\u201c wieder kr\u00e4ftig in den Ausbau der Ladeinfrastruktur. [&hellip;]<\/p>\n","protected":false},"author":7,"featured_media":12051,"comment_status":"closed","ping_status":"open","sticky":false,"template":"","format":"standard","meta":{"footnotes":""},"categories":[20,78,71],"tags":[],"class_list":["post-17563","post","type-post","status-publish","format-standard","has-post-thumbnail","hentry","category-auto","category-bayern","category-menue"],"_links":{"self":[{"href":"https:\/\/www.frankensicht.de\/index.php?rest_route=\/wp\/v2\/posts\/17563","targetHints":{"allow":["GET"]}}],"collection":[{"href":"https:\/\/www.frankensicht.de\/index.php?rest_route=\/wp\/v2\/posts"}],"about":[{"href":"https:\/\/www.frankensicht.de\/index.php?rest_route=\/wp\/v2\/types\/post"}],"author":[{"embeddable":true,"href":"https:\/\/www.frankensicht.de\/index.php?rest_route=\/wp\/v2\/users\/7"}],"replies":[{"embeddable":true,"href":"https:\/\/www.frankensicht.de\/index.php?rest_route=%2Fwp%2Fv2%2Fcomments&post=17563"}],"version-history":[{"count":1,"href":"https:\/\/www.frankensicht.de\/index.php?rest_route=\/wp\/v2\/posts\/17563\/revisions"}],"predecessor-version":[{"id":17564,"href":"https:\/\/www.frankensicht.de\/index.php?rest_route=\/wp\/v2\/posts\/17563\/revisions\/17564"}],"wp:featuredmedia":[{"embeddable":true,"href":"https:\/\/www.frankensicht.de\/index.php?rest_route=\/wp\/v2\/media\/12051"}],"wp:attachment":[{"href":"https:\/\/www.frankensicht.de\/index.php?rest_route=%2Fwp%2Fv2%2Fmedia&parent=17563"}],"wp:term":[{"taxonomy":"category","embeddable":true,"href":"https:\/\/www.frankensicht.de\/index.php?rest_route=%2Fwp%2Fv2%2Fcategories&post=17563"},{"taxonomy":"post_tag","embeddable":true,"href":"https:\/\/www.frankensicht.de\/index.php?rest_route=%2Fwp%2Fv2%2Ftags&post=17563"}],"curies":[{"name":"wp","href":"https:\/\/api.w.org\/{rel}","templated":true}]}}