{"id":17540,"date":"2025-05-11T08:35:18","date_gmt":"2025-05-11T06:35:18","guid":{"rendered":"https:\/\/www.frankensicht.de\/?p=17540"},"modified":"2025-05-11T08:35:18","modified_gmt":"2025-05-11T06:35:18","slug":"entwicklung-der-auftragseingaenge-im-verarbeitenden-gewerbe-berichtsmonat-maerz-2025","status":"publish","type":"post","link":"https:\/\/www.frankensicht.de\/?p=17540","title":{"rendered":"Entwicklung der Auftragseing\u00e4nge im Verarbeitenden Gewerbe Berichtsmonat M\u00e4rz 2025"},"content":{"rendered":"<p><span style=\"color: #ff0000;\">Berlin:<\/span><\/p>\n<p>Entwicklung der Auftragseing\u00e4nge im Verarbeitenden Gewerbe Berichtsmonat M\u00e4rz 2025<\/p>\n<p><a href=\"https:\/\/www.frankensicht.de\/?attachment_id=1457\" rel=\"attachment wp-att-1457\"><img loading=\"lazy\" decoding=\"async\" class=\"alignnone size-full wp-image-1457\" src=\"https:\/\/www.frankensicht.de\/wp-content\/uploads\/2012\/05\/StatPressCN-\u2039-frankensicht.de-\u2014-WordPress_1336737358340.jpeg\" alt=\"\" width=\"235\" height=\"119\" \/><\/a><\/p>\n<p>Die Auftragseing\u00e4nge im Verarbeitenden Gewerbe konnten nach der Stagnation im Februar zuletzt<br \/>\ndeutlich zulegen. Nach Angaben des Statistischen Bundesamts1 sind die Bestellungen im M\u00e4rz<br \/>\ngegen\u00fcber dem Vormonat preis-, kalender- und saisonbereinigt um 3,6 % gestiegen. Die Nachfrage aus<br \/>\ndem Ausland wuchs mit +4,7 % st\u00e4rker an als die inl\u00e4ndischen Auftr\u00e4ge, die um 2,0 % expandierten.<br \/>\nBesonders stark fiel das Plus bei den Ordern aus dem Euroraum mit +8,0 % aus. Aber auch die<br \/>\nAuftragseing\u00e4nge aus dem Nicht-Euroraum nahmen um deutliche 2,8 % zu. Bereinigt um Gro\u00dfauftr\u00e4ge<br \/>\nerh\u00f6hten sich die Ordereing\u00e4nge insgesamt um 3,2 % gegen\u00fcber dem Vormonat.<br \/>\nIn den meisten Wirtschaftszweigen des Verarbeitenden Gewerbes war im M\u00e4rz eine positive Entwicklung<br \/>\nzu verzeichnen, insbesondere in gewichtigen Bereichen wie Kfz\/Kfz-Teile (+2,5 %), Maschinenbau<br \/>\n(+5,3 %) und elektrische Ausr\u00fcstungen (+14,5 %). R\u00fcckl\u00e4ufig war der Verlauf nur bei Metallerzeugung<br \/>\nund -erzeugnissen (-2,4 % bzw. -0,4 %), EDV und Optik (-1,2 %), Textilien (-3,0 %) sowie Papier und<br \/>\nPappe (-1,3 %).<br \/>\nIm ersten Quartal insgesamt verringerten sich die Auftragseing\u00e4nge im Verarbeitenden Gewerbe<br \/>\ngegen\u00fcber dem Vorquartal um 2,3 %. Dabei gingen die Ordereing\u00e4nge aus dem Inland um 3,3 % und aus<br \/>\ndem Nicht-Euroraum um 3,1 % zur\u00fcck. Bei den Bestellungen aus dem Euroraum war dagegen eine leichte<br \/>\nZunahme um 0,3 % zu verbuchen.<br \/>\nDas Orderplus im M\u00e4rz d\u00fcrfte zum Teil auf Vorzieheffekte als Reaktion auf die angek\u00fcndigten<br \/>\nUS-Zollerh\u00f6hungen zur\u00fcckzuf\u00fchren sein. Allerdings deutet die ebenfalls deutlich gestiegene<br \/>\nNachfrage der europ\u00e4ischen Nachbarn nach deutschen Investitionsg\u00fctern mit +12,8 % auf eine Belebung<br \/>\nder Investitionst\u00e4tigkeit hin. Trotz der hohen handelspolitischen Unsicherheit und der zuletzt<br \/>\nged\u00e4mpften Gesch\u00e4ftserwartungen hat sich die Gesch\u00e4ftslage in der Industrie im ersten Quartal als<br \/>\ninsgesamt recht robust erwiesen. Vor dem Hintergrund der angek\u00fcndigten und zum Teil tempor\u00e4r<br \/>\nausgesetzten US-Zollerh\u00f6hungen und der damit zusammenh\u00e4ngenden pessimistischeren<br \/>\nGesch\u00e4ftsaussichten ist allerdings eine erneute Abschw\u00e4chung der Industriekonjunktur im weiteren<br \/>\nJahresverlauf nicht auszuschlie\u00dfen.<br \/>\n_____________<br \/>\n[1] Pressemitteilung des Statistischen Bundesamtes vom 7. Mai 2025.<\/p>\n<p>https:\/\/www.bmwk.de\/Redaktion\/DE\/Pressemitteilungen\/Verarbeitendes-Gewerbe\/2025\/20250507-entwicklung-der-auftragseingaenge-im-verarbeitenden-gewerbe-berichtsmonat-maerz-2025.html<\/p>\n<p>Quelle:abo-bmwk.de<\/p>\n","protected":false},"excerpt":{"rendered":"<p>Berlin: Entwicklung der Auftragseing\u00e4nge im Verarbeitenden Gewerbe Berichtsmonat M\u00e4rz 2025 Die Auftragseing\u00e4nge im Verarbeitenden Gewerbe konnten nach der Stagnation im Februar zuletzt deutlich zulegen. Nach Angaben des Statistischen Bundesamts1 sind die Bestellungen im M\u00e4rz gegen\u00fcber dem Vormonat preis-, kalender- und saisonbereinigt um 3,6 % gestiegen. Die Nachfrage aus dem Ausland wuchs mit +4,7 % st\u00e4rker [&hellip;]<\/p>\n","protected":false},"author":7,"featured_media":1457,"comment_status":"closed","ping_status":"open","sticky":false,"template":"","format":"standard","meta":{"footnotes":""},"categories":[44,3,16],"tags":[4553],"class_list":["post-17540","post","type-post","status-publish","format-standard","has-post-thumbnail","hentry","category-deutschland-2","category-news","category-wirtschaft","tag-maerz-2025"],"_links":{"self":[{"href":"https:\/\/www.frankensicht.de\/index.php?rest_route=\/wp\/v2\/posts\/17540","targetHints":{"allow":["GET"]}}],"collection":[{"href":"https:\/\/www.frankensicht.de\/index.php?rest_route=\/wp\/v2\/posts"}],"about":[{"href":"https:\/\/www.frankensicht.de\/index.php?rest_route=\/wp\/v2\/types\/post"}],"author":[{"embeddable":true,"href":"https:\/\/www.frankensicht.de\/index.php?rest_route=\/wp\/v2\/users\/7"}],"replies":[{"embeddable":true,"href":"https:\/\/www.frankensicht.de\/index.php?rest_route=%2Fwp%2Fv2%2Fcomments&post=17540"}],"version-history":[{"count":1,"href":"https:\/\/www.frankensicht.de\/index.php?rest_route=\/wp\/v2\/posts\/17540\/revisions"}],"predecessor-version":[{"id":17541,"href":"https:\/\/www.frankensicht.de\/index.php?rest_route=\/wp\/v2\/posts\/17540\/revisions\/17541"}],"wp:featuredmedia":[{"embeddable":true,"href":"https:\/\/www.frankensicht.de\/index.php?rest_route=\/wp\/v2\/media\/1457"}],"wp:attachment":[{"href":"https:\/\/www.frankensicht.de\/index.php?rest_route=%2Fwp%2Fv2%2Fmedia&parent=17540"}],"wp:term":[{"taxonomy":"category","embeddable":true,"href":"https:\/\/www.frankensicht.de\/index.php?rest_route=%2Fwp%2Fv2%2Fcategories&post=17540"},{"taxonomy":"post_tag","embeddable":true,"href":"https:\/\/www.frankensicht.de\/index.php?rest_route=%2Fwp%2Fv2%2Ftags&post=17540"}],"curies":[{"name":"wp","href":"https:\/\/api.w.org\/{rel}","templated":true}]}}