{"id":17447,"date":"2025-03-26T08:14:36","date_gmt":"2025-03-26T07:14:36","guid":{"rendered":"https:\/\/www.frankensicht.de\/?p=17447"},"modified":"2025-03-26T08:14:36","modified_gmt":"2025-03-26T07:14:36","slug":"konjunktur-grafiken-und-tabellen-2","status":"publish","type":"post","link":"https:\/\/www.frankensicht.de\/?p=17447","title":{"rendered":"Konjunktur \u2013 Grafiken und Tabellen"},"content":{"rendered":"<p><span style=\"color: #ff0000;\">Berlin:<\/span><\/p>\n<p>Konjunktur \u2013 Grafiken und Tabellen<\/p>\n<p>Im Fokus der April-Ausgabe der Schlaglichter der Wirtschaftspolitik geht es um den Wettbewerb auf<br \/>\nKI-M\u00e4rkten. KI gilt als Gamechanger in der digitalen Wirtschaft, aber auch dar\u00fcber hinaus ver\u00e4ndert<br \/>\nsie nahezu alle Wirtschaftssektoren. Wir werfen einen Blick auf die Wettbewerbssituation in diesem<br \/>\nschnell wachsenden Markt und er\u00f6rtern, welche Chancen und Herausforderungen sich daraus f\u00fcr Europa<br \/>\nergeben.<\/p>\n<p><a href=\"https:\/\/www.frankensicht.de\/?attachment_id=1513\" rel=\"attachment wp-att-1513\"><img loading=\"lazy\" decoding=\"async\" class=\"alignnone size-medium wp-image-1513\" src=\"https:\/\/www.frankensicht.de\/wp-content\/uploads\/2012\/05\/statistik-300x223.jpg\" alt=\"\" width=\"300\" height=\"223\" srcset=\"https:\/\/www.frankensicht.de\/wp-content\/uploads\/2012\/05\/statistik-300x223.jpg 300w, https:\/\/www.frankensicht.de\/wp-content\/uploads\/2012\/05\/statistik.jpeg 370w\" sizes=\"auto, (max-width: 300px) 100vw, 300px\" \/><\/a><\/p>\n<p>Das Bundesministerium f\u00fcr Wirtschaft und Klimaschutz hat das Zusammenwirken von Klimaschutz,<br \/>\nExtremwetterereignissen, die Anpassung an Extremwetter sowie deren gesamtwirtschaftliche<br \/>\nAuswirkungen f\u00fcr Deutschland wissenschaftlich untersuchen lassen. Wir berichten von den Ergebnissen<br \/>\ndieser modellbasierten Szenarienanalyse.<br \/>\nMit dem \u201eGerman Economic Team\u201c finanziert das BMWK eine wirtschaftspolitische Regierungsberatung im<br \/>\nRaum Osteuropa, Westbalkan, S\u00fcdkaukasus und Zentralasien. In diesem Rahmen unterst\u00fctzt das BMWK<br \/>\nbspw. den ersten Nationalen Energie- und Klimaplan des Kosovos. Sie finden dazu Informationen in<br \/>\ndieser Ausgabe.<br \/>\nDie Bundesregierung unterst\u00fctzte w\u00e4hrend der Corona-Pandemie betroffene Unternehmen und<br \/>\nSelbstst\u00e4ndige mit umfassenden Wirtschaftshilfen. Die schnelle Auszahlung macht eine nachtr\u00e4gliche<br \/>\nPr\u00fcfung notwendig. Die Schlussabrechnung geht nun voran und setzt die endg\u00fcltige F\u00f6rderh\u00f6he fest.<br \/>\nWir berichten.<br \/>\nKurze und knappe Informationen finden Sie zur Entlastung von Meldepflichten im Bereich der<br \/>\nAu\u00dfenhandelsstatistik. Auf einen Blick zeigen wir die Entwicklung der<br \/>\nsozialversicherungspflichtigen Besch\u00e4ftigung in Deutschland nach Staatsangeh\u00f6rigkeit.<br \/>\nWie immer enth\u00e4lt die Ausgabe auch eine ausf\u00fchrliche Berichterstattung zur Konjunkturlage.<br \/>\nWir w\u00fcnschen Ihnen eine anregende Lekt\u00fcre.<\/p>\n<p>https:\/\/www.bmwk.de\/Redaktion\/DE\/Publikationen\/Schlaglichter-der-Wirtschaftspolitik\/2025\/schlaglichter-der-wirtschaftspolitik-2025-04.html<\/p>\n<p>Quelle: bmwk.de<\/p>\n<p>&nbsp;<\/p>\n","protected":false},"excerpt":{"rendered":"<p>Berlin: Konjunktur \u2013 Grafiken und Tabellen Im Fokus der April-Ausgabe der Schlaglichter der Wirtschaftspolitik geht es um den Wettbewerb auf KI-M\u00e4rkten. KI gilt als Gamechanger in der digitalen Wirtschaft, aber auch dar\u00fcber hinaus ver\u00e4ndert sie nahezu alle Wirtschaftssektoren. Wir werfen einen Blick auf die Wettbewerbssituation in diesem schnell wachsenden Markt und er\u00f6rtern, welche Chancen und [&hellip;]<\/p>\n","protected":false},"author":7,"featured_media":1513,"comment_status":"closed","ping_status":"open","sticky":false,"template":"","format":"standard","meta":{"footnotes":""},"categories":[1],"tags":[],"class_list":["post-17447","post","type-post","status-publish","format-standard","has-post-thumbnail","hentry","category-allgemein"],"_links":{"self":[{"href":"https:\/\/www.frankensicht.de\/index.php?rest_route=\/wp\/v2\/posts\/17447","targetHints":{"allow":["GET"]}}],"collection":[{"href":"https:\/\/www.frankensicht.de\/index.php?rest_route=\/wp\/v2\/posts"}],"about":[{"href":"https:\/\/www.frankensicht.de\/index.php?rest_route=\/wp\/v2\/types\/post"}],"author":[{"embeddable":true,"href":"https:\/\/www.frankensicht.de\/index.php?rest_route=\/wp\/v2\/users\/7"}],"replies":[{"embeddable":true,"href":"https:\/\/www.frankensicht.de\/index.php?rest_route=%2Fwp%2Fv2%2Fcomments&post=17447"}],"version-history":[{"count":1,"href":"https:\/\/www.frankensicht.de\/index.php?rest_route=\/wp\/v2\/posts\/17447\/revisions"}],"predecessor-version":[{"id":17448,"href":"https:\/\/www.frankensicht.de\/index.php?rest_route=\/wp\/v2\/posts\/17447\/revisions\/17448"}],"wp:featuredmedia":[{"embeddable":true,"href":"https:\/\/www.frankensicht.de\/index.php?rest_route=\/wp\/v2\/media\/1513"}],"wp:attachment":[{"href":"https:\/\/www.frankensicht.de\/index.php?rest_route=%2Fwp%2Fv2%2Fmedia&parent=17447"}],"wp:term":[{"taxonomy":"category","embeddable":true,"href":"https:\/\/www.frankensicht.de\/index.php?rest_route=%2Fwp%2Fv2%2Fcategories&post=17447"},{"taxonomy":"post_tag","embeddable":true,"href":"https:\/\/www.frankensicht.de\/index.php?rest_route=%2Fwp%2Fv2%2Ftags&post=17447"}],"curies":[{"name":"wp","href":"https:\/\/api.w.org\/{rel}","templated":true}]}}