{"id":17435,"date":"2025-03-21T08:40:31","date_gmt":"2025-03-21T07:40:31","guid":{"rendered":"https:\/\/www.frankensicht.de\/?p=17435"},"modified":"2025-03-21T08:40:31","modified_gmt":"2025-03-21T07:40:31","slug":"zwei-wissenschaftler-und-eine-wissenschaftlerin-aus-bayern-sind-heute-in-berlin-mit-dem-gottfried-wilhelm-leibniz-preis-ausgezeichnet-worden","status":"publish","type":"post","link":"https:\/\/www.frankensicht.de\/?p=17435","title":{"rendered":"Zwei Wissenschaftler und eine Wissenschaftlerin aus Bayern sind heute in Berlin mit dem Gottfried Wilhelm Leibniz-Preis ausgezeichnet worden"},"content":{"rendered":"<p><span style=\"color: #ff0000;\">M\u00fcnchen &#8211; Berlin :<\/span><\/p>\n<p>Zwei Wissenschaftler und eine Wissenschaftlerin aus Bayern sind heute in Berlin mit dem Zwei Wissenschaftler und eine Wissenschaftlerin aus Bayern sind heute in Berlin mit dem Gottfried Wilhelm Leibniz-Preis ausgezeichnet worden ausgezeichnet worden:<\/p>\n<p>Prof. Dr. Hannes Leitgeb, Philosoph und Lehrstuhlinhaber an der Ludwig-Maximilians-Universit\u00e4t M\u00fcnchen (LMU), Prof. Dr. Daniel R\u00fcckert, Lehrstuhlinhaber f\u00fcr K\u00fcnstliche Intelligenz in der Medizin an der Technischen Universit\u00e4t M\u00fcnchen (TUM), und Prof. Dr. Maria-Elena Torres-Padilla, Direktorin am Helmholtz-Zentrum M\u00fcnchen sowie Professorin f\u00fcr Stammzellbiologie an der LMU, haben die mit jeweils 2,5 Millionen Euro dotierten Auszeichnung der Deutschen Forschungsgemeinschaft (DFG) f\u00fcr das Jahr 2025 erhalten. Damit gehen drei von insgesamt zehn Auszeichnungen im Jubil\u00e4umsjahr des erstmals 1985 ausgelobten Gottfried Wilhelm Leibniz-Preises nach Bayern.<\/p>\n<p><a href=\"https:\/\/www.frankensicht.de\/?attachment_id=17237\" rel=\"attachment wp-att-17237\"><img loading=\"lazy\" decoding=\"async\" class=\"alignnone size-medium wp-image-17237\" src=\"https:\/\/www.frankensicht.de\/wp-content\/uploads\/2024\/12\/P1040906-300x225.jpg\" alt=\"\" width=\"300\" height=\"225\" srcset=\"https:\/\/www.frankensicht.de\/wp-content\/uploads\/2024\/12\/P1040906-300x225.jpg 300w, https:\/\/www.frankensicht.de\/wp-content\/uploads\/2024\/12\/P1040906.jpg 600w\" sizes=\"auto, (max-width: 300px) 100vw, 300px\" \/><\/a><\/p>\n<p>Bayerns Wissenschaftsminister und Vorsitzender der GWK Markus Blume gratulierte bei der Preisverleihung in Berlin: \u201eHerzlichen Gl\u00fcckwunsch an alle diesj\u00e4hrigen Preistr\u00e4gerinnen und Preistr\u00e4ger! Wir ehren heute exzellente Forschungsleistungen und herausragende Pers\u00f6nlichkeiten der deutschen Wissenschaft mit dem wichtigsten deutschen Wissenschaftspreis \u2013 quasi unser Nobelpreis, die starke Marke f\u00fcr Exzellenz in unserem Land. Besonders freut mich, dass gleich drei Auszeichnungen nach Bayern gehen. Der Freistaat ist und bleibt DIE Leibniz-Preis-Schmiede in Deutschland. Wir sind Wissenschaftsstandort von Weltrang. Und die diesj\u00e4hrigen Leibniz-Preise machen deutlich: Wir sind spitze in der Breite \u2013 von der Philosophie bis zu K\u00fcnstlicher Intelligenz. Dieses Potential wollen und werden wir weiter nutzen: Unsere Leibniz-Preistr\u00e4ger sind nicht nur Giganten der Wissenschaft, sie sind Botschafter f\u00fcr Innovation und Optimismus.\u201c<\/p>\n<p>Bayern bundesweit erfolgreichstes Land<\/p>\n<p>Bayern liegt bei der Anzahl der ausgezeichneten Forscherinnen und Forscher im bundesweiten Vergleich aktuell deutlich vorne. Allein seit 2016 sind 24 Leibniz-Preise an Forscherinnen und Forscher gegangen, die an bayerischen Forschungseinrichtungen t\u00e4tig sind.<\/p>\n<p>Preis mit 2,5 Millionen Euro dotiert<\/p>\n<p>Den Gottfried Wilhelm Leibniz-Preis verleiht die DFG j\u00e4hrlich seit 1985. Pro Jahr k\u00f6nnen bis zu zehn Preise vergeben werden. F\u00fcr die Auszeichnung im Jahr 2025 wurden der DFG insgesamt 142 Forscherinnen und Forscher vorgeschlagen. Ziel des Programms ist es, die Arbeitsbedingungen herausragender Forscherinnen und Forscher zu verbessern und ihre Forschungsm\u00f6glichkeiten zu erweitern. Daf\u00fcr erhalten sie f\u00fcr einen Zeitraum von sieben Jahren finanzielle Mittel in H\u00f6he von bis zu 2,5 Millionen Euro. Ausgezeichnet werden laut DFG Forscherinnen und Forscher, von denen in Zukunft erwartet werden kann, dass sie durch weitere wissenschaftliche Spitzenleistungen die Forschungslandschaft in Deutschland nachhaltig pr\u00e4gen werden.<\/p>\n<p>N\u00e4heres zur Tr\u00e4gerin und den Tr\u00e4gern der Gottfried Wilhelm Leibniz-Preises 2025 aus Bayern:<\/p>\n<p>Prof. Dr. Hannes Leitgeb, Philosophie, Ludwig-Maximilians-Universit\u00e4t M\u00fcnchen (LMU)<\/p>\n<p>Hannes Leitgeb ist seit Herbst 2010 Inhaber des Lehrstuhls f\u00fcr Logik und Philosophie der Sprache sowie Vorsitzender und Co-Direktor des Munich Center for Mathematical Philosophy an der LMU M\u00fcnchen.<\/p>\n<p>Prof. Dr. Daniel R\u00fcckert, K\u00fcnstliche Intelligenz in der Medizin, Technische Universit\u00e4t M\u00fcnchen (TUM)<\/p>\n<p>Daniel R\u00fcckert ist seit 2020 Alexander von Humboldt-Professor f\u00fcr KI in der Medizin an der TUM. Zus\u00e4tzlich ist er Inhaber des Lehrstuhls f\u00fcr Visual Information Processing am Imperial College London.<\/p>\n<p>Prof. Dr. Maria-Elena Torres-Padilla, Epigenetik, Direktorin am Helmholtz-Zentrum M\u00fcnchen und Professorin f\u00fcr Stammzellbiologie, LMU<\/p>\n<p>Maria-Elena Torres-Padilla ist seit 2016 Direktorin des Institutes f\u00fcr Epigenetik und Stammzellen am Helmholtz Zentrum M\u00fcnchen und Inhaberin des Lehrstuhls f\u00fcr Stammzellbiologie an der LMU.<\/p>\n<p>Weitere Informationen und Fotos von der Preisverleihung in Berlin finden Sie nach der Veranstaltung im Internet auf den Seiten der DFG:<\/p>\n<p>https:\/\/www.dfg.de\/de\/gefoerderte-projekte\/preistraeger-innen\/leibniz-preis<\/p>\n<p>Quelle:stmwk.bayern.de<\/p>\n","protected":false},"excerpt":{"rendered":"<p>M\u00fcnchen &#8211; Berlin : Zwei Wissenschaftler und eine Wissenschaftlerin aus Bayern sind heute in Berlin mit dem Zwei Wissenschaftler und eine Wissenschaftlerin aus Bayern sind heute in Berlin mit dem Gottfried Wilhelm Leibniz-Preis ausgezeichnet worden ausgezeichnet worden: Prof. Dr. Hannes Leitgeb, Philosoph und Lehrstuhlinhaber an der Ludwig-Maximilians-Universit\u00e4t M\u00fcnchen (LMU), Prof. Dr. Daniel R\u00fcckert, Lehrstuhlinhaber f\u00fcr [&hellip;]<\/p>\n","protected":false},"author":7,"featured_media":17237,"comment_status":"closed","ping_status":"open","sticky":false,"template":"","format":"standard","meta":{"footnotes":""},"categories":[78,71],"tags":[4518],"class_list":["post-17435","post","type-post","status-publish","format-standard","has-post-thumbnail","hentry","category-bayern","category-menue","tag-gottfried-wilhelm-leibniz-preis"],"_links":{"self":[{"href":"https:\/\/www.frankensicht.de\/index.php?rest_route=\/wp\/v2\/posts\/17435","targetHints":{"allow":["GET"]}}],"collection":[{"href":"https:\/\/www.frankensicht.de\/index.php?rest_route=\/wp\/v2\/posts"}],"about":[{"href":"https:\/\/www.frankensicht.de\/index.php?rest_route=\/wp\/v2\/types\/post"}],"author":[{"embeddable":true,"href":"https:\/\/www.frankensicht.de\/index.php?rest_route=\/wp\/v2\/users\/7"}],"replies":[{"embeddable":true,"href":"https:\/\/www.frankensicht.de\/index.php?rest_route=%2Fwp%2Fv2%2Fcomments&post=17435"}],"version-history":[{"count":1,"href":"https:\/\/www.frankensicht.de\/index.php?rest_route=\/wp\/v2\/posts\/17435\/revisions"}],"predecessor-version":[{"id":17436,"href":"https:\/\/www.frankensicht.de\/index.php?rest_route=\/wp\/v2\/posts\/17435\/revisions\/17436"}],"wp:featuredmedia":[{"embeddable":true,"href":"https:\/\/www.frankensicht.de\/index.php?rest_route=\/wp\/v2\/media\/17237"}],"wp:attachment":[{"href":"https:\/\/www.frankensicht.de\/index.php?rest_route=%2Fwp%2Fv2%2Fmedia&parent=17435"}],"wp:term":[{"taxonomy":"category","embeddable":true,"href":"https:\/\/www.frankensicht.de\/index.php?rest_route=%2Fwp%2Fv2%2Fcategories&post=17435"},{"taxonomy":"post_tag","embeddable":true,"href":"https:\/\/www.frankensicht.de\/index.php?rest_route=%2Fwp%2Fv2%2Ftags&post=17435"}],"curies":[{"name":"wp","href":"https:\/\/api.w.org\/{rel}","templated":true}]}}