{"id":17361,"date":"2025-02-21T08:40:24","date_gmt":"2025-02-21T07:40:24","guid":{"rendered":"https:\/\/www.frankensicht.de\/?p=17361"},"modified":"2025-02-21T08:40:24","modified_gmt":"2025-02-21T07:40:24","slug":"staatsministerin-katja-keul-vor-ihrer-reise-nach-suedafrika-zum-treffen-der-g20-aussenministerinnen-und-aussenminister","status":"publish","type":"post","link":"https:\/\/www.frankensicht.de\/?p=17361","title":{"rendered":"Staatsministerin Katja Keul vor ihrer Reise nach S\u00fcdafrika zum Treffen der G20-Au\u00dfenministerinnen und -Au\u00dfenminister"},"content":{"rendered":"<p><span style=\"color: #ff0000;\">Berlin:<\/span><\/p>\n<p>Vor ihrer Reise nach S\u00fcdafrika zum Treffen der G20-Au\u00dfenministerinnen und -Au\u00dfenminister erkl\u00e4rte Staatsministerin Katja Keul heute:<br \/>\n&#8222;Mit S\u00fcdafrika \u00fcbernimmt erstmals ein afrikanisches Land die G20-Pr\u00e4sidentschaft. Ins Zentrum seines Vorsitzes stellt S\u00fcdafrika die Agenda 2030 und deren Ziele f\u00fcr nachhaltige Entwicklung. Deutschland unterst\u00fctzt den s\u00fcdafrikanischen Vorsitz und seine ambitionierte Agenda \u2013 gerade in Zeiten, in denen Kriege und Konflikte in der Welt gro\u00dfes Leid und Zerst\u00f6rung anrichten.<br \/>\nDer russische Angriffskrieg gegen die Ukraine j\u00e4hrt sich in diesen Tagen zum dritten Mal. F\u00fcr den Nahen Osten m\u00fcssen wir uns weiterhin f\u00fcr einen dauerhaften Frieden und eine Zwei-Staaten-L\u00f6sung einsetzen. Der Krieg in Sudan hat die gr\u00f6\u00dfte humanit\u00e4re Krise und die gr\u00f6\u00dfte Vertreibungskrise der Welt verursacht \u2013 von der \u00d6ffentlichkeit bei uns in Europa nahezu unbeachtet.<br \/>\nWir verurteilen das v\u00f6lkerrechtswidrige Vorr\u00fccken Ruandas zusammen mit den M23-Rebellen in Ostkongo auf das Sch\u00e4rfste. Die humanit\u00e4re Lage ist bereits jetzt katastrophal und die Gefahr eines regionalen Krieges steigt. Dies kann nicht ohne Konsequenzen bleiben.<br \/>\nIn dieser extrem angespannten internationalen Lage m\u00fcssen wir weiter gemeinsam versuchen, mit Partnern um L\u00f6sungen zu ringen. Vor diesem Hintergrund setzt sich Deutschland daf\u00fcr ein, dass die G20-L\u00e4nder ihrer Verantwortung gerecht werden und internationales Recht und seine Institutionen, darunter den Internationalen Strafgerichtshof, st\u00e4rken.&#8220;<\/p>\n<p><a href=\"https:\/\/www.frankensicht.de\/?attachment_id=17362\" rel=\"attachment wp-att-17362\"><img loading=\"lazy\" decoding=\"async\" class=\"alignnone size-medium wp-image-17362\" src=\"https:\/\/www.frankensicht.de\/wp-content\/uploads\/2025\/02\/sued-afrika-300x200.jpeg\" alt=\"\" width=\"300\" height=\"200\" srcset=\"https:\/\/www.frankensicht.de\/wp-content\/uploads\/2025\/02\/sued-afrika-300x200.jpeg 300w, https:\/\/www.frankensicht.de\/wp-content\/uploads\/2025\/02\/sued-afrika.jpeg 600w\" sizes=\"auto, (max-width: 300px) 100vw, 300px\" \/><\/a><\/p>\n<p>Hintergrund:<br \/>\nDie Staatsministerin im Ausw\u00e4rtigen Amt Katja Keul reist vom 20. bis 21. Februar nach Johannesburg in die Republik S\u00fcdafrika.<br \/>\nS\u00fcdafrika hat am 1. Dezember 2024 die G20-Pr\u00e4sidentschaft von Brasilien f\u00fcr ein Jahr \u00fcbernommen. Unter dem Motto \u201cSolidarity, Equality, Sustainability \u201d legt S\u00fcdafrika den Schwerpunkt seiner G20-Pr\u00e4sidentschaft auf die Erreichung der Agenda 2030 und deren Ziele f\u00fcr nachhaltige Entwicklung.<br \/>\nDie Gruppe der 20 bringt Industrie- und Schwellenl\u00e4nder zusammen, die mehr als 80% des globalen Bruttoinlandsprodukts, etwa drei Viertel des Welthandels und ungef\u00e4hr zwei Drittel der Weltbev\u00f6lkerung vereinen. Neben den 19 gr\u00f6\u00dften Industrie- und Schwellenl\u00e4ndern sitzen auch die Europ\u00e4ische Union sowie seit 2024 die Afrikanische Union am G20-Tisch.<br \/>\nBei dem Treffen am 21. und 22. Februar in Johannesburg steht auch die geopolitische Situation auf der Agenda. Deutschland unterst\u00fctzt die G20-Pr\u00e4sidentschaft S\u00fcdafrikas und ihre Ziele zur St\u00e4rkung der Katastrophenvorsorge und -bew\u00e4ltigung, zur Tragbarkeit der Schulden von L\u00e4ndern mit geringen Einkommen, zur Mobilisierung von Kapital f\u00fcr die gerechte Energiewende sowie zur Nutzung kritischer Rohstoffe f\u00fcr inklusives und nachhaltiges Wachstum.<\/p>\n<p>Quelle:auswaertiges-amt.de<\/p>\n","protected":false},"excerpt":{"rendered":"<p>Berlin: Vor ihrer Reise nach S\u00fcdafrika zum Treffen der G20-Au\u00dfenministerinnen und -Au\u00dfenminister erkl\u00e4rte Staatsministerin Katja Keul heute: &#8222;Mit S\u00fcdafrika \u00fcbernimmt erstmals ein afrikanisches Land die G20-Pr\u00e4sidentschaft. Ins Zentrum seines Vorsitzes stellt S\u00fcdafrika die Agenda 2030 und deren Ziele f\u00fcr nachhaltige Entwicklung. Deutschland unterst\u00fctzt den s\u00fcdafrikanischen Vorsitz und seine ambitionierte Agenda \u2013 gerade in Zeiten, in [&hellip;]<\/p>\n","protected":false},"author":7,"featured_media":17362,"comment_status":"closed","ping_status":"open","sticky":false,"template":"","format":"standard","meta":{"footnotes":""},"categories":[44,3,30],"tags":[4497],"class_list":["post-17361","post","type-post","status-publish","format-standard","has-post-thumbnail","hentry","category-deutschland-2","category-news","category-welt","tag-sued-afrika"],"_links":{"self":[{"href":"https:\/\/www.frankensicht.de\/index.php?rest_route=\/wp\/v2\/posts\/17361","targetHints":{"allow":["GET"]}}],"collection":[{"href":"https:\/\/www.frankensicht.de\/index.php?rest_route=\/wp\/v2\/posts"}],"about":[{"href":"https:\/\/www.frankensicht.de\/index.php?rest_route=\/wp\/v2\/types\/post"}],"author":[{"embeddable":true,"href":"https:\/\/www.frankensicht.de\/index.php?rest_route=\/wp\/v2\/users\/7"}],"replies":[{"embeddable":true,"href":"https:\/\/www.frankensicht.de\/index.php?rest_route=%2Fwp%2Fv2%2Fcomments&post=17361"}],"version-history":[{"count":1,"href":"https:\/\/www.frankensicht.de\/index.php?rest_route=\/wp\/v2\/posts\/17361\/revisions"}],"predecessor-version":[{"id":17363,"href":"https:\/\/www.frankensicht.de\/index.php?rest_route=\/wp\/v2\/posts\/17361\/revisions\/17363"}],"wp:featuredmedia":[{"embeddable":true,"href":"https:\/\/www.frankensicht.de\/index.php?rest_route=\/wp\/v2\/media\/17362"}],"wp:attachment":[{"href":"https:\/\/www.frankensicht.de\/index.php?rest_route=%2Fwp%2Fv2%2Fmedia&parent=17361"}],"wp:term":[{"taxonomy":"category","embeddable":true,"href":"https:\/\/www.frankensicht.de\/index.php?rest_route=%2Fwp%2Fv2%2Fcategories&post=17361"},{"taxonomy":"post_tag","embeddable":true,"href":"https:\/\/www.frankensicht.de\/index.php?rest_route=%2Fwp%2Fv2%2Ftags&post=17361"}],"curies":[{"name":"wp","href":"https:\/\/api.w.org\/{rel}","templated":true}]}}