{"id":17267,"date":"2025-01-12T08:43:41","date_gmt":"2025-01-12T07:43:41","guid":{"rendered":"https:\/\/www.frankensicht.de\/?p=17267"},"modified":"2025-01-12T08:43:41","modified_gmt":"2025-01-12T07:43:41","slug":"steuerermaessigung-fuer-energetische-massnahmen-bei-zu-eigenen-wohnzwecken-genutzten-gebaeuden-%c2%a7-35c-estg","status":"publish","type":"post","link":"https:\/\/www.frankensicht.de\/?p=17267","title":{"rendered":"Steuererm\u00e4\u00dfigung f\u00fcr energetische Ma\u00dfnahmen bei zu eigenen Wohnzwecken genutzten Geb\u00e4uden (\u00a7 35c EStG)"},"content":{"rendered":"<p><span style=\"color: #ff0000;\">Berlin:<\/span><\/p>\n<p>Steuererm\u00e4\u00dfigung f\u00fcr energetische Ma\u00dfnahmen bei zu eigenen Wohnzwecken genutzten Geb\u00e4uden (\u00a7 35c EStG);<br \/>\nAmtliches Muster der Bescheinigung des ausf\u00fchrenden Fachunternehmens und der nach \u00a7 88 Geb\u00e4udeenergiegesetz ausstellungsberechtigten Person; Neufassung des BMF-Schreibens vom 26. Januar 2023 (BStBl I S. 218), zuletzt ge\u00e4ndert durch BMF-Schreiben vom 6. Februar 2024 (BStBl I S. 237)<\/p>\n<p><a href=\"https:\/\/www.frankensicht.de\/?attachment_id=4845\" rel=\"attachment wp-att-4845\"><img loading=\"lazy\" decoding=\"async\" class=\"alignnone size-medium wp-image-4845\" src=\"https:\/\/www.frankensicht.de\/wp-content\/uploads\/2012\/12\/1euro-300x225.jpg\" alt=\"\" width=\"300\" height=\"225\" srcset=\"https:\/\/www.frankensicht.de\/wp-content\/uploads\/2012\/12\/1euro-300x225.jpg 300w, https:\/\/www.frankensicht.de\/wp-content\/uploads\/2012\/12\/1euro.jpg 640w\" sizes=\"auto, (max-width: 300px) 100vw, 300px\" \/><\/a><\/p>\n<p>Mit der Steuererm\u00e4\u00dfigung des \u00a7 35c Einkommensteuergesetz werden energetische Ma\u00dfnahmen an zu eigenen Wohnzwecken genutzten Geb\u00e4uden gef\u00f6rdert. F\u00fcr die mit der Steuererkl\u00e4rung einzureichende Bescheinigung \u00fcber die durchgef\u00fchrten Ma\u00dfnahmen stellt das Bundesministerium der Finanzen in Abstimmung mit den L\u00e4ndern ein Muster bereit, das mit einem sogenannten BMF-Schreiben ver\u00f6ffentlicht wird. Zur einfacheren Anwendung wird das Muster zus\u00e4tzlich im Word-Format und als ausf\u00fcllbares PDF-Dokument bereitgestellt.<br \/>\nZum 1. Januar 2025 wurden die bisherigen Musterbescheinigungen zu einem einheitlichen Muster zusammengef\u00fchrt. Fachunternehmen und ausstellungsberechtigte Personen k\u00f6nnen daher f\u00fcr Ma\u00dfnahmen, mit deren Umsetzung 2025 begonnen wird, auf dasselbe Muster zur\u00fcckgreifen. Zu den bei einem fr\u00fcheren Ma\u00dfnahmenbeginn zu verwendenden Musterbescheinigungen finden Sie im BMF-Schreiben weitere Erl\u00e4uterungen.<br \/>\nZum BMF-Schreiben: https:\/\/www.bundesfinanzministerium.de\/Content\/DE\/Downloads\/BMF_Schreiben\/Steuerarten\/Einkommensteuer\/2024-12-23-steuererm-energetische-massnahmen.html<\/p>\n<p>Quelle:bundesfinanzministerium.de<\/p>\n","protected":false},"excerpt":{"rendered":"<p>Berlin: Steuererm\u00e4\u00dfigung f\u00fcr energetische Ma\u00dfnahmen bei zu eigenen Wohnzwecken genutzten Geb\u00e4uden (\u00a7 35c EStG); Amtliches Muster der Bescheinigung des ausf\u00fchrenden Fachunternehmens und der nach \u00a7 88 Geb\u00e4udeenergiegesetz ausstellungsberechtigten Person; Neufassung des BMF-Schreibens vom 26. Januar 2023 (BStBl I S. 218), zuletzt ge\u00e4ndert durch BMF-Schreiben vom 6. Februar 2024 (BStBl I S. 237) Mit der Steuererm\u00e4\u00dfigung [&hellip;]<\/p>\n","protected":false},"author":7,"featured_media":4845,"comment_status":"closed","ping_status":"open","sticky":false,"template":"","format":"standard","meta":{"footnotes":""},"categories":[1],"tags":[4467],"class_list":["post-17267","post","type-post","status-publish","format-standard","has-post-thumbnail","hentry","category-allgemein","tag-35c"],"_links":{"self":[{"href":"https:\/\/www.frankensicht.de\/index.php?rest_route=\/wp\/v2\/posts\/17267","targetHints":{"allow":["GET"]}}],"collection":[{"href":"https:\/\/www.frankensicht.de\/index.php?rest_route=\/wp\/v2\/posts"}],"about":[{"href":"https:\/\/www.frankensicht.de\/index.php?rest_route=\/wp\/v2\/types\/post"}],"author":[{"embeddable":true,"href":"https:\/\/www.frankensicht.de\/index.php?rest_route=\/wp\/v2\/users\/7"}],"replies":[{"embeddable":true,"href":"https:\/\/www.frankensicht.de\/index.php?rest_route=%2Fwp%2Fv2%2Fcomments&post=17267"}],"version-history":[{"count":1,"href":"https:\/\/www.frankensicht.de\/index.php?rest_route=\/wp\/v2\/posts\/17267\/revisions"}],"predecessor-version":[{"id":17268,"href":"https:\/\/www.frankensicht.de\/index.php?rest_route=\/wp\/v2\/posts\/17267\/revisions\/17268"}],"wp:featuredmedia":[{"embeddable":true,"href":"https:\/\/www.frankensicht.de\/index.php?rest_route=\/wp\/v2\/media\/4845"}],"wp:attachment":[{"href":"https:\/\/www.frankensicht.de\/index.php?rest_route=%2Fwp%2Fv2%2Fmedia&parent=17267"}],"wp:term":[{"taxonomy":"category","embeddable":true,"href":"https:\/\/www.frankensicht.de\/index.php?rest_route=%2Fwp%2Fv2%2Fcategories&post=17267"},{"taxonomy":"post_tag","embeddable":true,"href":"https:\/\/www.frankensicht.de\/index.php?rest_route=%2Fwp%2Fv2%2Ftags&post=17267"}],"curies":[{"name":"wp","href":"https:\/\/api.w.org\/{rel}","templated":true}]}}