{"id":17187,"date":"2024-12-03T08:50:51","date_gmt":"2024-12-03T07:50:51","guid":{"rendered":"https:\/\/www.frankensicht.de\/?p=17187"},"modified":"2024-12-03T08:50:51","modified_gmt":"2024-12-03T07:50:51","slug":"autogipfel-der-bayerischen-staatsregierung","status":"publish","type":"post","link":"https:\/\/www.frankensicht.de\/?p=17187","title":{"rendered":"Autogipfel der Bayerischen Staatsregierung"},"content":{"rendered":"<p><span style=\"color: #ff0000;\">M\u00fcnchen:<\/span><\/p>\n<p>Autogipfel der Bayerischen Staatsregierung<\/p>\n<p>Aiwanger: &#8222;T\u00e4glich gehen SOS-Meldungen ein. Es braucht schnelle L\u00f6sungen. Bayern macht seine Hausaufgaben. Die deutsche und die EU-Politik m\u00fcssen nun nachziehen&#8220; Bayerns Wirtschaftsminister Hubert Aiwanger beim Autogipfel der Bayerischen Staatsregierung.<\/p>\n<p><a href=\"https:\/\/www.frankensicht.de\/?attachment_id=17188\" rel=\"attachment wp-att-17188\"><img loading=\"lazy\" decoding=\"async\" class=\"alignnone size-medium wp-image-17188\" src=\"https:\/\/www.frankensicht.de\/wp-content\/uploads\/2024\/12\/101553_o-300x201.jpg\" alt=\"\" width=\"300\" height=\"201\" srcset=\"https:\/\/www.frankensicht.de\/wp-content\/uploads\/2024\/12\/101553_o-300x201.jpg 300w, https:\/\/www.frankensicht.de\/wp-content\/uploads\/2024\/12\/101553_o.jpg 600w\" sizes=\"auto, (max-width: 300px) 100vw, 300px\" \/><\/a>@stmwi.bayern.de<\/p>\n<p>Bayerns Wirtschaftsminister Hubert Aiwanger hat beim Autogipfel der Bayerischen Staatsregierung der Autobranche im Freistaat Unterst\u00fctzung zugesichert. \u00a0 Aiwanger: &#8222;Im Wirtschaftsministerium gehen derzeit fast t\u00e4glich SOS-Meldungen aus der Autobranche ein. Wir brauchen daher schnell L\u00f6sungen. Bayern macht seine Hausaufgaben. Was wir beitragen k\u00f6nnen, das tun wir. Wir haben den Transformationsfonds, mit dem wir mindestens 100 Millionen Euro f\u00fcr die Automobilindustrie zur Verf\u00fcgung stellen. Wir haben das Zukunftsforum Automobil mit all den Unterst\u00fctzungsm\u00f6glichkeiten im dreistelligen Millionenbereich. Wir haben die Transformationsnetzwerke in den Regionen sowie Clusterinitiativen. Wir schaffen Infrastruktur mit den besten deutschen Elektrolade-Netz und unseren F\u00f6rderprogrammen f\u00fcr Wasserstofftankstellen und Elektrolyseuren.&#8220; \u00a0 Sp\u00e4testens nach der Bundestagswahl m\u00fcssten die deutsche und die EU-Politik nachziehen. Aiwanger: Die Autobranche braucht wie die gesamte Wirtschaft bessere Rahmenbedingungen wie niedrigere Steuern, g\u00fcnstigere Strompreise, eine bessere Elektroladeinfrastruktur. Es m\u00fcssen F\u00f6rderinstrumente mit Blick auf heimische Hersteller geschaffen, die B\u00fcrokratie abgebaut und endlich technologieoffen gedacht werden. Zur Dekarbonisierung des Verkehrs brauchen wir alle modernen Antriebe brauchen &#8211; von Elektro \u00fcber Wasserstoff bis zu Mode Verbrennern, die immer weniger Co2 aussto\u00dfen. Ich fordere die EU-Kommission erneut auf, die drohenden EU-Strafzahlungen f\u00fcr die Autoindustrie wegen Co2-Flottengrenzwerten auszusetzen, um unsere Autoindustrie nicht noch mehr zu schw\u00e4chen. Wir brauchen weniger Ideologie und mehr Technologieoffenheit. Der Kunde entscheidet, welches Auto er f\u00e4hrt, nicht Br\u00fcssel oder Berlin. Dekarbonisierung darf nicht in Deindustrialisierung enden.\u201c \u00a0 Aiwanger wies auch auf die Regionalkonferenzen des Bayerischen Wirtschaftsministeriums hin, die auf seine Initiative hin entwickelt wurden. Hierbei wird in den Planungsregionen gemeinsam mit allen Akteuren vor Ort die Weiterentwicklung der Wirtschaftsstandorte besprochen und organisatorisch begleitet, damit frei werdende Arbeitskr\u00e4fte gezielt in anderen Branchen eine Perspektive finden.<\/p>\n<p>Quelle:stmwi.bayern.de<\/p>\n","protected":false},"excerpt":{"rendered":"<p>M\u00fcnchen: Autogipfel der Bayerischen Staatsregierung Aiwanger: &#8222;T\u00e4glich gehen SOS-Meldungen ein. Es braucht schnelle L\u00f6sungen. Bayern macht seine Hausaufgaben. Die deutsche und die EU-Politik m\u00fcssen nun nachziehen&#8220; Bayerns Wirtschaftsminister Hubert Aiwanger beim Autogipfel der Bayerischen Staatsregierung. @stmwi.bayern.de Bayerns Wirtschaftsminister Hubert Aiwanger hat beim Autogipfel der Bayerischen Staatsregierung der Autobranche im Freistaat Unterst\u00fctzung zugesichert. \u00a0 Aiwanger: &#8222;Im [&hellip;]<\/p>\n","protected":false},"author":7,"featured_media":17188,"comment_status":"closed","ping_status":"open","sticky":false,"template":"","format":"standard","meta":{"footnotes":""},"categories":[20,44,71,3],"tags":[3237],"class_list":["post-17187","post","type-post","status-publish","format-standard","has-post-thumbnail","hentry","category-auto","category-deutschland-2","category-menue","category-news","tag-autogipfel"],"_links":{"self":[{"href":"https:\/\/www.frankensicht.de\/index.php?rest_route=\/wp\/v2\/posts\/17187","targetHints":{"allow":["GET"]}}],"collection":[{"href":"https:\/\/www.frankensicht.de\/index.php?rest_route=\/wp\/v2\/posts"}],"about":[{"href":"https:\/\/www.frankensicht.de\/index.php?rest_route=\/wp\/v2\/types\/post"}],"author":[{"embeddable":true,"href":"https:\/\/www.frankensicht.de\/index.php?rest_route=\/wp\/v2\/users\/7"}],"replies":[{"embeddable":true,"href":"https:\/\/www.frankensicht.de\/index.php?rest_route=%2Fwp%2Fv2%2Fcomments&post=17187"}],"version-history":[{"count":1,"href":"https:\/\/www.frankensicht.de\/index.php?rest_route=\/wp\/v2\/posts\/17187\/revisions"}],"predecessor-version":[{"id":17189,"href":"https:\/\/www.frankensicht.de\/index.php?rest_route=\/wp\/v2\/posts\/17187\/revisions\/17189"}],"wp:featuredmedia":[{"embeddable":true,"href":"https:\/\/www.frankensicht.de\/index.php?rest_route=\/wp\/v2\/media\/17188"}],"wp:attachment":[{"href":"https:\/\/www.frankensicht.de\/index.php?rest_route=%2Fwp%2Fv2%2Fmedia&parent=17187"}],"wp:term":[{"taxonomy":"category","embeddable":true,"href":"https:\/\/www.frankensicht.de\/index.php?rest_route=%2Fwp%2Fv2%2Fcategories&post=17187"},{"taxonomy":"post_tag","embeddable":true,"href":"https:\/\/www.frankensicht.de\/index.php?rest_route=%2Fwp%2Fv2%2Ftags&post=17187"}],"curies":[{"name":"wp","href":"https:\/\/api.w.org\/{rel}","templated":true}]}}