{"id":17104,"date":"2024-11-02T08:45:22","date_gmt":"2024-11-02T07:45:22","guid":{"rendered":"https:\/\/www.frankensicht.de\/?p=17104"},"modified":"2024-11-02T08:45:22","modified_gmt":"2024-11-02T07:45:22","slug":"deutschland-und-frankreich-bedauern-das-urteil-gegen-den-menschenrechtsanwalt-yu-wensheng-und-seine-frau-xu-yan","status":"publish","type":"post","link":"https:\/\/www.frankensicht.de\/?p=17104","title":{"rendered":"Deutschland und Frankreich bedauern das Urteil gegen den Menschenrechtsanwalt Yu Wensheng und seine Frau Xu Yan"},"content":{"rendered":"<p><span style=\"color: #ff0000;\">Berlin -Pekimg:<\/span><\/p>\n<p>Deutschland und Frankreich bedauern das Urteil gegen den Menschenrechtsanwalt Yu Wensheng und seine Frau Xu Yan. Beide wurden am 13. April 2023 auf ihrem Weg in die Delegation der Europ\u00e4ischen Union in Peking willk\u00fcrlich festgenommen. Laut Berichten von Menschenrechtsorganisationen wurden sie heute wegen des Vorwurfs der Anstiftung zum Umsturz zu einer Strafe von drei Jahren beziehungsweise einem Jahr und neun Monaten verurteilt.<\/p>\n<p><a href=\"https:\/\/www.frankensicht.de\/?attachment_id=7845\" rel=\"attachment wp-att-7845\"><img loading=\"lazy\" decoding=\"async\" class=\"alignnone size-full wp-image-7845\" src=\"https:\/\/www.frankensicht.de\/wp-content\/uploads\/2014\/11\/china.png\" alt=\"\" width=\"150\" height=\"100\" \/><\/a><br \/>\nWir fordern ihre unverz\u00fcgliche Freilassung und rufen die chinesischen Beh\u00f6rden nachdr\u00fccklich dazu auf, im Einklang mit ihrem erkl\u00e4rten Ziel einer St\u00e4rkung der Rechtsstaatlichkeit in China die Einsch\u00fcchterung von Menschenrechtsverteidigerinnen und -verteidigern und deren willk\u00fcrliche Verhaftung zu beenden. Wir sind besorgt, dass es ausl\u00e4ndischen Diplomatinnen und Diplomaten nicht gestattet wurde, das Verfahren zu beobachten.<br \/>\nAls Anerkennung f\u00fcr seine anwaltliche Unterst\u00fctzung von Menschenrechtsverteidigerinnen und -verteidigern in China wurde Yu Wensheng 2018 der Deutsch-Franz\u00f6sische Preis f\u00fcr Menschenrechte verliehen.<\/p>\n<p>Auswaertiges-amt.de<\/p>\n","protected":false},"excerpt":{"rendered":"<p>Berlin -Pekimg: Deutschland und Frankreich bedauern das Urteil gegen den Menschenrechtsanwalt Yu Wensheng und seine Frau Xu Yan. Beide wurden am 13. April 2023 auf ihrem Weg in die Delegation der Europ\u00e4ischen Union in Peking willk\u00fcrlich festgenommen. Laut Berichten von Menschenrechtsorganisationen wurden sie heute wegen des Vorwurfs der Anstiftung zum Umsturz zu einer Strafe von [&hellip;]<\/p>\n","protected":false},"author":7,"featured_media":7845,"comment_status":"closed","ping_status":"open","sticky":false,"template":"","format":"standard","meta":{"footnotes":""},"categories":[44,3,30],"tags":[4421,2451],"class_list":["post-17104","post","type-post","status-publish","format-standard","has-post-thumbnail","hentry","category-deutschland-2","category-news","category-welt","tag-xu-yan","tag-yu-wensheng"],"_links":{"self":[{"href":"https:\/\/www.frankensicht.de\/index.php?rest_route=\/wp\/v2\/posts\/17104","targetHints":{"allow":["GET"]}}],"collection":[{"href":"https:\/\/www.frankensicht.de\/index.php?rest_route=\/wp\/v2\/posts"}],"about":[{"href":"https:\/\/www.frankensicht.de\/index.php?rest_route=\/wp\/v2\/types\/post"}],"author":[{"embeddable":true,"href":"https:\/\/www.frankensicht.de\/index.php?rest_route=\/wp\/v2\/users\/7"}],"replies":[{"embeddable":true,"href":"https:\/\/www.frankensicht.de\/index.php?rest_route=%2Fwp%2Fv2%2Fcomments&post=17104"}],"version-history":[{"count":1,"href":"https:\/\/www.frankensicht.de\/index.php?rest_route=\/wp\/v2\/posts\/17104\/revisions"}],"predecessor-version":[{"id":17105,"href":"https:\/\/www.frankensicht.de\/index.php?rest_route=\/wp\/v2\/posts\/17104\/revisions\/17105"}],"wp:featuredmedia":[{"embeddable":true,"href":"https:\/\/www.frankensicht.de\/index.php?rest_route=\/wp\/v2\/media\/7845"}],"wp:attachment":[{"href":"https:\/\/www.frankensicht.de\/index.php?rest_route=%2Fwp%2Fv2%2Fmedia&parent=17104"}],"wp:term":[{"taxonomy":"category","embeddable":true,"href":"https:\/\/www.frankensicht.de\/index.php?rest_route=%2Fwp%2Fv2%2Fcategories&post=17104"},{"taxonomy":"post_tag","embeddable":true,"href":"https:\/\/www.frankensicht.de\/index.php?rest_route=%2Fwp%2Fv2%2Ftags&post=17104"}],"curies":[{"name":"wp","href":"https:\/\/api.w.org\/{rel}","templated":true}]}}