{"id":17102,"date":"2024-11-01T08:47:00","date_gmt":"2024-11-01T07:47:00","guid":{"rendered":"https:\/\/www.frankensicht.de\/?p=17102"},"modified":"2024-11-01T08:47:06","modified_gmt":"2024-11-01T07:47:06","slug":"arbeitsmarkt-oktober-2024-arbeitslosenquote-im-oktober-nur-minimal-zurueckgegangen","status":"publish","type":"post","link":"https:\/\/www.frankensicht.de\/?p=17102","title":{"rendered":"Arbeitsmarkt Oktober 2024 Arbeitslosenquote im Oktober nur minimal zur\u00fcckgegangen"},"content":{"rendered":"<p><span style=\"color: #ff0000;\">M\u00fcnchen:<\/span><\/p>\n<p>Arbeitsmarkt Oktober 2024 Arbeitslosenquote im Oktober nur minimal zur\u00fcckgegangen<\/p>\n<p>Aiwanger: &#8222;Bayerns Unternehmen und ihre Besch\u00e4ftigten zahlen zunehmend den Preis f\u00fcr die Mutlosigkeit der Bundesregierung&#8220;<\/p>\n<p><a href=\"https:\/\/www.frankensicht.de\/?attachment_id=1457\" rel=\"attachment wp-att-1457\"><img loading=\"lazy\" decoding=\"async\" class=\"alignnone size-full wp-image-1457\" src=\"https:\/\/www.frankensicht.de\/wp-content\/uploads\/2012\/05\/StatPressCN-\u2039-frankensicht.de-\u2014-WordPress_1336737358340.jpeg\" alt=\"\" width=\"235\" height=\"119\" \/><\/a><\/p>\n<p>Im Oktober lag die Arbeitslosenquote in Bayern bei 3,7 Prozent. Das geht aus den aktuellen Zahlen der Agentur f\u00fcr Arbeit hervor. Gegen\u00fcber dem Vormonat ist das ein minimaler R\u00fcckgang von 0,1 Prozentpunkten. &#8222;Diese saison\u00fcbliche Verbesserung auf dem Arbeitsmarkt ist aber aufgrund der schwachen Konjunktur deutlich geringer ausgefallen als in den Vorjahren&#8220;, betont Wirtschaftsminister Hubert Aiwanger. &#8222;Auch bayerische Unternehmen und ihre Besch\u00e4ftigten zahlen zunehmend den Preis f\u00fcr die Mutlosigkeit der Bundesregierung, die wirtschaftspolitischen Rahmenbedingungen in Deutschland zu reformieren. Wir stehen an der Seite unserer Betriebe und helfen bei der Weiterqualifizierung und Weiterbildung von Besch\u00e4ftigten. Gleichzeitig unterst\u00fctzen wir die Modernisierung und f\u00f6rdern Innovation, Forschung und Entwicklung in Bayern. Das sind auch die Handlungsempfehlungen des ifo-Instituts.&#8220; Gemeinsam mit ifo-Pr\u00e4sident Prof. Dr. Clemens Fuest hat Aiwanger diese Woche die Ergebnisse einer aktuellen ifo-Studie zur bayerischen Wirtschaftspolitik vorgestellt. \u00a0 &#8222;Wir begleiten die Unternehmen, Kommunen und Landkreise beim Transformationsprozess unserer Wirtschaft. Das hat f\u00fcr uns eine sehr hohe Priorit\u00e4t. Unsere Unterst\u00fctzungen f\u00fcr Start-ups und in Hightech-Bereichen wie KI, Quantencomputing und Halbleiter laufen mit Hochdruck weiter. Bayern ist also handlungsf\u00e4hig. Im Gegensatz dazu ist die Ampel in Berlin ein Totalausfall, die sich nicht einmal auf gemeinsame Spitzengespr\u00e4che mit Vertretern der Wirtschaft einigen kann.&#8220; \u00a0 In den bayerischen Regierungsbezirken lagen die Arbeitslosenquoten zwischen 3,3 Prozent in Schwaben und 4,4 Prozent in Mittelfranken und somit \u00fcberall weit unter dem Bundesdurchschnitt von 6,0 Prozent.Quelle:stmwi.bayern.de<\/p>\n","protected":false},"excerpt":{"rendered":"<p>M\u00fcnchen: Arbeitsmarkt Oktober 2024 Arbeitslosenquote im Oktober nur minimal zur\u00fcckgegangen Aiwanger: &#8222;Bayerns Unternehmen und ihre Besch\u00e4ftigten zahlen zunehmend den Preis f\u00fcr die Mutlosigkeit der Bundesregierung&#8220; Im Oktober lag die Arbeitslosenquote in Bayern bei 3,7 Prozent. Das geht aus den aktuellen Zahlen der Agentur f\u00fcr Arbeit hervor. Gegen\u00fcber dem Vormonat ist das ein minimaler R\u00fcckgang von [&hellip;]<\/p>\n","protected":false},"author":7,"featured_media":1457,"comment_status":"closed","ping_status":"open","sticky":false,"template":"","format":"standard","meta":{"footnotes":""},"categories":[78,71],"tags":[4420],"class_list":["post-17102","post","type-post","status-publish","format-standard","has-post-thumbnail","hentry","category-bayern","category-menue","tag-arbeitsmarkt-10-2024-bayern"],"_links":{"self":[{"href":"https:\/\/www.frankensicht.de\/index.php?rest_route=\/wp\/v2\/posts\/17102","targetHints":{"allow":["GET"]}}],"collection":[{"href":"https:\/\/www.frankensicht.de\/index.php?rest_route=\/wp\/v2\/posts"}],"about":[{"href":"https:\/\/www.frankensicht.de\/index.php?rest_route=\/wp\/v2\/types\/post"}],"author":[{"embeddable":true,"href":"https:\/\/www.frankensicht.de\/index.php?rest_route=\/wp\/v2\/users\/7"}],"replies":[{"embeddable":true,"href":"https:\/\/www.frankensicht.de\/index.php?rest_route=%2Fwp%2Fv2%2Fcomments&post=17102"}],"version-history":[{"count":2,"href":"https:\/\/www.frankensicht.de\/index.php?rest_route=\/wp\/v2\/posts\/17102\/revisions"}],"predecessor-version":[{"id":17106,"href":"https:\/\/www.frankensicht.de\/index.php?rest_route=\/wp\/v2\/posts\/17102\/revisions\/17106"}],"wp:featuredmedia":[{"embeddable":true,"href":"https:\/\/www.frankensicht.de\/index.php?rest_route=\/wp\/v2\/media\/1457"}],"wp:attachment":[{"href":"https:\/\/www.frankensicht.de\/index.php?rest_route=%2Fwp%2Fv2%2Fmedia&parent=17102"}],"wp:term":[{"taxonomy":"category","embeddable":true,"href":"https:\/\/www.frankensicht.de\/index.php?rest_route=%2Fwp%2Fv2%2Fcategories&post=17102"},{"taxonomy":"post_tag","embeddable":true,"href":"https:\/\/www.frankensicht.de\/index.php?rest_route=%2Fwp%2Fv2%2Ftags&post=17102"}],"curies":[{"name":"wp","href":"https:\/\/api.w.org\/{rel}","templated":true}]}}