{"id":17099,"date":"2024-10-31T08:20:38","date_gmt":"2024-10-31T07:20:38","guid":{"rendered":"https:\/\/www.frankensicht.de\/?p=17099"},"modified":"2024-10-31T08:20:38","modified_gmt":"2024-10-31T07:20:38","slug":"transformation-wirtschaftsstandort-bayern-bayerisches-wirtschaftsministerium-unterstuetzt-kommunen-und-landkreis","status":"publish","type":"post","link":"https:\/\/www.frankensicht.de\/?p=17099","title":{"rendered":"Transformation Wirtschaftsstandort Bayern Bayerisches Wirtschaftsministerium unterst\u00fctzt Kommunen und Landkreis"},"content":{"rendered":"<p><span style=\"color: #ff0000;\">M\u00fcnchen:<\/span><\/p>\n<p>Transformation Wirtschaftsstandort Bayern Bayerisches Wirtschaftsministerium unterst\u00fctzt Kommunen und Landkreis<\/p>\n<p>Aiwanger: &#8222;Wir m\u00fcssen die Transformation der Industrieregionen konstruktiv begleiten&#8220;<\/p>\n<p>Auf Initiative von Staatsminister Hubert Aiwanger findet am 14. November ein Transformationsgipfel im Bayerischen Wirtschaftsministerium statt. Dabei werden die Unterst\u00fctzungs- und F\u00f6rderangebote sowie Best-Practice-Beispiele f\u00fcr Kommunen und Landkreise vorgestellt, um den Wandel in der Wirtschaft und den jeweiligen Regionen erfolgreich zu begleiten. &#8222;Deutschlands Wirtschaft stagniert, Betriebe investieren nicht mehr, Produktion wird an Billigstandorte verlagert. Die Bundesregierung schaut dabei tatenlos zu, anstatt die Wettbewerbsf\u00e4higkeit der deutschen Wirtschaft gezielt zu verbessern durch niedrigere Steuern und Kosten. Immer mehr Branchen befinden sich im Umbruch und m\u00fcssen vor Ort Personal abbauen.<\/p>\n<p><a href=\"https:\/\/www.frankensicht.de\/?attachment_id=16349\" rel=\"attachment wp-att-16349\"><img loading=\"lazy\" decoding=\"async\" class=\"alignnone size-medium wp-image-16349\" src=\"https:\/\/www.frankensicht.de\/wp-content\/uploads\/2014\/09\/cropped-bayern-300x113.png\" alt=\"\" width=\"300\" height=\"113\" srcset=\"https:\/\/www.frankensicht.de\/wp-content\/uploads\/2014\/09\/cropped-bayern-300x113.png 300w, https:\/\/www.frankensicht.de\/wp-content\/uploads\/2014\/09\/cropped-bayern-1024x384.png 1024w, https:\/\/www.frankensicht.de\/wp-content\/uploads\/2014\/09\/cropped-bayern-768x288.png 768w, https:\/\/www.frankensicht.de\/wp-content\/uploads\/2014\/09\/cropped-bayern-1536x576.png 1536w, https:\/\/www.frankensicht.de\/wp-content\/uploads\/2014\/09\/cropped-bayern.png 1600w\" sizes=\"auto, (max-width: 300px) 100vw, 300px\" \/><\/a><\/p>\n<p>Das ver\u00e4ndert die Landkreise und Kommunen als Wirtschaftsstandorte, Gewerbesteuereinnahmen und wohnortnahe Arbeitspl\u00e4tze brechen weg. Diese Herausforderung m\u00fcssen wir bew\u00e4ltigen und gehen deshalb in die Offensive. Wir m\u00fcssen vor die Welle kommen und die Transformation steuern, anstatt getrieben zu werden. \u00dcber die letzten Jahre haben wir einen bestens erprobten und vielf\u00e4ltigen Instrumentenkasten entwickelt, um die Kommunen in diesen Transformationsprozessen zu unterst\u00fctzen. F\u00fcr jede Region und jede Branche gibt es die passenden Angebote&#8220;. \u00a0 Dazu z\u00e4hlen laut Aiwanger unter anderem die Regionalf\u00f6rderung, Finanzhilfen der LfA, Forschungsf\u00f6rderung oder Angebote zum Wissenstransfer. &#8222;H\u00e4ufig geht es um den Erhalt von Traditionsunternehmen, Neugr\u00fcndungen oder um die Ansiedelung neuer Betriebe. Je nach konkreter Herausforderung helfen in solchen F\u00e4llen unsere Tochterorganisationen wie BayStartUp und Invest in Bavaria&#8220;, versichert Aiwanger. Eine erfolgreiche Transformation sei zudem keine Frage der Betriebsgr\u00f6\u00dfe: &#8222;Unsere Cluster und Bayern Innovativ helfen auch kleineren Unternehmen bei der Entwicklung einer Perspektive f\u00fcr eine erfolgreiche Zukunft. Als Wirtschaftsministerium stehen wir mit Rat und Tat zur Seite. Das erwarten wir uns auch von der Bundesregierung. Unternehmenssteuern m\u00fcssen gesenkt und die b\u00fcrokratischen Auflagen abgebaut werden. Wir brauchen ein investitionsfreundliches Klima in Deutschland. Ohne Reformen des Bundes wird das alles nicht gehen\u201c. \u00a0 Zum Transformationsgipfel sind die Landr\u00e4te und Oberb\u00fcrgermeister, Wirtschaftsf\u00f6rderer sowie die Vertreter der Kammern eingeladen.<\/p>\n<p>Quelle:stmwi.bayern.de<\/p>\n","protected":false},"excerpt":{"rendered":"<p>M\u00fcnchen: Transformation Wirtschaftsstandort Bayern Bayerisches Wirtschaftsministerium unterst\u00fctzt Kommunen und Landkreis Aiwanger: &#8222;Wir m\u00fcssen die Transformation der Industrieregionen konstruktiv begleiten&#8220; Auf Initiative von Staatsminister Hubert Aiwanger findet am 14. November ein Transformationsgipfel im Bayerischen Wirtschaftsministerium statt. Dabei werden die Unterst\u00fctzungs- und F\u00f6rderangebote sowie Best-Practice-Beispiele f\u00fcr Kommunen und Landkreise vorgestellt, um den Wandel in der Wirtschaft und [&hellip;]<\/p>\n","protected":false},"author":7,"featured_media":7610,"comment_status":"closed","ping_status":"open","sticky":false,"template":"","format":"standard","meta":{"footnotes":""},"categories":[78,71],"tags":[4419],"class_list":["post-17099","post","type-post","status-publish","format-standard","has-post-thumbnail","hentry","category-bayern","category-menue","tag-irtschaftsstandort-bayern"],"_links":{"self":[{"href":"https:\/\/www.frankensicht.de\/index.php?rest_route=\/wp\/v2\/posts\/17099","targetHints":{"allow":["GET"]}}],"collection":[{"href":"https:\/\/www.frankensicht.de\/index.php?rest_route=\/wp\/v2\/posts"}],"about":[{"href":"https:\/\/www.frankensicht.de\/index.php?rest_route=\/wp\/v2\/types\/post"}],"author":[{"embeddable":true,"href":"https:\/\/www.frankensicht.de\/index.php?rest_route=\/wp\/v2\/users\/7"}],"replies":[{"embeddable":true,"href":"https:\/\/www.frankensicht.de\/index.php?rest_route=%2Fwp%2Fv2%2Fcomments&post=17099"}],"version-history":[{"count":2,"href":"https:\/\/www.frankensicht.de\/index.php?rest_route=\/wp\/v2\/posts\/17099\/revisions"}],"predecessor-version":[{"id":17101,"href":"https:\/\/www.frankensicht.de\/index.php?rest_route=\/wp\/v2\/posts\/17099\/revisions\/17101"}],"wp:featuredmedia":[{"embeddable":true,"href":"https:\/\/www.frankensicht.de\/index.php?rest_route=\/wp\/v2\/media\/7610"}],"wp:attachment":[{"href":"https:\/\/www.frankensicht.de\/index.php?rest_route=%2Fwp%2Fv2%2Fmedia&parent=17099"}],"wp:term":[{"taxonomy":"category","embeddable":true,"href":"https:\/\/www.frankensicht.de\/index.php?rest_route=%2Fwp%2Fv2%2Fcategories&post=17099"},{"taxonomy":"post_tag","embeddable":true,"href":"https:\/\/www.frankensicht.de\/index.php?rest_route=%2Fwp%2Fv2%2Ftags&post=17099"}],"curies":[{"name":"wp","href":"https:\/\/api.w.org\/{rel}","templated":true}]}}