{"id":17094,"date":"2024-10-30T08:28:42","date_gmt":"2024-10-30T07:28:42","guid":{"rendered":"https:\/\/www.frankensicht.de\/?p=17094"},"modified":"2024-10-30T08:28:42","modified_gmt":"2024-10-30T07:28:42","slug":"deutschland-und-neuseeland-starten-projekt-fuer-klimafeste-landwirtschaft","status":"publish","type":"post","link":"https:\/\/www.frankensicht.de\/?p=17094","title":{"rendered":"Deutschland und Neuseeland starten Projekt f\u00fcr klimafeste Landwirtschaft"},"content":{"rendered":"<p><span style=\"color: #ff0000;\">Berlin:<\/span><\/p>\n<p>Deutschland und Neuseeland starten Projekt f\u00fcr klimafeste Landwirtschaft<br \/>\nBundesminister \u00d6zdemir: \u201eAgri-DENZ-Programm zeigt starke Partnerschaft mit Neuseeland\u201c<\/p>\n<p>Mit dem Start des bilateralen Projektes \u201eAgri-DENZ \u2013 Eine Allianz f\u00fcr das Klima &#8211; Dialog \u00fcber Klima und Landwirtschaft\u201c haben Deutschland und Neuseeland einen wichtigen Schritt zur Verringerung von Treibhausgasemissionen in der Landwirtschaft getan. Das Projekt zielt darauf ab, innovative L\u00f6sungen f\u00fcr eine klimafreundliche Landwirtschaft zu entwickeln. Im Zentrum stehen der Dialog und der Wissenstransfer zwischen Politik, Wissenschaft und Praxis sowie die Vernetzung mit L\u00e4ndern des globalen S\u00fcdens und des Pazifiks. Der Bundesminister f\u00fcr Ern\u00e4hrung und Landwirtschaft, Cem \u00d6zdemir und Neuseelands Landwirtschaftsminister Todd McClay freuen sich \u00fcber den Auftakt des gemeinsamen Vorhabens heute in Berlin.<\/p>\n<p><a href=\"https:\/\/www.frankensicht.de\/?attachment_id=8505\" rel=\"attachment wp-att-8505\"><img loading=\"lazy\" decoding=\"async\" class=\"alignnone size-medium wp-image-8505\" src=\"https:\/\/www.frankensicht.de\/wp-content\/uploads\/2015\/05\/P1030464-300x225.jpg\" alt=\"\" width=\"300\" height=\"225\" srcset=\"https:\/\/www.frankensicht.de\/wp-content\/uploads\/2015\/05\/P1030464-300x225.jpg 300w, https:\/\/www.frankensicht.de\/wp-content\/uploads\/2015\/05\/P1030464.jpg 640w\" sizes=\"auto, (max-width: 300px) 100vw, 300px\" \/><\/a><\/p>\n<p>Bundesminister Cem \u00d6zdemir betonte: \u201eMit Agri-DENZ zeigen wir, wie internationale Partnerschaften die Landwirtschaft fit f\u00fcr die Zukunft machen k\u00f6nnen. Deutschland und Neuseeland blicken auf eine lange Tradition der Zusammenarbeit zur\u00fcck. Gemeinsam wollen wir gute L\u00f6sungen f\u00fcr geringere Treibhausgasemissionen in der Landwirtschaft entwickeln und dabei die Praxis, exzellente Forschung und Politik aus beiden L\u00e4ndern zusammenbringen.\u201c<\/p>\n<p>Minister Todd McClay hob hervor: \u201eDie Partnerschaft \u201aEine Allianz f\u00fcr das Klima \u2013 Dialog \u00fcber Klima und Landwirtschaft\u2018 zwischen Neuseeland und Deutschland wird die Zusammenarbeit st\u00e4rken, um die globalen Treibhausgasemissionen aus der Landwirtschaft zu reduzieren, ohne die Produktion zu verringern. Neuseeland und Deutschland haben eine starke Geschichte der landwirtschaftlichen Zusammenarbeit und sind daher nat\u00fcrliche Partner. Das Agri-DENZ-Projekt wird es beiden L\u00e4ndern erm\u00f6glichen, Ressourcen, Erfahrungen und Fachkenntnisse zu b\u00fcndeln, um die landwirtschaftlichen Ergebnisse auf globaler Ebene zu verbessern, w\u00e4hrend die Produktion gesteigert und die Ern\u00e4hrungssicherheit ber\u00fccksichtigt wird. Die Landwirtschaft ist f\u00fcr unsere beiden Volkswirtschaften von gro\u00dfer Bedeutung, und gemeinsam k\u00f6nnen wir unsere Landwirte unterst\u00fctzen, um die Produktivit\u00e4t zu steigern und die landwirtschaftlichen Emissionen zu senken.\u201c<\/p>\n<p>Hintergrund:<br \/>\nDas Agri-DENZ-Programm (Eine Allianz f\u00fcr das Klima \u2013Dialog \u00fcber Klima und Landwirtschaft) zwischen Neuseeland und Deutschland vertieft die langj\u00e4hrige Kooperation zwischen der zwei Staaten im Agrarsektor. Im Fokus steht die Reduktion landwirtschaftlicher Emissionen und die Entwicklung globaler L\u00f6sungen unter Ber\u00fccksichtigung der Ern\u00e4hrungssicherheit. Beide L\u00e4nder sehen in der Zusammenarbeit die M\u00f6glichkeit, Forschung und Politik zu vereinen und Synergien mit Projekten in Regionen wie Lateinamerika, Afrika und Asien zu nutzen.<\/p>\n<p>Der Auftakt des Agri-DENZ-Projekts fand im Rahmen des \u201eInternational Research Symposium on Agricultural Greenhouse Gas Mitigation\u201c statt, an dem \u00fcber 200 Teilnehmende aus mehr als 40 L\u00e4ndern in Berlin zusammenkamen, um aktuelle Forschungsans\u00e4tze zur Reduktion von Treibhausgasen in der Landwirtschaft zu diskutieren.<\/p>\n<p>Bereits 2023 zeichneten der Bundeslandwirtschaftsminister Cem \u00d6zdemir und der neuseel\u00e4ndische Agrarminister Damien O\u2019Connor (a.D.) eine Gemeinsame Absichtserkl\u00e4rung zur \u201eEine Allianz \u00fcber das Klima \u2013 Dialog \u00fcber Klima und Landwirtschaft\u201c.<\/p>\n<p>Quelle:bmel.bund.de<\/p>\n","protected":false},"excerpt":{"rendered":"<p>Berlin: Deutschland und Neuseeland starten Projekt f\u00fcr klimafeste Landwirtschaft Bundesminister \u00d6zdemir: \u201eAgri-DENZ-Programm zeigt starke Partnerschaft mit Neuseeland\u201c Mit dem Start des bilateralen Projektes \u201eAgri-DENZ \u2013 Eine Allianz f\u00fcr das Klima &#8211; Dialog \u00fcber Klima und Landwirtschaft\u201c haben Deutschland und Neuseeland einen wichtigen Schritt zur Verringerung von Treibhausgasemissionen in der Landwirtschaft getan. Das Projekt zielt darauf [&hellip;]<\/p>\n","protected":false},"author":7,"featured_media":8505,"comment_status":"closed","ping_status":"open","sticky":false,"template":"","format":"standard","meta":{"footnotes":""},"categories":[44,3],"tags":[4418],"class_list":["post-17094","post","type-post","status-publish","format-standard","has-post-thumbnail","hentry","category-deutschland-2","category-news","tag-klimafeste-landschaft"],"_links":{"self":[{"href":"https:\/\/www.frankensicht.de\/index.php?rest_route=\/wp\/v2\/posts\/17094","targetHints":{"allow":["GET"]}}],"collection":[{"href":"https:\/\/www.frankensicht.de\/index.php?rest_route=\/wp\/v2\/posts"}],"about":[{"href":"https:\/\/www.frankensicht.de\/index.php?rest_route=\/wp\/v2\/types\/post"}],"author":[{"embeddable":true,"href":"https:\/\/www.frankensicht.de\/index.php?rest_route=\/wp\/v2\/users\/7"}],"replies":[{"embeddable":true,"href":"https:\/\/www.frankensicht.de\/index.php?rest_route=%2Fwp%2Fv2%2Fcomments&post=17094"}],"version-history":[{"count":2,"href":"https:\/\/www.frankensicht.de\/index.php?rest_route=\/wp\/v2\/posts\/17094\/revisions"}],"predecessor-version":[{"id":17096,"href":"https:\/\/www.frankensicht.de\/index.php?rest_route=\/wp\/v2\/posts\/17094\/revisions\/17096"}],"wp:featuredmedia":[{"embeddable":true,"href":"https:\/\/www.frankensicht.de\/index.php?rest_route=\/wp\/v2\/media\/8505"}],"wp:attachment":[{"href":"https:\/\/www.frankensicht.de\/index.php?rest_route=%2Fwp%2Fv2%2Fmedia&parent=17094"}],"wp:term":[{"taxonomy":"category","embeddable":true,"href":"https:\/\/www.frankensicht.de\/index.php?rest_route=%2Fwp%2Fv2%2Fcategories&post=17094"},{"taxonomy":"post_tag","embeddable":true,"href":"https:\/\/www.frankensicht.de\/index.php?rest_route=%2Fwp%2Fv2%2Ftags&post=17094"}],"curies":[{"name":"wp","href":"https:\/\/api.w.org\/{rel}","templated":true}]}}