{"id":17071,"date":"2024-10-21T08:38:59","date_gmt":"2024-10-21T06:38:59","guid":{"rendered":"https:\/\/www.frankensicht.de\/?p=17071"},"modified":"2024-10-21T08:38:59","modified_gmt":"2024-10-21T06:38:59","slug":"bmel-baut-buerokratie-fuer-tieraerzte-ab","status":"publish","type":"post","link":"https:\/\/www.frankensicht.de\/?p=17071","title":{"rendered":"BMEL baut B\u00fcrokratie f\u00fcr Tier\u00e4rzte ab"},"content":{"rendered":"<p><span style=\"color: #ff00ff;\">Berlin:<\/span><\/p>\n<p>BMEL baut B\u00fcrokratie f\u00fcr Tier\u00e4rzte ab<br \/>\nEntlastungen fallen durch Bundesratsentscheidung jedoch geringer aus als m\u00f6glich<\/p>\n<p>Das Bundeskabinett hat gestern die neue Verordnung f\u00fcr tier\u00e4rztliche Hausapotheken (T\u00c4HAV) in der Fassung des Bundesrates zur Kenntnis genommen und damit den Weg f\u00fcr die Verk\u00fcndung freigemacht. Die Verordnung \u00fcber tier\u00e4rztliche Hausapotheken wird dabei an das neue EU-Tierarzneimittelrecht angepasst. In diesem Zusammenhang werden auch zahlreiche Regelungen vereinfacht, die Verordnung tr\u00e4gt damit zum Abbau unn\u00f6tiger B\u00fcrokratie bei. Die Verordnung schr\u00e4nkt au\u00dferdem die Verwendung der auch f\u00fcr die Humanmedizin wichtigen colistin-haltigen Arzneimitteln ein.<\/p>\n<p><a href=\"https:\/\/www.frankensicht.de\/?attachment_id=3802\" rel=\"attachment wp-att-3802\"><img loading=\"lazy\" decoding=\"async\" class=\"alignnone size-medium wp-image-3802\" src=\"https:\/\/www.frankensicht.de\/wp-content\/uploads\/2012\/08\/buch2-300x225.jpg\" alt=\"\" width=\"300\" height=\"225\" srcset=\"https:\/\/www.frankensicht.de\/wp-content\/uploads\/2012\/08\/buch2-300x225.jpg 300w, https:\/\/www.frankensicht.de\/wp-content\/uploads\/2012\/08\/buch2.jpg 640w\" sizes=\"auto, (max-width: 300px) 100vw, 300px\" \/><\/a><\/p>\n<p>Die Vorlage des BMEL erreicht umfangreiche administrative Erleichterungen im Sinne einer nachhaltigen b\u00fcrokratischen Entlastung der Tier\u00e4rztinnen und Tier\u00e4rzte. Diese fallen gleichwohl nicht im gr\u00f6\u00dftm\u00f6glichen Ma\u00dfe aus: Durch Betreiben des von der Union dominierten Agrar- und Verbraucherausschusses des Bundesrates wurden Dokumentationspflichten wieder ausgeweitet, die bei der Abgabe von Tierarzneimitteln, Humanarzneimitteln und veterin\u00e4rmedizintechnischen Produkten bestehen.<\/p>\n<p>Dazu Bundesminister Cem \u00d6zdemir: \u201eW\u00e4hrend ich und mein Ministerium t\u00e4glich an Entlastungen und B\u00fcrokratieabbau arbeiten, werden sie von den L\u00e4ndern \u00fcber die Hintert\u00fcr teilweise wiedereingef\u00fchrt. In Sonntagsreden \u00fcber B\u00fcrokratieabbau reden, aber dann, wenn wir unsinnige Regelungen abschaffen k\u00f6nnen, sich vom Acker machen. So haben wir nicht gewettet. Die Entlastungen f\u00fcr die Tier\u00e4rztinnen und Tier\u00e4rzte fallen jetzt pro Jahr etwa vier Millionen Euro geringer aus \u2013 ohne dass f\u00fcr die Tiergesundheit nur ein Jota gewonnen w\u00e4re. Ich bedauere das sehr und hoffe, dass bei den n\u00e4chsten Abstimmungen wieder Vernunft in den Reihen der Union einkehrt.\u201c<\/p>\n<p>Die Verordnung enth\u00e4lt weiter ein sogenanntes Umwidmungsverbot f\u00fcr colistin-haltige Antibiotika. Der Wirkstoff wird vor allem in der Gefl\u00fcgelmast bislang sehr breit und mitunter unzul\u00e4ssig eingesetzt und beg\u00fcnstigt so die Entstehung multiresistenter Keime. Diese Praxis birgt erhebliche Risiken auch f\u00fcr die menschliche Gesundheit, da der Wirkstoff auch f\u00fcr die Humanmedizin von besonderer Bedeutung ist. Mit der Novelle der T\u00c4HAV soll diese gef\u00e4hrliche Praxis deutlich eingeschr\u00e4nkt werden. Mehr Informationen zum Verbrauch von Antibiotika und Therapieh\u00e4ufigkeiten finden Sie im Bericht des Bundesinstitutes f\u00fcr Risikobewertung (BfR) hier&lt;https:\/\/mobil.bfr.bund.de\/cm\/343\/antibiotika-verbrauchsmengen-und-therapiehaeufigkeit-2023.pdf&gt;.<\/p>\n<p>Quelle:bmel.bund.de<\/p>\n","protected":false},"excerpt":{"rendered":"<p>Berlin: BMEL baut B\u00fcrokratie f\u00fcr Tier\u00e4rzte ab Entlastungen fallen durch Bundesratsentscheidung jedoch geringer aus als m\u00f6glich Das Bundeskabinett hat gestern die neue Verordnung f\u00fcr tier\u00e4rztliche Hausapotheken (T\u00c4HAV) in der Fassung des Bundesrates zur Kenntnis genommen und damit den Weg f\u00fcr die Verk\u00fcndung freigemacht. Die Verordnung \u00fcber tier\u00e4rztliche Hausapotheken wird dabei an das neue EU-Tierarzneimittelrecht angepasst. [&hellip;]<\/p>\n","protected":false},"author":7,"featured_media":3409,"comment_status":"closed","ping_status":"open","sticky":false,"template":"","format":"standard","meta":{"footnotes":""},"categories":[44,3],"tags":[4411],"class_list":["post-17071","post","type-post","status-publish","format-standard","has-post-thumbnail","hentry","category-deutschland-2","category-news","tag-tieraerzte"],"_links":{"self":[{"href":"https:\/\/www.frankensicht.de\/index.php?rest_route=\/wp\/v2\/posts\/17071","targetHints":{"allow":["GET"]}}],"collection":[{"href":"https:\/\/www.frankensicht.de\/index.php?rest_route=\/wp\/v2\/posts"}],"about":[{"href":"https:\/\/www.frankensicht.de\/index.php?rest_route=\/wp\/v2\/types\/post"}],"author":[{"embeddable":true,"href":"https:\/\/www.frankensicht.de\/index.php?rest_route=\/wp\/v2\/users\/7"}],"replies":[{"embeddable":true,"href":"https:\/\/www.frankensicht.de\/index.php?rest_route=%2Fwp%2Fv2%2Fcomments&post=17071"}],"version-history":[{"count":1,"href":"https:\/\/www.frankensicht.de\/index.php?rest_route=\/wp\/v2\/posts\/17071\/revisions"}],"predecessor-version":[{"id":17072,"href":"https:\/\/www.frankensicht.de\/index.php?rest_route=\/wp\/v2\/posts\/17071\/revisions\/17072"}],"wp:featuredmedia":[{"embeddable":true,"href":"https:\/\/www.frankensicht.de\/index.php?rest_route=\/wp\/v2\/media\/3409"}],"wp:attachment":[{"href":"https:\/\/www.frankensicht.de\/index.php?rest_route=%2Fwp%2Fv2%2Fmedia&parent=17071"}],"wp:term":[{"taxonomy":"category","embeddable":true,"href":"https:\/\/www.frankensicht.de\/index.php?rest_route=%2Fwp%2Fv2%2Fcategories&post=17071"},{"taxonomy":"post_tag","embeddable":true,"href":"https:\/\/www.frankensicht.de\/index.php?rest_route=%2Fwp%2Fv2%2Ftags&post=17071"}],"curies":[{"name":"wp","href":"https:\/\/api.w.org\/{rel}","templated":true}]}}