{"id":17064,"date":"2024-10-17T08:45:30","date_gmt":"2024-10-17T06:45:30","guid":{"rendered":"https:\/\/www.frankensicht.de\/?p=17064"},"modified":"2024-10-17T08:45:30","modified_gmt":"2024-10-17T06:45:30","slug":"oezdemir-wuerdigt-rolle-der-frauen-in-laendlichen-gebieten","status":"publish","type":"post","link":"https:\/\/www.frankensicht.de\/?p=17064","title":{"rendered":"\u00d6zdemir w\u00fcrdigt Rolle der Frauen in l\u00e4ndlichen Gebieten"},"content":{"rendered":"<p><span style=\"color: #ff0000;\">Berlin:<\/span><\/p>\n<p>\u00d6zdemir w\u00fcrdigt Rolle der Frauen in l\u00e4ndlichen Gebieten<\/p>\n<p>Vor dem Hintergrund des von den Vereinten Nationen ausgerufenen j\u00e4hrlichen Internationalen Tages der Frauen in l\u00e4ndlichen Gebieten am 15. Oktober k\u00f6nnen Sie den Bundesminister f\u00fcr Ern\u00e4hrung und Landwirtschaft, Cem \u00d6zdemir, gerne wie folgt zitieren:<\/p>\n<p><a href=\"https:\/\/www.frankensicht.de\/?attachment_id=6264\" rel=\"attachment wp-att-6264\"><img loading=\"lazy\" decoding=\"async\" class=\"alignnone size-medium wp-image-6264\" src=\"https:\/\/www.frankensicht.de\/wp-content\/uploads\/2013\/10\/bamberg8-225x300.jpg\" alt=\"\" width=\"225\" height=\"300\" srcset=\"https:\/\/www.frankensicht.de\/wp-content\/uploads\/2013\/10\/bamberg8-225x300.jpg 225w, https:\/\/www.frankensicht.de\/wp-content\/uploads\/2013\/10\/bamberg8.jpg 480w\" sizes=\"auto, (max-width: 225px) 100vw, 225px\" \/><\/a><\/p>\n<p>&#8222;Frauen sind das R\u00fcckgrat des l\u00e4ndlichen Raums &#8211; sie stehen f\u00fcr Vitalit\u00e4t, Zusammenhalt und Zukunftsf\u00e4higkeit. Sie leisten Au\u00dferordentliches in ihren Berufen, Familien und vielfach auch im Ehrenamt und machen damit unsere l\u00e4ndlichen Regionen erst zu dem, was sie sind: Kraftzentren und lebenswerte Heimat f\u00fcr mehr als die H\u00e4lfte der Bev\u00f6lkerung unseres Landes. Oftmals sind die Frauen auf den Betrieben auch treibende Kraft hinter Innovationen und wichtige Botschafterinnen, die zeigen, was die Landwirtschaft alles leistet. Zum Internationalen Tag der Frauen in l\u00e4ndlichen Gebieten m\u00f6chte ich meinen tiefen Respekt und meine Anerkennung f\u00fcr unsere Landfrauen aussprechen. Danke f\u00fcr Ihre gro\u00dfartige Arbeit und ihr Engagement!<\/p>\n<p>Unser Ziel ist es, Landwirtschaft st\u00e4rker zur Frauensache zu machen, und daf\u00fcr setzen wir die Rahmenbedingungen. Gerade plant mein Ministerium beispielsweise ein Pilotprojekt, in dem haupts\u00e4chlich weibliche Trainees eigene unternehmerische Schritte auf einem erfolgreichen landwirtschaftlichen Betrieb machen k\u00f6nnen. Nicht zuletzt haben wir die LandFrauenStudie erm\u00f6glicht, um die &#8211; zu wenig ber\u00fccksichtigte &#8211; Rolle der Frauen auf unseren H\u00f6fen zu untersuchen und auch sichtbar zu machen.&#8220;<\/p>\n<p>Um die Rahmenbedingungen f\u00fcr Frauen auf dem Land zu verbessern, f\u00f6rdert das Bundesministerium f\u00fcr Ern\u00e4hrung und Landwirtschaft (BMEL) Modell- und Demonstrationsvorhaben im Bereich Soziale Dorfentwicklung \u00fcber das Bundesprogramm L\u00e4ndliche Entwicklung und Regionale Wertsch\u00f6pfung (BULEplus), sowie wissenschaftliche Untersuchungen zu den Lebens- und Arbeitsbedingungen f\u00fcr Frauen auf dem Land, wie in der &#8222;Landfrauenstudie&#8220;. Mit dem Pilotprojekt &#8218;Farm-Inkubator&#8216;, das von der Landwirtschaftlichen Rentenbank ausgeschrieben und betreut wird, unterst\u00fctzt das BMEL insbesondere Frauen dabei, die notwendigen unternehmerischen Kompetenzen und das Wissen f\u00fcr eine Neugr\u00fcndung zu erwerben. Das Zukunftsforum L\u00e4ndliche Entwicklung &lt;https:\/\/www.zukunftsforum-laendliche-entwicklung.de\/&gt; legt 2025 einen besonderen Schwerpunkt auf Engagement, Vielfalt und Frauen auf dem Land.<\/p>\n<p>Gleichzeitig setzt sich das BMEL auch international f\u00fcr die St\u00e4rkung von Frauen ein, indem es beispielsweise im Rahmen seines bilateralen Kooperationsprogramms gezielt die Teilhabe von Frauen in Genossenschaften in der T\u00fcrkei f\u00f6rdert oder in Projekten mit der FAO die Erm\u00e4chtigung von Frauen als Hauptthema setzt. Hier nutzen wir die Freiwilligen Leitlinien des Weltern\u00e4hrungsausschusses (CFS) zur Gleichstellung und St\u00e4rkung von Frauen und M\u00e4dchen, die im vergangenen Jahr verabschiedet wurden und f\u00f6rdern somit deren Umsetzung. Auch beim diesj\u00e4hrigen Global Forum for Food and Agriculture (GFFA) haben sich die Agrarministerinnen und -minister darauf verst\u00e4ndigt, die Beteiligung von Kleinb\u00e4uerinnen und Frauen an der Entwicklung der Ern\u00e4hrungspolitik zu st\u00e4rken und Ma\u00dfnahmen zu intensivieren, um bestehende Ungleichheiten und Ungerechtigkeiten abzubauen.<\/p>\n<p>Hintergrund:<br \/>\nDie Ergebnisse der vom BMEL gef\u00f6rderten Landfrauenstudie&lt;https:\/\/www.bmel.de\/DE\/themen\/laendliche-regionen\/ehrenamt\/landfrauen-studie.html&gt; zeigen, dass es noch keine Gleichstellung von Frauen und M\u00e4nnern in der Landwirtschaft gibt: Nur 11 Prozent der landwirtschaftlichen Betriebe in Deutschland werden von Frauen geleitet. Auch bei der k\u00fcnftigen Hofnachfolge liegt der Frauenanteil nur bei rund 18 Prozent. Dabei sind rund 36 Prozent aller Arbeitskr\u00e4fte in der Landwirtschaft weiblich.<\/p>\n<p>Das BMEL ist mit dem Deutschen LandFrauenverband e.V. (dlv), dem bundesweit gr\u00f6\u00dften Verband f\u00fcr Frauen in l\u00e4ndlichen R\u00e4umen, langj\u00e4hrig unter anderem durch Projektf\u00f6rderung verbunden. In Deutschland setzen sich vor allem die Landfrauenverb\u00e4nde f\u00fcr die Belange aller Frauen in den l\u00e4ndlichen Gebieten gegen\u00fcber der Politik und der Gesellschaft ein. So leisten sie einen wesentlichen Beitrag f\u00fcr die wirtschaftliche und soziale Gestaltung der l\u00e4ndlichen R\u00e4ume und verbessern die Lebens- und Arbeitsbedingungen der Frauen.<\/p>\n<p>Quelle:bmel.bund.de<\/p>\n","protected":false},"excerpt":{"rendered":"<p>Berlin: \u00d6zdemir w\u00fcrdigt Rolle der Frauen in l\u00e4ndlichen Gebieten Vor dem Hintergrund des von den Vereinten Nationen ausgerufenen j\u00e4hrlichen Internationalen Tages der Frauen in l\u00e4ndlichen Gebieten am 15. Oktober k\u00f6nnen Sie den Bundesminister f\u00fcr Ern\u00e4hrung und Landwirtschaft, Cem \u00d6zdemir, gerne wie folgt zitieren: &#8222;Frauen sind das R\u00fcckgrat des l\u00e4ndlichen Raums &#8211; sie stehen f\u00fcr Vitalit\u00e4t, [&hellip;]<\/p>\n","protected":false},"author":7,"featured_media":6264,"comment_status":"closed","ping_status":"open","sticky":false,"template":"","format":"standard","meta":{"footnotes":""},"categories":[44,3],"tags":[4409],"class_list":["post-17064","post","type-post","status-publish","format-standard","has-post-thumbnail","hentry","category-deutschland-2","category-news","tag-landfrauenstudie"],"_links":{"self":[{"href":"https:\/\/www.frankensicht.de\/index.php?rest_route=\/wp\/v2\/posts\/17064","targetHints":{"allow":["GET"]}}],"collection":[{"href":"https:\/\/www.frankensicht.de\/index.php?rest_route=\/wp\/v2\/posts"}],"about":[{"href":"https:\/\/www.frankensicht.de\/index.php?rest_route=\/wp\/v2\/types\/post"}],"author":[{"embeddable":true,"href":"https:\/\/www.frankensicht.de\/index.php?rest_route=\/wp\/v2\/users\/7"}],"replies":[{"embeddable":true,"href":"https:\/\/www.frankensicht.de\/index.php?rest_route=%2Fwp%2Fv2%2Fcomments&post=17064"}],"version-history":[{"count":1,"href":"https:\/\/www.frankensicht.de\/index.php?rest_route=\/wp\/v2\/posts\/17064\/revisions"}],"predecessor-version":[{"id":17065,"href":"https:\/\/www.frankensicht.de\/index.php?rest_route=\/wp\/v2\/posts\/17064\/revisions\/17065"}],"wp:featuredmedia":[{"embeddable":true,"href":"https:\/\/www.frankensicht.de\/index.php?rest_route=\/wp\/v2\/media\/6264"}],"wp:attachment":[{"href":"https:\/\/www.frankensicht.de\/index.php?rest_route=%2Fwp%2Fv2%2Fmedia&parent=17064"}],"wp:term":[{"taxonomy":"category","embeddable":true,"href":"https:\/\/www.frankensicht.de\/index.php?rest_route=%2Fwp%2Fv2%2Fcategories&post=17064"},{"taxonomy":"post_tag","embeddable":true,"href":"https:\/\/www.frankensicht.de\/index.php?rest_route=%2Fwp%2Fv2%2Ftags&post=17064"}],"curies":[{"name":"wp","href":"https:\/\/api.w.org\/{rel}","templated":true}]}}