{"id":17062,"date":"2024-10-16T08:36:02","date_gmt":"2024-10-16T06:36:02","guid":{"rendered":"https:\/\/www.frankensicht.de\/?p=17062"},"modified":"2024-10-16T08:36:02","modified_gmt":"2024-10-16T06:36:02","slug":"neue-bayerische-wolfsverordnung-staatsminister-aiwanger-will-wolf-auch-in-das-bayerische-jagdrecht-aufnehmen","status":"publish","type":"post","link":"https:\/\/www.frankensicht.de\/?p=17062","title":{"rendered":"Neue Bayerische Wolfsverordnung, Staatsminister Aiwanger will Wolf auch in das Bayerische Jagdrecht aufnehmen"},"content":{"rendered":"<p><span style=\"color: #ff0000;\">M\u00fcnchen:<\/span><\/p>\n<p>Neue Bayerische Wolfsverordnung, Staatsminister Aiwanger will Wolf auch in das Bayerische Jagdrecht aufnehmen<\/p>\n<p><a href=\"https:\/\/www.frankensicht.de\/?attachment_id=1410\" rel=\"attachment wp-att-1410\"><img loading=\"lazy\" decoding=\"async\" class=\"alignnone size-medium wp-image-1410\" src=\"https:\/\/www.frankensicht.de\/wp-content\/uploads\/2012\/05\/paragraf-300x187.jpg\" alt=\"\" width=\"300\" height=\"187\" srcset=\"https:\/\/www.frankensicht.de\/wp-content\/uploads\/2012\/05\/paragraf-300x187.jpg 300w, https:\/\/www.frankensicht.de\/wp-content\/uploads\/2012\/05\/paragraf.jpg 640w\" sizes=\"auto, (max-width: 300px) 100vw, 300px\" \/><\/a><\/p>\n<p>Aiwanger: &#8222;Bayern hat mit der Wolfsverordnung einen gangbaren Weg gew\u00e4hlt, damit der Wolf bejagt werden kann&#8220; M\u00dcNCHEN \u00a0\u00a0Der Bayerische Ministerrat hat heute die Wolfsverordnung nach erfolgter Verb\u00e4ndeanh\u00f6rung erneut auf den Weg gebracht. Der Bayerische Verwaltungsgerichtshof hatte die Verordnung im Juli 2024 wegen des formalen Grunds der &#8222;fehlenden\u00a0Verb\u00e4ndeanh\u00f6rung&#8220; gestoppt. Jagdminister Aiwanger: &#8222;Der Wolf muss bejagt werden k\u00f6nnen. Bayern hat mit der Wolfsverordnung einen gangbaren Weg gew\u00e4hlt und hofft, dass der nicht wieder juristisch ausgehebelt wird. Grunds\u00e4tzlich ist aber zu sagen, dass der Bund jetzt endlich den g\u00fcnstigen Erhaltungszustand des Wolfes in Deutschland feststellen m\u00fcsste, dann w\u00fcrde er uns die Arbeit deutlich erleichtern.\u201c \u00a0 Die EU hat angek\u00fcndigt, den Schutzstatus des Wolfes von streng gesch\u00fctzt auf gesch\u00fctzt zur\u00fcckzustufen. Das muss jedoch noch endg\u00fcltig beschlossen werden &#8211; nach einer erwarteten Entscheidung der Berner Konvention dazu im Dezember. Aiwanger: \u201eUnsere Weide- und Nutztierhalter haben ihre Geduld gegen\u00fcber der Politik von Bund und EU l\u00e4ngst verloren. Man h\u00f6rt gro\u00dfen Unmut bei den betroffenen Tierhaltern, die seit Jahren den Wolfs\u00fcbergriffen quasi wehrlos ausgeliefert sind. Die Bayerische Staatsregierung tut alles, um ein sinnvolles Bestandsmanagement des Wolfes auf den Weg zu bringen.\u201c \u00a0 Der Jagdminister betont, dass die Wolfspopulation weiterhin stark um bis zu 30 Prozent j\u00e4hrlich ansteigen wird. Derzeit gibt es in aktuell in Deutschland etwa 2.000 Tiere. In Bayern wird von rund 100 Tieren ausgegangen, die in 10 unterschiedlichen Regionen des Freistaats leben.<\/p>\n<p>Quelle:stmwi.bayern.de<\/p>\n","protected":false},"excerpt":{"rendered":"<p>M\u00fcnchen: Neue Bayerische Wolfsverordnung, Staatsminister Aiwanger will Wolf auch in das Bayerische Jagdrecht aufnehmen Aiwanger: &#8222;Bayern hat mit der Wolfsverordnung einen gangbaren Weg gew\u00e4hlt, damit der Wolf bejagt werden kann&#8220; M\u00dcNCHEN \u00a0\u00a0Der Bayerische Ministerrat hat heute die Wolfsverordnung nach erfolgter Verb\u00e4ndeanh\u00f6rung erneut auf den Weg gebracht. Der Bayerische Verwaltungsgerichtshof hatte die Verordnung im Juli 2024 [&hellip;]<\/p>\n","protected":false},"author":7,"featured_media":1410,"comment_status":"closed","ping_status":"open","sticky":false,"template":"","format":"standard","meta":{"footnotes":""},"categories":[78,71],"tags":[4408],"class_list":["post-17062","post","type-post","status-publish","format-standard","has-post-thumbnail","hentry","category-bayern","category-menue","tag-wolfsverordnung"],"_links":{"self":[{"href":"https:\/\/www.frankensicht.de\/index.php?rest_route=\/wp\/v2\/posts\/17062","targetHints":{"allow":["GET"]}}],"collection":[{"href":"https:\/\/www.frankensicht.de\/index.php?rest_route=\/wp\/v2\/posts"}],"about":[{"href":"https:\/\/www.frankensicht.de\/index.php?rest_route=\/wp\/v2\/types\/post"}],"author":[{"embeddable":true,"href":"https:\/\/www.frankensicht.de\/index.php?rest_route=\/wp\/v2\/users\/7"}],"replies":[{"embeddable":true,"href":"https:\/\/www.frankensicht.de\/index.php?rest_route=%2Fwp%2Fv2%2Fcomments&post=17062"}],"version-history":[{"count":1,"href":"https:\/\/www.frankensicht.de\/index.php?rest_route=\/wp\/v2\/posts\/17062\/revisions"}],"predecessor-version":[{"id":17063,"href":"https:\/\/www.frankensicht.de\/index.php?rest_route=\/wp\/v2\/posts\/17062\/revisions\/17063"}],"wp:featuredmedia":[{"embeddable":true,"href":"https:\/\/www.frankensicht.de\/index.php?rest_route=\/wp\/v2\/media\/1410"}],"wp:attachment":[{"href":"https:\/\/www.frankensicht.de\/index.php?rest_route=%2Fwp%2Fv2%2Fmedia&parent=17062"}],"wp:term":[{"taxonomy":"category","embeddable":true,"href":"https:\/\/www.frankensicht.de\/index.php?rest_route=%2Fwp%2Fv2%2Fcategories&post=17062"},{"taxonomy":"post_tag","embeddable":true,"href":"https:\/\/www.frankensicht.de\/index.php?rest_route=%2Fwp%2Fv2%2Ftags&post=17062"}],"curies":[{"name":"wp","href":"https:\/\/api.w.org\/{rel}","templated":true}]}}