{"id":17058,"date":"2024-10-14T08:29:55","date_gmt":"2024-10-14T06:29:55","guid":{"rendered":"https:\/\/www.frankensicht.de\/?p=17058"},"modified":"2024-10-14T08:29:55","modified_gmt":"2024-10-14T06:29:55","slug":"tierisch-gut-bmel-startet-neue-runde-des-schulwettbewerbs-echt-kuh-l","status":"publish","type":"post","link":"https:\/\/www.frankensicht.de\/?p=17058","title":{"rendered":"Tierisch gut: BMEL startet neue Runde des Schulwettbewerbs \u201eEcht kuh-l!\u201c"},"content":{"rendered":"<p><span style=\"color: #ff0000;\">Berlin:<\/span><\/p>\n<p>Tierisch gut: BMEL startet neue Runde des Schulwettbewerbs \u201eEcht kuh-l!\u201c<\/p>\n<p>Der bundesweite Schulwettbewerb \u201eEcht kuh-l!\u201c des Bundesministeriums f\u00fcr Ern\u00e4hrung und Landwirtschaft (BMEL) startet in eine neue Runde. Diesmal dreht sich alles um Bio-Tierhaltung und das Futter. Unter dem Motto \u201eTierisch gut! Was kommt in den Bio-Trog?\u201c k\u00f6nnen Kinder und Jugendliche die Zusammenh\u00e4nge von \u00f6kologischer Landwirtschaft, Tierern\u00e4hrung und Umweltschutz entdecken und verstehen. Der Schulwettbewerb zur \u00f6kologischen Landwirtschaft und Ern\u00e4hrung wird im Rahmen des Bundesprogramms \u00d6kologischer Landbau (B\u00d6L) des BMEL ausgelobt.<\/p>\n<p><a href=\"https:\/\/www.frankensicht.de\/?attachment_id=12573\" rel=\"attachment wp-att-12573\"><img loading=\"lazy\" decoding=\"async\" class=\"alignnone size-medium wp-image-12573\" src=\"https:\/\/www.frankensicht.de\/wp-content\/uploads\/2019\/05\/kuh1-300x169.jpg\" alt=\"\" width=\"300\" height=\"169\" srcset=\"https:\/\/www.frankensicht.de\/wp-content\/uploads\/2019\/05\/kuh1-300x169.jpg 300w, https:\/\/www.frankensicht.de\/wp-content\/uploads\/2019\/05\/kuh1-768x432.jpg 768w, https:\/\/www.frankensicht.de\/wp-content\/uploads\/2019\/05\/kuh1-1024x576.jpg 1024w, https:\/\/www.frankensicht.de\/wp-content\/uploads\/2019\/05\/kuh1-384x217.jpg 384w, https:\/\/www.frankensicht.de\/wp-content\/uploads\/2019\/05\/kuh1.jpg 1280w\" sizes=\"auto, (max-width: 300px) 100vw, 300px\" \/><\/a><\/p>\n<p>Dazu sagt Bundeslandwirtschaftsminister Cem \u00d6zdemir: \u201eDass die Landwirtschaft uns jeden Tag den Tisch deckt, k\u00f6nnen Kinder nicht fr\u00fch genug lernen. Tiere geh\u00f6ren selbstverst\u00e4ndlich zu einer zukunftsfesten Landwirtschaft dazu \u2013 ganz im Sinne nat\u00fcrlicher Kreisl\u00e4ufe, so wie es bei der Bio-Landwirtschaft der Fall ist. Mit unserem Schulwettbewerb \u201eEcht kuh-l!\u201c nehmen wir uns deshalb genau das Thema vor. Ich lade alle Sch\u00fclerinnen und Sch\u00fcler herzlich ein, daran teilzunehmen: Ihr werdet viel \u00fcber Bio-Tierhaltung lernen und auch einiges \u00fcber den wunderbaren Beruf der Landwirtin und des Landwirts erfahren. Ich bin auf eure Beitr\u00e4ge schon sehr gespannt.\u201c<\/p>\n<p>\u201eEcht kuh-l!\u201c richtet sich an Kinder und Jugendliche der 3. bis 13. Klassen aller Schulformen. Der Kreativit\u00e4t sind keine Grenzen gesetzt \u2013 alles ist m\u00f6glich: Songs, Filme, Spiele, Projekttage, Ausstellungsexponate und vieles mehr. Zu gewinnen gibt es Berlin-Fahrten, Preisgelder bis zu 1.500 Euro und die Troph\u00e4e \u201eKuh-le Kuh\u201c. Daneben werden Forschungspreise bis zu 1.500 Euro f\u00fcr besonders inhaltsstarke Beitr\u00e4ge und Schulpreise bis zu 1.500 Euro f\u00fcr herausragende Projekte von Gro\u00dfgruppen verliehen.<\/p>\n<p>Einsendeschluss ist der 23. M\u00e4rz 2025. Die Gewinnerinnen und Gewinner werden am 5. Juni 2025 am \u201eEcht kuh-l!\u201c-Tag gek\u00fcrt: Die erstplatzierten Gewinnergruppen erhalten dann im Rahmen einer offiziellen Preisverleihung von Bundesminister Cem \u00d6zdemir in Berlin die Troph\u00e4e \u201eKuh-le Kuh\u201c \u00fcberreicht.<\/p>\n<p>Weitere Informationen zum Schulwettbewerb des BMEL finden Sie hier&lt;https:\/\/www.echtkuh-l.de\/&gt;.<\/p>\n<p>Quelle:bmel.bund.de<\/p>\n","protected":false},"excerpt":{"rendered":"<p>Berlin: Tierisch gut: BMEL startet neue Runde des Schulwettbewerbs \u201eEcht kuh-l!\u201c Der bundesweite Schulwettbewerb \u201eEcht kuh-l!\u201c des Bundesministeriums f\u00fcr Ern\u00e4hrung und Landwirtschaft (BMEL) startet in eine neue Runde. Diesmal dreht sich alles um Bio-Tierhaltung und das Futter. Unter dem Motto \u201eTierisch gut! Was kommt in den Bio-Trog?\u201c k\u00f6nnen Kinder und Jugendliche die Zusammenh\u00e4nge von \u00f6kologischer [&hellip;]<\/p>\n","protected":false},"author":7,"featured_media":12573,"comment_status":"closed","ping_status":"open","sticky":false,"template":"","format":"standard","meta":{"footnotes":""},"categories":[44,3],"tags":[2854],"class_list":["post-17058","post","type-post","status-publish","format-standard","has-post-thumbnail","hentry","category-deutschland-2","category-news","tag-echt-kuh-l"],"_links":{"self":[{"href":"https:\/\/www.frankensicht.de\/index.php?rest_route=\/wp\/v2\/posts\/17058","targetHints":{"allow":["GET"]}}],"collection":[{"href":"https:\/\/www.frankensicht.de\/index.php?rest_route=\/wp\/v2\/posts"}],"about":[{"href":"https:\/\/www.frankensicht.de\/index.php?rest_route=\/wp\/v2\/types\/post"}],"author":[{"embeddable":true,"href":"https:\/\/www.frankensicht.de\/index.php?rest_route=\/wp\/v2\/users\/7"}],"replies":[{"embeddable":true,"href":"https:\/\/www.frankensicht.de\/index.php?rest_route=%2Fwp%2Fv2%2Fcomments&post=17058"}],"version-history":[{"count":1,"href":"https:\/\/www.frankensicht.de\/index.php?rest_route=\/wp\/v2\/posts\/17058\/revisions"}],"predecessor-version":[{"id":17059,"href":"https:\/\/www.frankensicht.de\/index.php?rest_route=\/wp\/v2\/posts\/17058\/revisions\/17059"}],"wp:featuredmedia":[{"embeddable":true,"href":"https:\/\/www.frankensicht.de\/index.php?rest_route=\/wp\/v2\/media\/12573"}],"wp:attachment":[{"href":"https:\/\/www.frankensicht.de\/index.php?rest_route=%2Fwp%2Fv2%2Fmedia&parent=17058"}],"wp:term":[{"taxonomy":"category","embeddable":true,"href":"https:\/\/www.frankensicht.de\/index.php?rest_route=%2Fwp%2Fv2%2Fcategories&post=17058"},{"taxonomy":"post_tag","embeddable":true,"href":"https:\/\/www.frankensicht.de\/index.php?rest_route=%2Fwp%2Fv2%2Ftags&post=17058"}],"curies":[{"name":"wp","href":"https:\/\/api.w.org\/{rel}","templated":true}]}}