{"id":17053,"date":"2024-10-13T08:38:30","date_gmt":"2024-10-13T06:38:30","guid":{"rendered":"https:\/\/www.frankensicht.de\/?p=17053"},"modified":"2024-10-13T08:38:30","modified_gmt":"2024-10-13T06:38:30","slug":"allianz-arena-beleuchtet-96-jahre-klimawandel-in-bayern","status":"publish","type":"post","link":"https:\/\/www.frankensicht.de\/?p=17053","title":{"rendered":"Allianz Arena beleuchtet 96 Jahre Klimawandel in Bayern"},"content":{"rendered":"<p><span style=\"color: #ff0000;\">M\u00fcnchen:<\/span><\/p>\n<p>Glauber: Allianz Arena beleuchtet 96 Jahre Klimawandel in Bayern<\/p>\n<p>&nbsp;<\/p>\n<p>Start der Klimawoche und 20-j\u00e4hriges Jubil\u00e4um der Bayerischen Klima-Allianz \u00a0 Mit einer einzigartig beleuchteten Allianz Arena startete heute die Bayerische Klimawoche: Die Allianz Arena wurde dazu in die Farben der bayerischen Klimastreifen getaucht und bildete in 96 Streifen gro\u00dffl\u00e4chig die zur\u00fcckliegenden 96 Jahre des Klimawandels in Bayern ab. Bayerns Umweltminister Thorsten Glauber betonte dazu im Rahmen der Auftaktveranstaltung: &#8222;Bayern soll bis 2040 klimaneutral werden. Dabei z\u00e4hlt jeder Beitrag. Wir wollen die Menschen zum Mitmachen motivieren. Die Allianz Arena macht in ihren leuchtenden Farben den Klimawandel in Bayern sichtbar. Die Au\u00dfenfassade der Allianz Arena ist eine beeindruckende Projektionsfl\u00e4che f\u00fcr 96 Jahre Klimageschichte in Bayern.<\/p>\n<p><a href=\"https:\/\/www.frankensicht.de\/?attachment_id=17054\" rel=\"attachment wp-att-17054\"><img loading=\"lazy\" decoding=\"async\" class=\"alignnone size-medium wp-image-17054\" src=\"https:\/\/www.frankensicht.de\/wp-content\/uploads\/2024\/10\/gallery_1-300x200.jpg\" alt=\"\" width=\"300\" height=\"200\" srcset=\"https:\/\/www.frankensicht.de\/wp-content\/uploads\/2024\/10\/gallery_1-300x200.jpg 300w, https:\/\/www.frankensicht.de\/wp-content\/uploads\/2024\/10\/gallery_1-768x511.jpg 768w, https:\/\/www.frankensicht.de\/wp-content\/uploads\/2024\/10\/gallery_1.jpg 850w\" sizes=\"auto, (max-width: 300px) 100vw, 300px\" \/>@stmuv.bayern.de<\/a><\/p>\n<p>Die Allianz Arena wird so zu Bayerns bekanntester Werbefl\u00e4che f\u00fcr den Klimaschutz.&#8220; Jan-Christian Dreesen, Vorstandsvorsitzender des FC Bayern: &#8222;Wir freuen uns, mit unserer Allianz Arena Gastgeber des Staatsempfangs der Bayerischen Klima-Allianz zu sein. Klimaschutz ist f\u00fcr den FC Bayern keine Option, sondern eine Verpflichtung &#8211; und geht uns alle an: Es liegt an uns, die richtigen Entscheidungen zu treffen f\u00fcr k\u00fcnftige Generationen, und mit gutem Beispiel voranzugehen. Wir sind uns dieser Verantwortung bewusst, und wir stellen sicher, unsere Standorte wie die S\u00e4bener Stra\u00dfe, den FC Bayern Campus und vor allem unsere Allianz Arena fortw\u00e4hrend klimaschonender zu betreiben.&#8220; \u00a0 Startjahr der Projektion ist das Jahr 1927: Hier lag die durchschnittliche Jahresmitteltemperatur noch 0,3 \u00b0C unter dem Referenzwert der Jahre 1971-2000 von 7,8 \u00b0C. Die Projektion endet mit dem Jahr 2023. Hier lag die Temperatur bereits 2,3 \u00b0C \u00fcber dem Referenzwert. \u00a0 Ziel der Bayerischen Klimawoche ist es, mit einer Vielzahl an Veranstaltungen die Bev\u00f6lkerung f\u00fcr den fortschreitenden Klimawandel zu sensibilisieren und gleichzeitig M\u00f6glichkeiten zu zeigen, wie auch kleine Ma\u00dfnahmen positive Wirkungen auf das Klima haben k\u00f6nnen. Bayernweit werden w\u00e4hrend dieser Aktionswoche alle Bev\u00f6lkerungsschichten und Altersgruppen mit vielf\u00e4ltigen Veranstaltungen angesprochen, die von Vortr\u00e4gen \u00fcber Ausstellungen, Energieberatungen bis zu Workshops und Exkursionen in die Natur reichen. \u00a0 Gleichzeitig fand in der Allianz Arena die Jubil\u00e4umsveranstaltung zum 20-j\u00e4hrigen Bestehen der Bayerischen Klima-Allianz statt. Die Bayerische Klima-Allianz wurde 2004 von der Bayerischen Staatsregierung gemeinsam mit dem Bund Naturschutz gegr\u00fcndet und hat inzwischen \u00fcber 50 Partner aus Umweltorganisationen und kommunalen Spitzenverb\u00e4nden, Kirchen, Jugendarbeit, Bildung, Wirtschaft und Wissenschaft. Auch der FC Bayern M\u00fcnchen e.V. und die Allianz Arena GmbH sind Mitglieder der Klima-Allianz. Die Partner der Bayerischen Klima-Allianz bekennen sich zu den Klimaschutzzielen der Bayerischen Staatsregierung. \u00dcberdies hat sich jeder Partner individuelle Ziele f\u00fcr seine Klimaschutzbem\u00fchungen gesetzt. Glauber: &#8222;Klimaschutz braucht starke Partner. Der Klimawandel ist Fakt. Die gute Nachricht ist: Die Klimaschutzma\u00dfnahmen wirken. F\u00fcr uns gilt der Dreiklang aus den klaren Klimazielen des Klimaschutzgesetzes, der Klimamilliarde und dem Bayerischen Klimaschutzprogramm.&#8220; \u00a0 Die Treibhausgas-Emissionen konnten im Freistaat Bayern im Jahr 2022 sowohl absolut als auch bezogen auf die Einwohnerzahl deutlich reduziert werden. In Bayern wurden die Treibhausgas-Emissionen von 1990 bis 2022 um 23,7 Millionen Tonnen verringert \u2013 auf 87,9 Millionen Tonnen CO2-\u00c4quivalente. Die Treibhausgas-Emissionen je Einwohner beliefen sich im Jahr 2022 auf 6,6 Tonnen, gegen\u00fcber noch 9,9 Tonnen im Jahr 1990. Das entspricht einem R\u00fcckgang um \u00fcber 33 Prozent. \u00a0 Bayerische Klimastreifen Die bayerischen Klimastreifen illustrieren die Erw\u00e4rmung des Klimas in Bayern. Wie auf einer Zeitachse zeigt der Streifen ganz links das am weitesten zur\u00fcckliegende Jahr an, ganz rechts wird der Streifen mit den j\u00fcngsten Daten abgebildet. Blau steht dabei f\u00fcr eine niedrigere Durchschnittstemperatur, rot f\u00fcr eine h\u00f6here Durchschnittstemperatur jeweils im Vergleich zur 30-j\u00e4hrigen Referenzperiode 1971-2000.<\/p>\n<p>Quelle: stmuv.bayern.de<\/p>\n","protected":false},"excerpt":{"rendered":"<p>M\u00fcnchen: Glauber: Allianz Arena beleuchtet 96 Jahre Klimawandel in Bayern &nbsp; Start der Klimawoche und 20-j\u00e4hriges Jubil\u00e4um der Bayerischen Klima-Allianz \u00a0 Mit einer einzigartig beleuchteten Allianz Arena startete heute die Bayerische Klimawoche: Die Allianz Arena wurde dazu in die Farben der bayerischen Klimastreifen getaucht und bildete in 96 Streifen gro\u00dffl\u00e4chig die zur\u00fcckliegenden 96 Jahre des [&hellip;]<\/p>\n","protected":false},"author":7,"featured_media":17054,"comment_status":"closed","ping_status":"open","sticky":false,"template":"","format":"standard","meta":{"footnotes":""},"categories":[78,71],"tags":[2037],"class_list":["post-17053","post","type-post","status-publish","format-standard","has-post-thumbnail","hentry","category-bayern","category-menue","tag-klimawochen"],"_links":{"self":[{"href":"https:\/\/www.frankensicht.de\/index.php?rest_route=\/wp\/v2\/posts\/17053","targetHints":{"allow":["GET"]}}],"collection":[{"href":"https:\/\/www.frankensicht.de\/index.php?rest_route=\/wp\/v2\/posts"}],"about":[{"href":"https:\/\/www.frankensicht.de\/index.php?rest_route=\/wp\/v2\/types\/post"}],"author":[{"embeddable":true,"href":"https:\/\/www.frankensicht.de\/index.php?rest_route=\/wp\/v2\/users\/7"}],"replies":[{"embeddable":true,"href":"https:\/\/www.frankensicht.de\/index.php?rest_route=%2Fwp%2Fv2%2Fcomments&post=17053"}],"version-history":[{"count":2,"href":"https:\/\/www.frankensicht.de\/index.php?rest_route=\/wp\/v2\/posts\/17053\/revisions"}],"predecessor-version":[{"id":17056,"href":"https:\/\/www.frankensicht.de\/index.php?rest_route=\/wp\/v2\/posts\/17053\/revisions\/17056"}],"wp:featuredmedia":[{"embeddable":true,"href":"https:\/\/www.frankensicht.de\/index.php?rest_route=\/wp\/v2\/media\/17054"}],"wp:attachment":[{"href":"https:\/\/www.frankensicht.de\/index.php?rest_route=%2Fwp%2Fv2%2Fmedia&parent=17053"}],"wp:term":[{"taxonomy":"category","embeddable":true,"href":"https:\/\/www.frankensicht.de\/index.php?rest_route=%2Fwp%2Fv2%2Fcategories&post=17053"},{"taxonomy":"post_tag","embeddable":true,"href":"https:\/\/www.frankensicht.de\/index.php?rest_route=%2Fwp%2Fv2%2Ftags&post=17053"}],"curies":[{"name":"wp","href":"https:\/\/api.w.org\/{rel}","templated":true}]}}