{"id":17047,"date":"2024-10-11T08:27:30","date_gmt":"2024-10-11T06:27:30","guid":{"rendered":"https:\/\/www.frankensicht.de\/?p=17047"},"modified":"2024-10-11T08:27:30","modified_gmt":"2024-10-11T06:27:30","slug":"politischer-erntedank-des-bmel-professor-niklas-medaillen-verliehen","status":"publish","type":"post","link":"https:\/\/www.frankensicht.de\/?p=17047","title":{"rendered":"Politischer Erntedank des BMEL: Professor Niklas-Medaillen verliehen"},"content":{"rendered":"<p><span style=\"color: #ff0000;\">Berlin:<\/span><\/p>\n<p>Politischer Erntedank des BMEL: Professor Niklas-Medaillen verliehen<br \/>\n\u00d6zdemir wirbt f\u00fcr gemeinsame L\u00f6sungen f\u00fcr nachhaltige Ver\u00e4nderungen<\/p>\n<p>Der Bundesminister f\u00fcr Ern\u00e4hrung und Landwirtschaft, Cem \u00d6zdemir, hat heute beim Politischen Erntedank des Bundesministeriums f\u00fcr Ern\u00e4hrung und Landwirtschaft (BMEL) die Professor Niklas-Medaillen verliehen. Die h\u00f6chste Auszeichnung des BMEL f\u00fcr besonderes Engagement auf dem Gebiet der Ern\u00e4hrung, Land- und Forstwirtschaft erhielten in diesem Jahr Petra Bentk\u00e4mper, Pr\u00e4sidentin des Deutschen Landfrauenverbandes, der Landwirt und Experte f\u00fcr Agro-Forstsysteme Thomas Domin, Prof. Dr. J\u00fcrgen He\u00df, Pionier der \u00d6ko-Forschung, und Dr. Brigitte Rusche, langj\u00e4hrige Vizepr\u00e4sidentin und wissenschaftliche Leiterin des Deutschen Tierschutzbundes.<\/p>\n<p>Weitere Informationen zu den Preistr\u00e4gerinnen und Preistr\u00e4gern sowie Videoportraits finden Sie zeitnah unter www.bmel.de\/erntedank&lt;http:\/\/www.bmel.de\/erntedank&gt;.<\/p>\n<p><a href=\"https:\/\/www.frankensicht.de\/?attachment_id=7961\" rel=\"attachment wp-att-7961\"><img loading=\"lazy\" decoding=\"async\" class=\"alignnone size-medium wp-image-7961\" src=\"https:\/\/www.frankensicht.de\/wp-content\/uploads\/2014\/12\/weinflasche-300x225.jpg\" alt=\"\" width=\"300\" height=\"225\" srcset=\"https:\/\/www.frankensicht.de\/wp-content\/uploads\/2014\/12\/weinflasche-300x225.jpg 300w, https:\/\/www.frankensicht.de\/wp-content\/uploads\/2014\/12\/weinflasche.jpg 640w\" sizes=\"auto, (max-width: 300px) 100vw, 300px\" \/><\/a><\/p>\n<p>Bei der Preisverleihung sagte Bundesminister Cem \u00d6zdemir: &#8222;Wir zeichnen heute vier herausragende Pers\u00f6nlichkeiten aus, die den landwirtschaftlichen Berufsstand in Deutschland und auch die Arbeit unseres Ministeriums ma\u00dfgeblich gepr\u00e4gt haben und pr\u00e4gen. Sie alle haben in ihren jeweiligen Bereichen Pionierarbeit geleistet &#8211; beim Tierschutz und bei der Gleichstellung im l\u00e4ndlichen Raum, f\u00fcr die \u00d6kolandbau-Forschung und f\u00fcr das Vorankommen der Agroforstwirtschaft. Sie waren zugleich Beraterinnen und Berater, Kritikerinnen und Kritiker und haben dabei stets mit Leidenschaft und gro\u00dfer Expertise die Weiterentwicklung unserer Land- und Ern\u00e4hrungswirtschaft vorangetrieben. Sie zeigen, dass pers\u00f6nliches Engagement, \u00dcberzeugung und ein klarer Kompass f\u00fcr die Zukunft einen Unterschied machen. Sie zeigen, Zukunft gestalten &#8211; das geht! F\u00fcr ihr unerm\u00fcdliches Engagement danke ich ihnen von Herzen.&#8220;<\/p>\n<p>Bundesminister \u00d6zdemir hob anl\u00e4sslich des Politischen Erntedanks hervor: &#8222;Ver\u00e4nderungen bedeuten Herausforderungen und Zumutungen. Ich w\u00fcnsche uns allen, dass wir im Sinne unserer vier Preistr\u00e4ger Haltung zeigen. Haltung, wenn es die gemeinsame Arbeit an L\u00f6sungen und Kompromissen f\u00fcr eine zukunftsfeste Landwirtschaft und Ern\u00e4hrung geht. Und auch, wenn es darum geht, unsere Demokratie vor Anti-Demokraten zu sch\u00fctzen.&#8220;<\/p>\n<p>Die Landwirtschaft steht vor gro\u00dfen Herausforderungen. Auch die diesj\u00e4hrige Ernte, die vielerorts von den Auswirkungen der Klimakrise gepr\u00e4gt war, zeigt das. Dazu sagte Cem \u00d6zdemir: &#8222;Die Landwirtinnen und Landwirte haben daf\u00fcr gesorgt, dass unsere Speicher gut gef\u00fcllt sind. Daf\u00fcr k\u00f6nnen wir nicht dankbar genug sein. Wir sehen, die Zeiten haben sich ver\u00e4ndert. So best\u00e4ndig wie fr\u00fcher sind sie nicht mehr. Immer \u00f6fter wird die Ernte durch ver\u00e4ndertes Klima und durch Extremwetter zum Lotteriespiel. Die Landwirte sp\u00fcren die Klimakrise direkt auf dem Feld. Klimaschutz und Klimaanpassung sind die Gebote unserer Zeit. Nutzen und Sch\u00fctzen gilt es, in Einklang zu bringen. Bei diesen Herausforderungen unterst\u00fctzen wir die Landwirtschaft &#8211; etwa beim Umbau der Tierhaltung, beim Abbau von unn\u00f6tiger B\u00fcrokratie, bei der Umstellung auf \u00d6kolandbau, mit einer verbesserten EU-Agrarpolitik oder mit Unterst\u00fctzung von Forschung und Wissenstransfer.&#8220;<\/p>\n<p>Abschlie\u00dfend warb Bundesminister \u00d6zdemir f\u00fcr gemeinsame L\u00f6sungen bei den notwendigen nachhaltigen Ver\u00e4nderungen: &#8222;Es gibt unterschiedliche Interessen. Das darf aber nicht bedeuten, den Status quo zu bewahren, w\u00e4hrend sich die Welt um uns herum ver\u00e4ndert. Ohne Zumutungen geht es nicht &#8211; aber sie sind die Investition in unsere Zukunft. Etwas zu wagen und zu investieren, das ist nicht nur bestes Unternehmertum, sondern es bietet auch Chancen. Entscheidend ist, dass unterschiedliche Meinungen respektiert werden &#8211; um gemeinsam zu guten und praxistauglichen L\u00f6sungen zu kommen, die mehrheitlich getragen werden. Dabei m\u00fcssen wir alle von Zeit zu Zeit \u00fcber unseren Schatten springen. Was uns Demokraten aber alle eint, das ist die Bereitschaft zum Zuh\u00f6ren und zum Kompromiss.&#8220;<\/p>\n<p>Hintergrund zur Professor Niklas-Medaille:<br \/>\nDie Professor Niklas-Medaille ist die h\u00f6chste Auszeichnung des Bundesministeriums f\u00fcr Ern\u00e4hrung und Landwirtschaft. Mit ihr werden besondere Verdienste und herausragendes Engagement f\u00fcr die Ern\u00e4hrungs-, Land- und Forstwirtschaft sowie Leistungen zum Wohle der in diesem Bereich t\u00e4tigen Menschen gew\u00fcrdigt.<\/p>\n<p>Quelle:bmel.bund.de<\/p>\n","protected":false},"excerpt":{"rendered":"<p>Berlin: Politischer Erntedank des BMEL: Professor Niklas-Medaillen verliehen \u00d6zdemir wirbt f\u00fcr gemeinsame L\u00f6sungen f\u00fcr nachhaltige Ver\u00e4nderungen Der Bundesminister f\u00fcr Ern\u00e4hrung und Landwirtschaft, Cem \u00d6zdemir, hat heute beim Politischen Erntedank des Bundesministeriums f\u00fcr Ern\u00e4hrung und Landwirtschaft (BMEL) die Professor Niklas-Medaillen verliehen. Die h\u00f6chste Auszeichnung des BMEL f\u00fcr besonderes Engagement auf dem Gebiet der Ern\u00e4hrung, Land- und [&hellip;]<\/p>\n","protected":false},"author":7,"featured_media":7961,"comment_status":"closed","ping_status":"open","sticky":false,"template":"","format":"standard","meta":{"footnotes":""},"categories":[44,3],"tags":[4406],"class_list":["post-17047","post","type-post","status-publish","format-standard","has-post-thumbnail","hentry","category-deutschland-2","category-news","tag-niklas-medallien"],"_links":{"self":[{"href":"https:\/\/www.frankensicht.de\/index.php?rest_route=\/wp\/v2\/posts\/17047","targetHints":{"allow":["GET"]}}],"collection":[{"href":"https:\/\/www.frankensicht.de\/index.php?rest_route=\/wp\/v2\/posts"}],"about":[{"href":"https:\/\/www.frankensicht.de\/index.php?rest_route=\/wp\/v2\/types\/post"}],"author":[{"embeddable":true,"href":"https:\/\/www.frankensicht.de\/index.php?rest_route=\/wp\/v2\/users\/7"}],"replies":[{"embeddable":true,"href":"https:\/\/www.frankensicht.de\/index.php?rest_route=%2Fwp%2Fv2%2Fcomments&post=17047"}],"version-history":[{"count":2,"href":"https:\/\/www.frankensicht.de\/index.php?rest_route=\/wp\/v2\/posts\/17047\/revisions"}],"predecessor-version":[{"id":17049,"href":"https:\/\/www.frankensicht.de\/index.php?rest_route=\/wp\/v2\/posts\/17047\/revisions\/17049"}],"wp:featuredmedia":[{"embeddable":true,"href":"https:\/\/www.frankensicht.de\/index.php?rest_route=\/wp\/v2\/media\/7961"}],"wp:attachment":[{"href":"https:\/\/www.frankensicht.de\/index.php?rest_route=%2Fwp%2Fv2%2Fmedia&parent=17047"}],"wp:term":[{"taxonomy":"category","embeddable":true,"href":"https:\/\/www.frankensicht.de\/index.php?rest_route=%2Fwp%2Fv2%2Fcategories&post=17047"},{"taxonomy":"post_tag","embeddable":true,"href":"https:\/\/www.frankensicht.de\/index.php?rest_route=%2Fwp%2Fv2%2Ftags&post=17047"}],"curies":[{"name":"wp","href":"https:\/\/api.w.org\/{rel}","templated":true}]}}