{"id":17042,"date":"2024-10-09T08:32:23","date_gmt":"2024-10-09T06:32:23","guid":{"rendered":"https:\/\/www.frankensicht.de\/?p=17042"},"modified":"2024-10-09T08:32:23","modified_gmt":"2024-10-09T06:32:23","slug":"ein-jahr-nach-dem-terror-angriff-der-hamas-auf-israel","status":"publish","type":"post","link":"https:\/\/www.frankensicht.de\/?p=17042","title":{"rendered":"Ein Jahr nach dem Terror-Angriff der Hamas auf Israel"},"content":{"rendered":"<p><span style=\"color: #ff0000;\">M\u00fcnchen:<\/span><\/p>\n<p>Ein Jahr nach dem Terror-Angriff der Hamas<br \/>\nauf Israel<\/p>\n<p>Schlimmste Antisemitismus-Welle seit dem Zweiten Weltkrieg<br \/>\n\/ 348 Ermittlungsverfahren bei den bayerischen Spezialstaatsanw\u00e4lten seit<br \/>\ndem 7. Oktober 2023 \/ Justizminister Eisenreich: &#8222;Wir stehen unverbr\u00fcchlich<br \/>\nan der Seite der j\u00fcdischen B\u00fcrgerinnen und B\u00fcrger in unserem Land.&#8220;<br \/>\nMorgen vor einem Jahr (7. Oktober 2023) starteten Terrorkommandos<br \/>\nder Hamas einen brutalen und menschenverachtenden Angriff auf Israel, bei<br \/>\ndem mehr als 1.200 Menschen starben. Seitdem hat der Antisemitismus einen<br \/>\nneuen H\u00f6chststand erreicht. Bayerns Justizminister Georg Eisenreich:<br \/>\n&#8222;Deutschland und die Welt erleben nach dem 7. Oktober 2023 die schlimmste<br \/>\nWelle von Antisemitismus seit dem Ende des Zweiten Weltkrieges. Judenhass<br \/>\ngibt es an den R\u00e4ndern, in der Mitte der Gesellschaft und unter Zuwanderern.<br \/>\nDer Rechtsstaat muss klare Grenzen setzen und J\u00fcdinnen und Juden sch\u00fctzen.&#8220;<\/p>\n<p><a href=\"https:\/\/www.frankensicht.de\/?attachment_id=8164\" rel=\"attachment wp-att-8164\"><img loading=\"lazy\" decoding=\"async\" class=\"alignnone size-medium wp-image-8164\" src=\"https:\/\/www.frankensicht.de\/wp-content\/uploads\/2015\/02\/israel-300x218.png\" alt=\"\" width=\"300\" height=\"218\" srcset=\"https:\/\/www.frankensicht.de\/wp-content\/uploads\/2015\/02\/israel-300x218.png 300w, https:\/\/www.frankensicht.de\/wp-content\/uploads\/2015\/02\/israel.png 660w\" sizes=\"auto, (max-width: 300px) 100vw, 300px\" \/><\/a><\/p>\n<p>Der Minister weiter: &#8222;Wir verfolgen antisemitische<br \/>\nStraftaten konsequent. Unsere Staatsanw\u00e4ltinnen und Staatsanw\u00e4lte<br \/>\nhaben seit dem 7. Oktober 2023 bereits 348 Ermittlungsverfahren im Zusammenhang<br \/>\nmit dem Terror-Angriff der Hamas eingeleitet.&#8220; Die bayerische<br \/>\nJustiz verst\u00e4rkt ihre Strukturen im Kampf gegen Antisemitismus kontinuierlich.<br \/>\nIm Oktober 2021 hat Justizminister Eisenreich einen Zentralen<br \/>\nAntisemitismusbeauftragten bestellt, der die nachdr\u00fcckliche und konsequente<br \/>\nVerfolgung antisemitischer Straftaten durch alle bayerischen Staatsanwaltschaften<br \/>\nkoordiniert. Er ist bei der Zentralstelle zur Bek\u00e4mpfung von Extremismus<br \/>\nund Terrorismus (ZET) bei der Generalstaatsanwaltschaft M\u00fcnchen angesiedelt<br \/>\nund wird durch bei allen 22 bayerischen Staatsanwaltschaften benannte Ansprechpartner<br \/>\nAntisemitismus unterst\u00fctzt. Gemeinsam mit der Bayerischen Polizei<br \/>\nf\u00fchrte der Zentrale Antisemitismusbeauftragte der Bayerischen Justiz<br \/>\nam 21. November 2023 nur wenige Wochen nach dem Angriff der Terrororganisation<br \/>\nHamas auf Israel einen Aktionstag gegen antisemitische Straftaten durch.<br \/>\nIn 17 Wohnungen bayernweit vollzogen Staatsanw\u00e4lte und Polizeibeamte<br \/>\nrichterliche Durchsuchungsbeschl\u00fcsse und stellten umfangreiches Beweismaterial<br \/>\nsicher. Bei jedem Anfangsverdacht von Straftaten wie Volksverhetzung<br \/>\noder der Billigung von Straftaten schreiten die Staatsanwaltschaften konsequent<br \/>\nein. Wer etwa die Parole &#8222;From the river to the sea&#8220; verwendet,<br \/>\nmuss in Bayern mit Ermittlungen rechnen. Das Verbreiten bzw. \u00f6ffentliche<br \/>\nVerwenden dieser Parole etwa \u00fcber soziale Medien wie Facebook oder<br \/>\nTiktok begr\u00fcndet nach Auffassung der bayerischen Staatsanwaltschaften<br \/>\neinen Anfangsverdacht des Verwendens von Kennzeichen verfassungswidriger<br \/>\nund terroristischer Organisationen. Das Amtsgericht Sonthofen hat diese<br \/>\nLinie best\u00e4tigt und einen Angeklagten deswegen verurteilt. Es ist<br \/>\ndie bundesweit erste Entscheidung, die rechtskr\u00e4ftig wurde. Bislang<br \/>\ngibt es in Bayern etwa ein Dutzend Verfahren wegen Verwendens der Hamas-Parole<br \/>\n&#8222;From the river to the sea&#8220;. Bayern setzt sich auch rechtspolitisch<br \/>\ngegen Antisemitismus ein. Ende November 2023 forderte der Freistaat den<br \/>\nBund im Rahmen einer Bundesratsinitiative auf, die sogenannte Sympathiewerbung<br \/>\nf\u00fcr terroristische Vereinigungen wieder unter Strafe zu stellen (Pressemitteilung<br \/>\nhier<br \/>\nabrufbar). Eisenreich: &#8222;Nach dem 7. Oktober 2023<br \/>\nkam es in zahlreichen deutschen St\u00e4dten zu Versammlungen, bei denen<br \/>\ndas barbarische Vorgehen gegen den Staat Israel und seine Bev\u00f6lkerung<br \/>\ngefeiert wurde. Wer den Terror der Hamas oder anderer terroristischer Organisationen<br \/>\nbejubelt, verh\u00f6hnt das Leiden der Opfer auf unertr\u00e4gliche Weise<br \/>\nund bereitet den N\u00e4hrboden f\u00fcr Gewalt.&#8220; Minister<br \/>\nEisenreich ist es ein pers\u00f6nliches Anliegen, dass sich J\u00fcdinnen<br \/>\nund Juden in Deutschland sicher f\u00fchlen k\u00f6nnen: &#8222;Wir stehen<br \/>\nunverbr\u00fcchlich an der Seite der j\u00fcdischen B\u00fcrgerinnen und<br \/>\nB\u00fcrger in unserem Land. Unsere Gedanken sind an diesem Jahrestag bei<br \/>\nihnen und bei den Menschen in Israel.&#8220; Hintergrund<br \/>\nDas Ma\u00dfnahmenb\u00fcndel der Justiz<br \/>\ngegen antisemitische Straftaten: 2018<br \/>\nwurden drei Antisemitismus-Beauftragte der Bayerischen<br \/>\nJustiz bei den drei Generalstaatsanwaltschaften M\u00fcnchen, N\u00fcrnberg<br \/>\nund Bamberg eingesetzt. Ende des Jahres 2021 wurden bei allen 22<br \/>\nbayerischen Staatsanwaltschaften Ansprechpartner Antisemitismus<br \/>\netabliert. Seit Oktober 2021 hat die bayerische Justiz daneben einen Zentralen<br \/>\nAntisemitismusbeauftragten. Auf Initiative<br \/>\nBayerns hat sich die Justizministerkonferenz im Fr\u00fchjahr 2022<br \/>\ndaf\u00fcr eingesetzt, die Strukturen und die Vernetzung der L\u00e4nderjustiz<br \/>\nim Kampf gegen Antisemitismus weiter zu verst\u00e4rken. Zum Schutz des<br \/>\nj\u00fcdischen Lebens in Deutschland sollen die L\u00e4nder pr\u00fcfen,<br \/>\nAntisemitismus-Beauftragte bei den (General-)Staatsanwaltschaften oder<br \/>\nvergleichbare Strukturen zu etablieren (Pressemitteilung hier<br \/>\nabrufbar). Damit antisemitische Motive<br \/>\nnicht im Dunkeln bleiben, haben die drei Antisemitismus-Beauftragten der<br \/>\nbayerischen Generalstaatsanwaltschaften einen Leitfaden f\u00fcr<br \/>\nStaatsanw\u00e4lte entwickelt. Mit dem auch international beachteten<br \/>\nLeitfaden k\u00f6nnen antisemitische Motive leichter entschl\u00fcsselt<br \/>\nwerden (z.\u00a0B. anhand von Nazi-Jahrestagen oder Codes).<br \/>\nBayern hat als erstes Bundesland in Deutschland die Arbeitsdefinition<br \/>\nder International Holocaust Remembrance Alliance (IHRA) angenommen.<br \/>\nVon Seiten der Justiz wurde gemeinsam mit der Bayerischen<br \/>\nPolizei eine Informationskarte f\u00fcr Gesch\u00e4digte von Hasskriminalit\u00e4t,<br \/>\ninsbesondere Antisemitismus, erstellt, welche bayernweit, vor<br \/>\nallem an j\u00fcdische Haushalte verteilt wurde. Durch diese sollen \u00fcberwiegend<br \/>\nGesch\u00e4digte von antisemitischen Straftaten zur Anzeigenerstattung<br \/>\nermutigt werden. Zudem sollen Hilfsangebote unterbreitet werden.<br \/>\nBayern hat sich auch rechtspolitisch in Berlin eingesetzt: Eine<br \/>\njudenfeindliche Motivation wird im Gesetz ausdr\u00fccklich als strafsch\u00e4rfendes<br \/>\nTatmerkmal genannt. Die Bundesregierung hat den Vorschlag aus<br \/>\ndem Freistaat im Jahr 2020 aufgegriffen (\u00a7\u00a046 Absatz 2 Strafgesetzbuch).<\/p>\n<p>Quelle:stmj.bayern.de<\/p>\n","protected":false},"excerpt":{"rendered":"<p>M\u00fcnchen: Ein Jahr nach dem Terror-Angriff der Hamas auf Israel Schlimmste Antisemitismus-Welle seit dem Zweiten Weltkrieg \/ 348 Ermittlungsverfahren bei den bayerischen Spezialstaatsanw\u00e4lten seit dem 7. Oktober 2023 \/ Justizminister Eisenreich: &#8222;Wir stehen unverbr\u00fcchlich an der Seite der j\u00fcdischen B\u00fcrgerinnen und B\u00fcrger in unserem Land.&#8220; Morgen vor einem Jahr (7. Oktober 2023) starteten Terrorkommandos der [&hellip;]<\/p>\n","protected":false},"author":7,"featured_media":8164,"comment_status":"closed","ping_status":"open","sticky":false,"template":"","format":"standard","meta":{"footnotes":""},"categories":[78,44,71],"tags":[4404],"class_list":["post-17042","post","type-post","status-publish","format-standard","has-post-thumbnail","hentry","category-bayern","category-deutschland-2","category-menue","tag-hamas-terrororganisation"],"_links":{"self":[{"href":"https:\/\/www.frankensicht.de\/index.php?rest_route=\/wp\/v2\/posts\/17042","targetHints":{"allow":["GET"]}}],"collection":[{"href":"https:\/\/www.frankensicht.de\/index.php?rest_route=\/wp\/v2\/posts"}],"about":[{"href":"https:\/\/www.frankensicht.de\/index.php?rest_route=\/wp\/v2\/types\/post"}],"author":[{"embeddable":true,"href":"https:\/\/www.frankensicht.de\/index.php?rest_route=\/wp\/v2\/users\/7"}],"replies":[{"embeddable":true,"href":"https:\/\/www.frankensicht.de\/index.php?rest_route=%2Fwp%2Fv2%2Fcomments&post=17042"}],"version-history":[{"count":2,"href":"https:\/\/www.frankensicht.de\/index.php?rest_route=\/wp\/v2\/posts\/17042\/revisions"}],"predecessor-version":[{"id":17044,"href":"https:\/\/www.frankensicht.de\/index.php?rest_route=\/wp\/v2\/posts\/17042\/revisions\/17044"}],"wp:featuredmedia":[{"embeddable":true,"href":"https:\/\/www.frankensicht.de\/index.php?rest_route=\/wp\/v2\/media\/8164"}],"wp:attachment":[{"href":"https:\/\/www.frankensicht.de\/index.php?rest_route=%2Fwp%2Fv2%2Fmedia&parent=17042"}],"wp:term":[{"taxonomy":"category","embeddable":true,"href":"https:\/\/www.frankensicht.de\/index.php?rest_route=%2Fwp%2Fv2%2Fcategories&post=17042"},{"taxonomy":"post_tag","embeddable":true,"href":"https:\/\/www.frankensicht.de\/index.php?rest_route=%2Fwp%2Fv2%2Ftags&post=17042"}],"curies":[{"name":"wp","href":"https:\/\/api.w.org\/{rel}","templated":true}]}}