{"id":17035,"date":"2024-10-05T08:10:47","date_gmt":"2024-10-05T06:10:47","guid":{"rendered":"https:\/\/www.frankensicht.de\/?p=17035"},"modified":"2024-10-05T08:10:47","modified_gmt":"2024-10-05T06:10:47","slug":"oezdemir-begruesst-verschiebung-der-eudr","status":"publish","type":"post","link":"https:\/\/www.frankensicht.de\/?p=17035","title":{"rendered":"\u00d6zdemir begr\u00fc\u00dft Verschiebung der EUDR"},"content":{"rendered":"<p><span style=\"color: #ff0000;\">Berlin:<\/span><\/p>\n<p>\u00d6zdemir begr\u00fc\u00dft Verschiebung der EUDR<br \/>\nInhaltlich bleibt Richtlinie unangetastet<\/p>\n<p>Zur Ank\u00fcndigung der EU-Kommission, die Verordnung f\u00fcr entwaldungsfreie Produkte (EUDR) verschieben zu wollen, k\u00f6nnen Sie den Bundesminister f\u00fcr Ern\u00e4hrung und Landwirtschaft, Cem \u00d6zdemir, wie folgt zitieren:<\/p>\n<p>\u201eIch begr\u00fc\u00dfe, dass die EU-Kommission unserem Ansinnen nachgegeben hat und den Anwendungsstart der EU-Verordnung f\u00fcr entwaldungsfreie Produkte (EUDR) um zw\u00f6lf Monate verschieben m\u00f6chte. Aufgrund der Verz\u00f6gerungen bei wichtigen Umsetzungselementen auf EU-Ebene hatte ich \u2013 und die ganze Bundesregierung \u2013 bereits im August eine sechsmonatige Verschiebung des Anwendungsstarts gefordert. Mit einer Verschiebung h\u00e4tten deutsche wie europ\u00e4ische Unternehmen und Betriebe wie auch die Mitgliedstaaten und Produktionsl\u00e4nder Zeit, sich angemessen auf die Anwendung dieser so wichtigen Verordnung vorzubereiten.<\/p>\n<p>Die EU-Kommission hat nun auch die lang erwarteten Erl\u00e4uterungen zur praktikablen und effizienten Anwendung der EUDR herausgegeben. Das BMEL hatte die Kommission dazu in den letzten Monaten intensiv beraten und etliche Vereinfachungen in der Umsetzung der EUDR erreicht. Wir werden eingehend pr\u00fcfen, ob diese Vorschl\u00e4ge auch praxistauglich umgesetzt sind.<\/p>\n<p><a href=\"https:\/\/www.frankensicht.de\/?attachment_id=8523\" rel=\"attachment wp-att-8523\"><img loading=\"lazy\" decoding=\"async\" class=\"alignnone size-medium wp-image-8523\" src=\"https:\/\/www.frankensicht.de\/wp-content\/uploads\/2015\/05\/wald1-300x225.jpg\" alt=\"\" width=\"300\" height=\"225\" srcset=\"https:\/\/www.frankensicht.de\/wp-content\/uploads\/2015\/05\/wald1-300x225.jpg 300w, https:\/\/www.frankensicht.de\/wp-content\/uploads\/2015\/05\/wald1.jpg 640w\" sizes=\"auto, (max-width: 300px) 100vw, 300px\" \/><\/a><\/p>\n<p>Neben den technischen Voraussetzungen will die EU-Kommission auch die Einstufung in Risikoklassen vornehmen. Hier m\u00f6chte ich noch einmal klarstellen: Deutschland ist ein Niedrig-Risikoland und muss auch als solches eingestuft werden.<\/p>\n<p>Die Verordnung selber muss in dem nun zur Verschiebung des Anwendungsstarts vorgesehenen Gesetzgebungsverfahren unangetastet bleiben. Das ist meine klare Position, das ist auch die Position der EU-Kommission. Die EUDR ist und bleibt ein Meilenstein im internationalen Waldschutz und muss umgesetzt werden \u2013 damit die W\u00e4lder weltweit erhalten bleiben anstatt immer weiter f\u00fcr unseren Konsum abgeholzt zu werden.<\/p>\n<p>Mit einer jetzt reibungslosen Umsetzung kann die EU-Kommission verloren gegangenes Vertrauen wiederherstellen und Akzeptanz f\u00fcr die Verordnung schaffen \u2013 bei unseren Unternehmen, bei Verbraucherinnen und Verbrauchern und weltweit bei den Produzentinnen und Produzenten von beispielsweise Kaffee, Kakao oder Holz.<\/p>\n<p>Quelle:bmel.bund.de<\/p>\n","protected":false},"excerpt":{"rendered":"<p>Berlin: \u00d6zdemir begr\u00fc\u00dft Verschiebung der EUDR Inhaltlich bleibt Richtlinie unangetastet Zur Ank\u00fcndigung der EU-Kommission, die Verordnung f\u00fcr entwaldungsfreie Produkte (EUDR) verschieben zu wollen, k\u00f6nnen Sie den Bundesminister f\u00fcr Ern\u00e4hrung und Landwirtschaft, Cem \u00d6zdemir, wie folgt zitieren: \u201eIch begr\u00fc\u00dfe, dass die EU-Kommission unserem Ansinnen nachgegeben hat und den Anwendungsstart der EU-Verordnung f\u00fcr entwaldungsfreie Produkte (EUDR) um [&hellip;]<\/p>\n","protected":false},"author":7,"featured_media":8523,"comment_status":"closed","ping_status":"open","sticky":false,"template":"","format":"standard","meta":{"footnotes":""},"categories":[44,75,3],"tags":[4401],"class_list":["post-17035","post","type-post","status-publish","format-standard","has-post-thumbnail","hentry","category-deutschland-2","category-europa-2","category-news","tag-eudr"],"_links":{"self":[{"href":"https:\/\/www.frankensicht.de\/index.php?rest_route=\/wp\/v2\/posts\/17035","targetHints":{"allow":["GET"]}}],"collection":[{"href":"https:\/\/www.frankensicht.de\/index.php?rest_route=\/wp\/v2\/posts"}],"about":[{"href":"https:\/\/www.frankensicht.de\/index.php?rest_route=\/wp\/v2\/types\/post"}],"author":[{"embeddable":true,"href":"https:\/\/www.frankensicht.de\/index.php?rest_route=\/wp\/v2\/users\/7"}],"replies":[{"embeddable":true,"href":"https:\/\/www.frankensicht.de\/index.php?rest_route=%2Fwp%2Fv2%2Fcomments&post=17035"}],"version-history":[{"count":1,"href":"https:\/\/www.frankensicht.de\/index.php?rest_route=\/wp\/v2\/posts\/17035\/revisions"}],"predecessor-version":[{"id":17036,"href":"https:\/\/www.frankensicht.de\/index.php?rest_route=\/wp\/v2\/posts\/17035\/revisions\/17036"}],"wp:featuredmedia":[{"embeddable":true,"href":"https:\/\/www.frankensicht.de\/index.php?rest_route=\/wp\/v2\/media\/8523"}],"wp:attachment":[{"href":"https:\/\/www.frankensicht.de\/index.php?rest_route=%2Fwp%2Fv2%2Fmedia&parent=17035"}],"wp:term":[{"taxonomy":"category","embeddable":true,"href":"https:\/\/www.frankensicht.de\/index.php?rest_route=%2Fwp%2Fv2%2Fcategories&post=17035"},{"taxonomy":"post_tag","embeddable":true,"href":"https:\/\/www.frankensicht.de\/index.php?rest_route=%2Fwp%2Fv2%2Ftags&post=17035"}],"curies":[{"name":"wp","href":"https:\/\/api.w.org\/{rel}","templated":true}]}}