{"id":17033,"date":"2024-10-04T08:29:27","date_gmt":"2024-10-04T06:29:27","guid":{"rendered":"https:\/\/www.frankensicht.de\/?p=17033"},"modified":"2024-10-04T08:29:27","modified_gmt":"2024-10-04T06:29:27","slug":"bayerns-energieminister-hubert-aiwanger-besucht-agri-pv-pilotprojekt-im-landkreis-landshut","status":"publish","type":"post","link":"https:\/\/www.frankensicht.de\/?p=17033","title":{"rendered":"Bayerns Energieminister Hubert Aiwanger besucht Agri-PV-Pilotprojekt im Landkreis Landshut"},"content":{"rendered":"<p><span style=\"color: #ff0000;\">M\u00fcnchen &#8211; Landshut:<\/span><\/p>\n<p>Bayerns Energieminister Hubert Aiwanger besucht Agri-PV-Pilotprojekt im Landkreis Landshut<\/p>\n<p><a href=\"https:\/\/www.frankensicht.de\/?attachment_id=4796\" rel=\"attachment wp-att-4796\"><img loading=\"lazy\" decoding=\"async\" class=\"alignnone size-medium wp-image-4796\" src=\"https:\/\/www.frankensicht.de\/wp-content\/uploads\/2012\/12\/steckdose1-300x225.jpg\" alt=\"\" width=\"300\" height=\"225\" srcset=\"https:\/\/www.frankensicht.de\/wp-content\/uploads\/2012\/12\/steckdose1-300x225.jpg 300w, https:\/\/www.frankensicht.de\/wp-content\/uploads\/2012\/12\/steckdose1.jpg 640w\" sizes=\"auto, (max-width: 300px) 100vw, 300px\" \/><\/a><\/p>\n<p>Aiwanger: &#8222;Die Agri-PV &#8211; Anlage hier in Deutenkofen hat Vorbildcharakter f\u00fcr alle Projekte, die PV mit Obstbau kombinieren wollen&#8220; Energieminister besucht Agri-PV-Anlage in Deutenkofen \u00a0\u00a0Download DEUTENKOFEN\u00a0 Zum Ausklang der zweiten 2. Bayerischen Energietage von 21. bis 29. September hat Bayerns Energieminister Hubert Aiwanger ein Pilotprojekt im Bereich Agri-PV mit Obstanbau besucht.\u00a0Das Projekt im Landkreis Landshut\u00a0zeigt, wie Landwirtschaft und erneuerbare Energien effizient Hand in Hand gehen k\u00f6nnen. \u201eHier in Deutenkofen werden \u00c4pfel regional angebaut und gleichzeitig erneuerbarer Strom f\u00fcr die K\u00fchlung und Ernte erzeugt. Das ist ein hervorragendes Beispiel daf\u00fcr, wie man zwei essenzielle Bereiche unserer Zukunft \u2013 die Landwirtschaft und die Energieversorgung \u2013 intelligent miteinander kombiniert,\u201c so Aiwanger. &#8222;Die PV-Anlagen bieten nicht nur eine nachhaltige Energiequelle, sie sch\u00fctzen die Apfelb\u00e4ume gleichzeitig vor Hagel, Starkregen sowie vor den zunehmend intensiveren UV-Strahlen und hohen Temperaturen. Viele Apfelsorten leiden unter den gestiegenen Temperaturen, sodass die PV-Anlagen hier einen nat\u00fcrlichen Schutz bieten. Au\u00dferdem ist die Verdunstungsrate des Wassers geringer, sodass die Landwirte weniger bew\u00e4ssern m\u00fcssen.\u00a0Die Anlage in Deutenkofen hat Vorbildcharakter f\u00fcr alle Projekte, die PV mit Obstbau kombinieren wollen&#8220;, betont der Minister. \u00a0 \u00a0 Die kombinierte Nutzung von Anbau und Stromerzeugung bietet enormes Potenzial, sowohl die Fl\u00e4chenkonkurrenz zwischen Energieproduktion und Landwirtschaft zu entsch\u00e4rfen, als auch den negativen Folgen des Klimawandels auf die Landwirtschaft entgegenzuwirken. Die Anlage in Deutenkofen erstreckt sich \u00fcber eine Fl\u00e4che von fast 500 Quadratmeter. Ihre Gesamtleistung bel\u00e4uft sich auf 99 Kilowatt. Getestet werden derzeit zwei verschiedene Module, um den Einfluss der Verschattung auf die darunterliegenden Apfelplantagen zu erforschen. Deren Lichttransparenz liegt bei 40 bzw. 50 Prozent.\u00a0\u00a0 \u00a0 Bayern ist bundesweit Vorreiter bei der Nutzung von Photovoltaik. Bis Ende Juli 2024 waren in Bayern knapp eine Million PV-Anlagen mit einer Gesamtleistung von rund 25 Gigawatt installiert.<\/p>\n<p>Quelle:stmwi.bayern.de<\/p>\n","protected":false},"excerpt":{"rendered":"<p>M\u00fcnchen &#8211; Landshut: Bayerns Energieminister Hubert Aiwanger besucht Agri-PV-Pilotprojekt im Landkreis Landshut Aiwanger: &#8222;Die Agri-PV &#8211; Anlage hier in Deutenkofen hat Vorbildcharakter f\u00fcr alle Projekte, die PV mit Obstbau kombinieren wollen&#8220; Energieminister besucht Agri-PV-Anlage in Deutenkofen \u00a0\u00a0Download DEUTENKOFEN\u00a0 Zum Ausklang der zweiten 2. Bayerischen Energietage von 21. bis 29. September hat Bayerns Energieminister Hubert Aiwanger [&hellip;]<\/p>\n","protected":false},"author":7,"featured_media":4796,"comment_status":"closed","ping_status":"open","sticky":false,"template":"","format":"standard","meta":{"footnotes":""},"categories":[78,71],"tags":[4400],"class_list":["post-17033","post","type-post","status-publish","format-standard","has-post-thumbnail","hentry","category-bayern","category-menue","tag-agrip-pv-anlage"],"_links":{"self":[{"href":"https:\/\/www.frankensicht.de\/index.php?rest_route=\/wp\/v2\/posts\/17033","targetHints":{"allow":["GET"]}}],"collection":[{"href":"https:\/\/www.frankensicht.de\/index.php?rest_route=\/wp\/v2\/posts"}],"about":[{"href":"https:\/\/www.frankensicht.de\/index.php?rest_route=\/wp\/v2\/types\/post"}],"author":[{"embeddable":true,"href":"https:\/\/www.frankensicht.de\/index.php?rest_route=\/wp\/v2\/users\/7"}],"replies":[{"embeddable":true,"href":"https:\/\/www.frankensicht.de\/index.php?rest_route=%2Fwp%2Fv2%2Fcomments&post=17033"}],"version-history":[{"count":1,"href":"https:\/\/www.frankensicht.de\/index.php?rest_route=\/wp\/v2\/posts\/17033\/revisions"}],"predecessor-version":[{"id":17034,"href":"https:\/\/www.frankensicht.de\/index.php?rest_route=\/wp\/v2\/posts\/17033\/revisions\/17034"}],"wp:featuredmedia":[{"embeddable":true,"href":"https:\/\/www.frankensicht.de\/index.php?rest_route=\/wp\/v2\/media\/4796"}],"wp:attachment":[{"href":"https:\/\/www.frankensicht.de\/index.php?rest_route=%2Fwp%2Fv2%2Fmedia&parent=17033"}],"wp:term":[{"taxonomy":"category","embeddable":true,"href":"https:\/\/www.frankensicht.de\/index.php?rest_route=%2Fwp%2Fv2%2Fcategories&post=17033"},{"taxonomy":"post_tag","embeddable":true,"href":"https:\/\/www.frankensicht.de\/index.php?rest_route=%2Fwp%2Fv2%2Ftags&post=17033"}],"curies":[{"name":"wp","href":"https:\/\/api.w.org\/{rel}","templated":true}]}}